{"id":67334,"date":"2025-02-18T11:00:58","date_gmt":"2025-02-18T09:00:58","guid":{"rendered":"https:\/\/orheifm.live\/index.php\/2025\/02\/18\/fostul-militar-spaniol-condamnat-la-42-de-ani-pentru-omorul-unei-moldovence\/"},"modified":"2025-02-18T11:00:58","modified_gmt":"2025-02-18T09:00:58","slug":"fostul-militar-spaniol-condamnat-la-42-de-ani-pentru-omorul-unei-moldovence","status":"publish","type":"post","link":"https:\/\/orheifm.live\/index.php\/2025\/02\/18\/fostul-militar-spaniol-condamnat-la-42-de-ani-pentru-omorul-unei-moldovence\/","title":{"rendered":"Fostul militar spaniol, condamnat la 42 de ani pentru omorul unei moldovence"},"content":{"rendered":"<div>\n<p><strong>Fostul militar spaniol, \u00een v\u00e2rst\u0103 de 37 de ani, care \u00een martie 2023 a omor\u00e2t cu o brutalitate \u00eenfior\u0103toare o prostituat\u0103 din Republica Moldova, a fost condamnat la o pedeaps\u0103 de 42 de ani de \u00eenchisoare. Incidentul a avut loc \u00een ora\u0219ul Oviedo din nordul Spaniei, unde b\u0103rbatul a contactat victima, o moldoveanc\u0103 de 44 de ani care presteaz\u0103 servicii sexuale contra cost, \u0219i i-a spus c\u0103 inten\u021bioneaz\u0103 s\u0103 o viziteze.<\/strong><\/p>\n<p>Ajuns \u00een apartament, individul a atacat-o pe femeie, leg\u00e2nd-o de pat, \u0219i a continuat s\u0103 o abuzeze sexual \u00eentr-o manier\u0103 extrem de perver\u0219\u0103. Dup\u0103 comiterea actelor de viol, b\u0103rbatul a sufocat-o pe victim\u0103, provoc\u00e2ndu-i moartea.<\/p>\n<p>Dup\u0103 ancheta desf\u0103\u0219urat\u0103, instan\u021ba spaniol\u0103 a decis condamnarea b\u0103rbatului la 30 de ani de \u00eenchisoare pentru omor \u0219i 12 ani pentru viol, plus 10 ani de supraveghere post-penitenciar\u0103 dup\u0103 isp\u0103\u0219irea pedepsei. \u00cen plus, acesta va trebui s\u0103 achite mamei victimei suma de 200.000 de euro drept desp\u0103gubiri pentru prejudiciul moral cauzat de crima sa.<\/p>\n<\/div>\n","protected":false},"excerpt":{"rendered":"<div><img loading=\"lazy\" decoding=\"async\" width=\"670\" height=\"446\" src=\"https:\/\/canal5.md\/wp-content\/uploads\/2025\/02\/spania-doua-prostituate-romance-se-tem-sa-nu-ajunga-ca-florina-femeia-gasita-moarta_00982600-optimized.webp\" class=\"attachment-large size-large wp-post-image\" alt=\"\" srcset=\"https:\/\/canal5.md\/wp-content\/uploads\/2025\/02\/spania-doua-prostituate-romance-se-tem-sa-nu-ajunga-ca-florina-femeia-gasita-moarta_00982600-optimized.webp 670w, https:\/\/canal5.md\/wp-content\/uploads\/2025\/02\/spania-doua-prostituate-romance-se-tem-sa-nu-ajunga-ca-florina-femeia-gasita-moarta_00982600-300x200-optimized.webp 300w\">Fostul militar spaniol, \u00een v\u00e2rst\u0103 de 37 de ani, care \u00een martie 2023 a omor\u00e2t cu o brutalitate \u00eenfior\u0103toare o prostituat\u0103 din Republica Moldova, a fost condamnat la o pedeaps\u0103 de 42 de ani de \u00eenchisoare. Incidentul a avut loc \u00een ora\u0219ul Oviedo din nordul Spaniei, unde b\u0103rbatul a contactat victima, o moldoveanc\u0103 de 44 [\u2026]<\/div>\n","protected":false},"author":1,"featured_media":67335,"comment_status":"closed","ping_status":"closed","sticky":false,"template":"","format":"standard","meta":{"jnews-multi-image_gallery":[],"jnews_single_post":[],"jnews_primary_category":[],"jnews_social_meta":[],"jnews_override_counter":[],"footnotes":""},"categories":[30],"tags":[],"class_list":["post-67334","post","type-post","status-publish","format-standard","has-post-thumbnail","hentry","category-social_ro"],"_links":{"self":[{"href":"https:\/\/orheifm.live\/index.php\/wp-json\/wp\/v2\/posts\/67334","targetHints":{"allow":["GET"]}}],"collection":[{"href":"https:\/\/orheifm.live\/index.php\/wp-json\/wp\/v2\/posts"}],"about":[{"href":"https:\/\/orheifm.live\/index.php\/wp-json\/wp\/v2\/types\/post"}],"author":[{"embeddable":true,"href":"https:\/\/orheifm.live\/index.php\/wp-json\/wp\/v2\/users\/1"}],"replies":[{"embeddable":true,"href":"https:\/\/orheifm.live\/index.php\/wp-json\/wp\/v2\/comments?post=67334"}],"version-history":[{"count":0,"href":"https:\/\/orheifm.live\/index.php\/wp-json\/wp\/v2\/posts\/67334\/revisions"}],"wp:featuredmedia":[{"embeddable":true,"href":"https:\/\/orheifm.live\/index.php\/wp-json\/wp\/v2\/media\/67335"}],"wp:attachment":[{"href":"https:\/\/orheifm.live\/index.php\/wp-json\/wp\/v2\/media?parent=67334"}],"wp:term":[{"taxonomy":"category","embeddable":true,"href":"https:\/\/orheifm.live\/index.php\/wp-json\/wp\/v2\/categories?post=67334"},{"taxonomy":"post_tag","embeddable":true,"href":"https:\/\/orheifm.live\/index.php\/wp-json\/wp\/v2\/tags?post=67334"}],"curies":[{"name":"wp","href":"https:\/\/api.w.org\/{rel}","templated":true}]}}