{"id":67332,"date":"2025-02-18T10:40:56","date_gmt":"2025-02-18T08:40:56","guid":{"rendered":"https:\/\/orheifm.live\/index.php\/2025\/02\/18\/barbat-din-ocnita-gasit-mort-din-cauza-hipotermiei\/"},"modified":"2025-02-18T10:40:56","modified_gmt":"2025-02-18T08:40:56","slug":"barbat-din-ocnita-gasit-mort-din-cauza-hipotermiei","status":"publish","type":"post","link":"https:\/\/orheifm.live\/index.php\/2025\/02\/18\/barbat-din-ocnita-gasit-mort-din-cauza-hipotermiei\/","title":{"rendered":"B\u0103rbat din ocni\u021ba g\u0103sit mort din cauza hipotermiei"},"content":{"rendered":"<div>\n<p><strong>Un b\u0103rbat de 63 de ani din Ocni\u021ba a decedat din cauza hipotermiei, iar trupul s\u0103u a fost descoperit de poli\u021bie. Potrivit ofi\u021berului de pres\u0103 al IP Ocni\u021ba, Svetlana Talp\u0103, pe 16 februarie, \u00een jurul orei 17:46, un localnic a anun\u021bat dispari\u021bia vecinului s\u0103u, b\u0103rbatul de 63 de ani, despre care nu mai avea nicio veste de ceva timp.<\/strong><\/p>\n<p>La fa\u021ba locului, poli\u021bi\u0219tii au g\u0103sit corpul ne\u00eensufle\u021bit al b\u0103rbatului. Primele cercet\u0103ri indic\u0103 faptul c\u0103 decesul ar fi fost cauzat de hipotermie. Cadavrul a fost transportat pentru expertiza medico-legal\u0103, \u00een vederea stabilirii cauzei exacte a mor\u021bii.<\/p>\n<p>\u00cen acest caz, a fost deschis\u0103 o anchet\u0103 pentru a clarifica toate circumstan\u021bele care au dus la deces. Poli\u021bia continu\u0103 investiga\u021biile.<\/p>\n<\/div>\n","protected":false},"excerpt":{"rendered":"<div><img loading=\"lazy\" decoding=\"async\" width=\"696\" height=\"392\" src=\"https:\/\/canal5.md\/wp-content\/uploads\/2025\/02\/df77f5eaab1008868b07a61fb8e9ebd3-optimized.jpg\" class=\"attachment-large size-large wp-post-image\" alt=\"\" srcset=\"https:\/\/canal5.md\/wp-content\/uploads\/2025\/02\/df77f5eaab1008868b07a61fb8e9ebd3-optimized.jpg 798w, https:\/\/canal5.md\/wp-content\/uploads\/2025\/02\/df77f5eaab1008868b07a61fb8e9ebd3-300x169-optimized.jpg 300w, https:\/\/canal5.md\/wp-content\/uploads\/2025\/02\/df77f5eaab1008868b07a61fb8e9ebd3-768x433-optimized.jpg 768w, https:\/\/canal5.md\/wp-content\/uploads\/2025\/02\/df77f5eaab1008868b07a61fb8e9ebd3-696x392-optimized.jpg 696w\">Un b\u0103rbat de 63 de ani din Ocni\u021ba a decedat din cauza hipotermiei, iar trupul s\u0103u a fost descoperit de poli\u021bie. Potrivit ofi\u021berului de pres\u0103 al IP Ocni\u021ba, Svetlana Talp\u0103, pe 16 februarie, \u00een jurul orei 17:46, un localnic a anun\u021bat dispari\u021bia vecinului s\u0103u, b\u0103rbatul de 63 de ani, despre care nu mai avea nicio [\u2026]<\/div>\n","protected":false},"author":1,"featured_media":67333,"comment_status":"closed","ping_status":"closed","sticky":false,"template":"","format":"standard","meta":{"jnews-multi-image_gallery":[],"jnews_single_post":[],"jnews_primary_category":[],"jnews_social_meta":[],"jnews_override_counter":[],"footnotes":""},"categories":[30],"tags":[],"class_list":["post-67332","post","type-post","status-publish","format-standard","has-post-thumbnail","hentry","category-social_ro"],"_links":{"self":[{"href":"https:\/\/orheifm.live\/index.php\/wp-json\/wp\/v2\/posts\/67332","targetHints":{"allow":["GET"]}}],"collection":[{"href":"https:\/\/orheifm.live\/index.php\/wp-json\/wp\/v2\/posts"}],"about":[{"href":"https:\/\/orheifm.live\/index.php\/wp-json\/wp\/v2\/types\/post"}],"author":[{"embeddable":true,"href":"https:\/\/orheifm.live\/index.php\/wp-json\/wp\/v2\/users\/1"}],"replies":[{"embeddable":true,"href":"https:\/\/orheifm.live\/index.php\/wp-json\/wp\/v2\/comments?post=67332"}],"version-history":[{"count":0,"href":"https:\/\/orheifm.live\/index.php\/wp-json\/wp\/v2\/posts\/67332\/revisions"}],"wp:featuredmedia":[{"embeddable":true,"href":"https:\/\/orheifm.live\/index.php\/wp-json\/wp\/v2\/media\/67333"}],"wp:attachment":[{"href":"https:\/\/orheifm.live\/index.php\/wp-json\/wp\/v2\/media?parent=67332"}],"wp:term":[{"taxonomy":"category","embeddable":true,"href":"https:\/\/orheifm.live\/index.php\/wp-json\/wp\/v2\/categories?post=67332"},{"taxonomy":"post_tag","embeddable":true,"href":"https:\/\/orheifm.live\/index.php\/wp-json\/wp\/v2\/tags?post=67332"}],"curies":[{"name":"wp","href":"https:\/\/api.w.org\/{rel}","templated":true}]}}