{"id":67326,"date":"2025-02-18T09:42:52","date_gmt":"2025-02-18T07:42:52","guid":{"rendered":"https:\/\/orheifm.live\/index.php\/2025\/02\/18\/intreruperea-furnizarii-energiei-electrice-in-chisinau-si-alte-localitati-pe-18-februarie\/"},"modified":"2025-02-18T09:42:52","modified_gmt":"2025-02-18T07:42:52","slug":"intreruperea-furnizarii-energiei-electrice-in-chisinau-si-alte-localitati-pe-18-februarie","status":"publish","type":"post","link":"https:\/\/orheifm.live\/index.php\/2025\/02\/18\/intreruperea-furnizarii-energiei-electrice-in-chisinau-si-alte-localitati-pe-18-februarie\/","title":{"rendered":"\u00centreruperea furniz\u0103rii energiei electrice \u00een chi\u0219in\u0103u \u0219i alte localit\u0103\u021bi pe 18 februarie"},"content":{"rendered":"<div>\n<p><strong>Pe 18 februarie 2025, Premier Energy Distribution va efectua lucr\u0103ri de \u00eentre\u021binere \u0219i modernizare \u00een Chi\u0219in\u0103u \u0219i \u00een mai multe localit\u0103\u021bi din \u021bar\u0103, iar din aceast\u0103 cauz\u0103 va exista o \u00eentrerupere temporar\u0103 a furniz\u0103rii energiei electrice \u00een urm\u0103toarele loca\u021bii:<\/strong><\/p>\n<p><strong>Chi\u0219in\u0103u:<\/strong><\/p>\n<ul>\n<li>Str. Vasile Alecsandri, 102-108, 126-134<\/li>\n<li>Str. Vlaicu P\u00eerc\u0103lab, 15-17, 19-21<\/li>\n<li>Str. Decebal, 45-55<\/li>\n<li>Str. Albi\u0219oara, 21, 25, 31<\/li>\n<li>Str. Alecu Russo, 2-8<\/li>\n<\/ul>\n<p><strong>Sectoare ale Chi\u0219in\u0103ului:<\/strong><\/p>\n<ul>\n<li>Sectorul Buiucani, str\u0103zile: N. Titulescu, I. Creang\u0103<\/li>\n<li>Sectorul R\u00ee\u0219cani, str\u0103zile: Calea Iesilor, Str\u0103ule\u0219ti<\/li>\n<\/ul>\n<p><strong>Localit\u0103\u021bi din \u021bar\u0103:<\/strong><\/p>\n<ul>\n<li>\u00cen localit\u0103\u021bile din raionul Ialoveni \u0219i Str\u0103\u0219eni<\/li>\n<li>\u00cen localit\u0103\u021bile din raionul Anenii Noi<\/li>\n<\/ul>\n<p>Pentru detalii suplimentare \u0219i actualiz\u0103ri, clien\u021bii pot contacta Serviciul Suport Clien\u021bi la 022-43-11-11.<\/p>\n<\/div>\n","protected":false},"excerpt":{"rendered":"<div><img loading=\"lazy\" decoding=\"async\" width=\"696\" height=\"392\" src=\"https:\/\/canal5.md\/wp-content\/uploads\/2025\/02\/d19903419ac746dce1e620fa3c1f3cfa-optimized.jpg\" class=\"attachment-large size-large wp-post-image\" alt=\"\" srcset=\"https:\/\/canal5.md\/wp-content\/uploads\/2025\/02\/d19903419ac746dce1e620fa3c1f3cfa-optimized.jpg 759w, https:\/\/canal5.md\/wp-content\/uploads\/2025\/02\/d19903419ac746dce1e620fa3c1f3cfa-300x169-optimized.jpg 300w, https:\/\/canal5.md\/wp-content\/uploads\/2025\/02\/d19903419ac746dce1e620fa3c1f3cfa-696x392-optimized.jpg 696w\">Pe 18 februarie 2025, Premier Energy Distribution va efectua lucr\u0103ri de \u00eentre\u021binere \u0219i modernizare \u00een Chi\u0219in\u0103u \u0219i \u00een mai multe localit\u0103\u021bi din \u021bar\u0103, iar din aceast\u0103 cauz\u0103 va exista o \u00eentrerupere temporar\u0103 a furniz\u0103rii energiei electrice \u00een urm\u0103toarele loca\u021bii: Chi\u0219in\u0103u: Str. Vasile Alecsandri, 102-108, 126-134 Str. Vlaicu P\u00eerc\u0103lab, 15-17, 19-21 Str. Decebal, 45-55 Str. Albi\u0219oara, [\u2026]<\/div>\n","protected":false},"author":1,"featured_media":67327,"comment_status":"closed","ping_status":"closed","sticky":false,"template":"","format":"standard","meta":{"jnews-multi-image_gallery":[],"jnews_single_post":[],"jnews_primary_category":[],"jnews_social_meta":[],"jnews_override_counter":[],"footnotes":""},"categories":[30],"tags":[],"class_list":["post-67326","post","type-post","status-publish","format-standard","has-post-thumbnail","hentry","category-social_ro"],"_links":{"self":[{"href":"https:\/\/orheifm.live\/index.php\/wp-json\/wp\/v2\/posts\/67326","targetHints":{"allow":["GET"]}}],"collection":[{"href":"https:\/\/orheifm.live\/index.php\/wp-json\/wp\/v2\/posts"}],"about":[{"href":"https:\/\/orheifm.live\/index.php\/wp-json\/wp\/v2\/types\/post"}],"author":[{"embeddable":true,"href":"https:\/\/orheifm.live\/index.php\/wp-json\/wp\/v2\/users\/1"}],"replies":[{"embeddable":true,"href":"https:\/\/orheifm.live\/index.php\/wp-json\/wp\/v2\/comments?post=67326"}],"version-history":[{"count":0,"href":"https:\/\/orheifm.live\/index.php\/wp-json\/wp\/v2\/posts\/67326\/revisions"}],"wp:featuredmedia":[{"embeddable":true,"href":"https:\/\/orheifm.live\/index.php\/wp-json\/wp\/v2\/media\/67327"}],"wp:attachment":[{"href":"https:\/\/orheifm.live\/index.php\/wp-json\/wp\/v2\/media?parent=67326"}],"wp:term":[{"taxonomy":"category","embeddable":true,"href":"https:\/\/orheifm.live\/index.php\/wp-json\/wp\/v2\/categories?post=67326"},{"taxonomy":"post_tag","embeddable":true,"href":"https:\/\/orheifm.live\/index.php\/wp-json\/wp\/v2\/tags?post=67326"}],"curies":[{"name":"wp","href":"https:\/\/api.w.org\/{rel}","templated":true}]}}