{"id":67323,"date":"2025-02-18T09:20:59","date_gmt":"2025-02-18T07:20:59","guid":{"rendered":"https:\/\/orheifm.live\/index.php\/2025\/02\/18\/cer-predominant-noros-si-frig-in-moldova-ce-temperaturi-ne-asteapta\/"},"modified":"2025-02-18T09:20:59","modified_gmt":"2025-02-18T07:20:59","slug":"cer-predominant-noros-si-frig-in-moldova-ce-temperaturi-ne-asteapta","status":"publish","type":"post","link":"https:\/\/orheifm.live\/index.php\/2025\/02\/18\/cer-predominant-noros-si-frig-in-moldova-ce-temperaturi-ne-asteapta\/","title":{"rendered":"Cer predominant noros \u0219i frig \u00een Moldova: ce temperaturi ne a\u0219teapt\u0103"},"content":{"rendered":"<div>\n<p><strong>Ast\u0103zi, vremea \u00een Moldova va fi predominant \u00eennourat\u0103, cu perioade de cer par\u021bial senin \u0219i f\u0103r\u0103 precipita\u021bii semnificative.<\/strong><\/p>\n<p>\u00cen Chi\u0219in\u0103u, temperaturile vor varia \u00eentre -9.1\u00b0C diminea\u021ba \u0219i un maxim de -1.7\u00b0C \u00een cursul dup\u0103-amiezii. Cerul va r\u0103m\u00e2ne mai mult noros, cu scurte intervale senine, iar \u0219ansele de precipita\u021bii sunt foarte reduse. Soarele a r\u0103s\u0103rit la ora 07:03 \u0219i va apune la 17:33. La pr\u00e2nz, temperatura va ajunge la aproximativ -3.1\u00b0C, urm\u00e2nd s\u0103 scad\u0103 treptat spre sear\u0103.<\/p>\n<p>Pentru m\u00e2ine, prognoza indic\u0103 o vreme similar\u0103, \u00eens\u0103 temperaturile vor fi u\u0219or mai ridicate, cu un maxim de -0.7\u00b0C \u0219i un minim nocturn de -7.1\u00b0C. Cerul va r\u0103m\u00e2ne predominant noros, f\u0103r\u0103 precipita\u021bii semnificative.<\/p>\n<p>Poim\u00e2ine, norii vor continua s\u0103 acopere cerul \u00een Chi\u0219in\u0103u, iar temperaturile se vor men\u021bine sc\u0103zute, cu maxime de -1.5\u00b0C \u0219i minime de -6.4\u00b0C pe timpul nop\u021bii. Condi\u021biile meteo generale vor r\u0103m\u00e2ne stabile, f\u0103r\u0103 schimb\u0103ri majore sau precipita\u021bii notabile.<\/p>\n<\/div>\n","protected":false},"excerpt":{"rendered":"<div><img loading=\"lazy\" decoding=\"async\" width=\"696\" height=\"392\" src=\"https:\/\/canal5.md\/wp-content\/uploads\/2025\/02\/cum-va-fi-vremea-miercuri-8-februarie-optimized.jpg.webp\" class=\"attachment-large size-large wp-post-image\" alt=\"\" srcset=\"https:\/\/canal5.md\/wp-content\/uploads\/2025\/02\/cum-va-fi-vremea-miercuri-8-februarie-optimized.jpg.webp 750w, https:\/\/canal5.md\/wp-content\/uploads\/2025\/02\/cum-va-fi-vremea-miercuri-8-februarie-optimized.jpg-300x169.webp 300w, https:\/\/canal5.md\/wp-content\/uploads\/2025\/02\/cum-va-fi-vremea-miercuri-8-februarie-optimized.jpg-696x392.webp 696w\">Ast\u0103zi, vremea \u00een Moldova va fi predominant \u00eennourat\u0103, cu perioade de cer par\u021bial senin \u0219i f\u0103r\u0103 precipita\u021bii semnificative. \u00cen Chi\u0219in\u0103u, temperaturile vor varia \u00eentre -9.1\u00b0C diminea\u021ba \u0219i un maxim de -1.7\u00b0C \u00een cursul dup\u0103-amiezii. Cerul va r\u0103m\u00e2ne mai mult noros, cu scurte intervale senine, iar \u0219ansele de precipita\u021bii sunt foarte reduse. Soarele a r\u0103s\u0103rit la [\u2026]<\/div>\n","protected":false},"author":1,"featured_media":0,"comment_status":"closed","ping_status":"closed","sticky":false,"template":"","format":"standard","meta":{"jnews-multi-image_gallery":[],"jnews_single_post":[],"jnews_primary_category":[],"jnews_social_meta":[],"jnews_override_counter":[],"footnotes":""},"categories":[30],"tags":[],"class_list":["post-67323","post","type-post","status-publish","format-standard","hentry","category-social_ro"],"_links":{"self":[{"href":"https:\/\/orheifm.live\/index.php\/wp-json\/wp\/v2\/posts\/67323","targetHints":{"allow":["GET"]}}],"collection":[{"href":"https:\/\/orheifm.live\/index.php\/wp-json\/wp\/v2\/posts"}],"about":[{"href":"https:\/\/orheifm.live\/index.php\/wp-json\/wp\/v2\/types\/post"}],"author":[{"embeddable":true,"href":"https:\/\/orheifm.live\/index.php\/wp-json\/wp\/v2\/users\/1"}],"replies":[{"embeddable":true,"href":"https:\/\/orheifm.live\/index.php\/wp-json\/wp\/v2\/comments?post=67323"}],"version-history":[{"count":0,"href":"https:\/\/orheifm.live\/index.php\/wp-json\/wp\/v2\/posts\/67323\/revisions"}],"wp:attachment":[{"href":"https:\/\/orheifm.live\/index.php\/wp-json\/wp\/v2\/media?parent=67323"}],"wp:term":[{"taxonomy":"category","embeddable":true,"href":"https:\/\/orheifm.live\/index.php\/wp-json\/wp\/v2\/categories?post=67323"},{"taxonomy":"post_tag","embeddable":true,"href":"https:\/\/orheifm.live\/index.php\/wp-json\/wp\/v2\/tags?post=67323"}],"curies":[{"name":"wp","href":"https:\/\/api.w.org\/{rel}","templated":true}]}}