{"id":67318,"date":"2025-02-17T23:03:27","date_gmt":"2025-02-17T21:03:27","guid":{"rendered":"https:\/\/orheifm.live\/index.php\/2025\/02\/17\/cutremur-la-arad-luni-seara-seismul-s-a-produs-la-o-adancime-de-doar-2-kilometri\/"},"modified":"2025-02-17T23:03:27","modified_gmt":"2025-02-17T21:03:27","slug":"cutremur-la-arad-luni-seara-seismul-s-a-produs-la-o-adancime-de-doar-2-kilometri","status":"publish","type":"post","link":"https:\/\/orheifm.live\/index.php\/2025\/02\/17\/cutremur-la-arad-luni-seara-seismul-s-a-produs-la-o-adancime-de-doar-2-kilometri\/","title":{"rendered":"Cutremur la Arad luni seara. Seismul s-a produs la o ad\u00e2ncime de doar 2 kilometri"},"content":{"rendered":"<div>\n<p><strong>Un cutremur de p\u0103m\u00e2nt cu magnitudinea de 3,2 a avut loc luni seara \u00een zona Arad, la o ad\u00e2ncime de doar 2 kilometri, anun\u021b\u0103 Institutul Na\u021bional de Cercetare-Dezvoltare pentru Fizica a P\u0103m\u00e2ntului INCDFP).<\/strong><\/p>\n<p>\u201e\u00cen ziua de 17 Februarie 2025, la ora 21:35:59 (ora local\u0103 a Rom\u00e2niei), s-a produs \u00een CRISANA, ARAD un cutremur slab cu magnitudinea ml 3.2, la ad\u00e2ncimea de 2.0 km\u201d, a transmis INFP.<\/p>\n<p>Cutremurul s-a produs \u00een apropierea urm\u0103toarelor ora\u015fe: 48 km NE de Arad, 59 km SE de Bekescsaba, 66 km S de Oradea, 89 km NE de Timi\u015foara.<\/p>\n<p>De la \u00eenceputul lunii februarie, \u00een Rom\u00e2nia s-au produs 9 cutremure cu magnitudini cuprinse \u00eentre 2,4 \u015fi 4,4. Cel mai important cutremur din 2024, cu o magnitudine de 5,4, a avut loc \u00een jude\u0163ul Buz\u0103u \u00een data de 16 septembrie.<\/p>\n<p><a href=\"https:\/\/www.digi24.ro\/stiri\/cutremur-la-arad-luni-seara-seismul-s-a-produs-la-o-adancime-de-doar-2-kilometri-3125023\">digi24.ro<\/a><\/p>\n<\/div>\n","protected":false},"excerpt":{"rendered":"<div><img loading=\"lazy\" decoding=\"async\" width=\"696\" height=\"393\" src=\"https:\/\/canal5.md\/wp-content\/uploads\/2025\/02\/jmg9ndqwjmhhc2g9nzbjnmjjndg2nwi2mdg0nzq0ztc5mzbkndezmdezodi.thumb_-optimized.jpg\" class=\"attachment-large size-large wp-post-image\" alt=\"\" srcset=\"https:\/\/canal5.md\/wp-content\/uploads\/2025\/02\/jmg9ndqwjmhhc2g9nzbjnmjjndg2nwi2mdg0nzq0ztc5mzbkndezmdezodi.thumb_-optimized.jpg 780w, https:\/\/canal5.md\/wp-content\/uploads\/2025\/02\/jmg9ndqwjmhhc2g9nzbjnmjjndg2nwi2mdg0nzq0ztc5mzbkndezmdezodi.thumb_-300x169-optimized.jpg 300w, https:\/\/canal5.md\/wp-content\/uploads\/2025\/02\/jmg9ndqwjmhhc2g9nzbjnmjjndg2nwi2mdg0nzq0ztc5mzbkndezmdezodi.thumb_-768x433-optimized.jpg 768w, https:\/\/canal5.md\/wp-content\/uploads\/2025\/02\/jmg9ndqwjmhhc2g9nzbjnmjjndg2nwi2mdg0nzq0ztc5mzbkndezmdezodi.thumb_-696x393-optimized.jpg 696w\">Un cutremur de p\u0103m\u00e2nt cu magnitudinea de 3,2 a avut loc luni seara \u00een zona Arad, la o ad\u00e2ncime de doar 2 kilometri, anun\u021b\u0103 Institutul Na\u021bional de Cercetare-Dezvoltare pentru Fizica a P\u0103m\u00e2ntului INCDFP). \u201e\u00cen ziua de 17 Februarie 2025, la ora 21:35:59 (ora local\u0103 a Rom\u00e2niei), s-a produs \u00een CRISANA, ARAD un cutremur slab cu [\u2026]<\/div>\n","protected":false},"author":1,"featured_media":67319,"comment_status":"closed","ping_status":"closed","sticky":false,"template":"","format":"standard","meta":{"jnews-multi-image_gallery":[],"jnews_single_post":[],"jnews_primary_category":[],"jnews_social_meta":[],"jnews_override_counter":[],"footnotes":""},"categories":[29],"tags":[],"class_list":["post-67318","post","type-post","status-publish","format-standard","has-post-thumbnail","hentry","category-externe_ro"],"_links":{"self":[{"href":"https:\/\/orheifm.live\/index.php\/wp-json\/wp\/v2\/posts\/67318","targetHints":{"allow":["GET"]}}],"collection":[{"href":"https:\/\/orheifm.live\/index.php\/wp-json\/wp\/v2\/posts"}],"about":[{"href":"https:\/\/orheifm.live\/index.php\/wp-json\/wp\/v2\/types\/post"}],"author":[{"embeddable":true,"href":"https:\/\/orheifm.live\/index.php\/wp-json\/wp\/v2\/users\/1"}],"replies":[{"embeddable":true,"href":"https:\/\/orheifm.live\/index.php\/wp-json\/wp\/v2\/comments?post=67318"}],"version-history":[{"count":0,"href":"https:\/\/orheifm.live\/index.php\/wp-json\/wp\/v2\/posts\/67318\/revisions"}],"wp:featuredmedia":[{"embeddable":true,"href":"https:\/\/orheifm.live\/index.php\/wp-json\/wp\/v2\/media\/67319"}],"wp:attachment":[{"href":"https:\/\/orheifm.live\/index.php\/wp-json\/wp\/v2\/media?parent=67318"}],"wp:term":[{"taxonomy":"category","embeddable":true,"href":"https:\/\/orheifm.live\/index.php\/wp-json\/wp\/v2\/categories?post=67318"},{"taxonomy":"post_tag","embeddable":true,"href":"https:\/\/orheifm.live\/index.php\/wp-json\/wp\/v2\/tags?post=67318"}],"curies":[{"name":"wp","href":"https:\/\/api.w.org\/{rel}","templated":true}]}}