{"id":67312,"date":"2025-02-17T21:16:05","date_gmt":"2025-02-17T19:16:05","guid":{"rendered":"https:\/\/orheifm.live\/index.php\/2025\/02\/17\/olesea-rudiaghina-cere-uniunii-europene-sa-intervina-pentru-a-preveni-un-razboi-civil-in-moldova-video\/"},"modified":"2025-02-17T21:16:05","modified_gmt":"2025-02-17T19:16:05","slug":"olesea-rudiaghina-cere-uniunii-europene-sa-intervina-pentru-a-preveni-un-razboi-civil-in-moldova-video","status":"publish","type":"post","link":"https:\/\/orheifm.live\/index.php\/2025\/02\/17\/olesea-rudiaghina-cere-uniunii-europene-sa-intervina-pentru-a-preveni-un-razboi-civil-in-moldova-video\/","title":{"rendered":"Olesea Rudiaghina cere Uniunii Europene s\u0103 intervin\u0103 pentru a preveni un r\u0103zboi civil \u00een Moldova |VIDEO"},"content":{"rendered":"<div>\n<p><strong>Pre\u0219edintele Asocia\u021biei Scriitorilor Ru\u0219i din Moldova, Olesea Rudiaghina a expediat o scrisoare conducerii Uniunii Europene, pre\u0219edin\u021bilor \u021b\u0103rilor fostei coali\u021bii antifasciste \u0219i ap\u0103r\u0103torilor drepturilor omului din UE. <\/strong><br \/>\n<iframe loading=\"lazy\" title=\"YouTube video player\" src=\"https:\/\/www.youtube.com\/embed\/h8_44AOept4?si=fb2GRqChPf6ynSOE\" width=\"560\" height=\"315\" frameborder=\"0\" allowfullscreen=\"allowfullscreen\"><\/iframe><br \/>\nEa cere interven\u021bia acestora pentru a \u00eempiedica \u021bara noastr\u0103 s\u0103 alunece \u00eentr-un r\u0103zboi civil teribil, la care societatea moldoveneasc\u0103 este \u00eempins\u0103 con\u0219tient de actuala conducere a republicii.<\/p>\n<p>Rudiaghina subliniaz\u0103 c\u0103, \u00een prezent, la putere \u00een Moldova se afl\u0103 indivizi care \u00eencearc\u0103 s\u0103 rescrie istoria, s\u0103 glorifice colaboratorii fasci\u0219tilor, s\u0103 \u00eenchid\u0103 Centrul Rus de \u0218tiin\u021b\u0103 \u0219i Cultur\u0103 \u0219i s\u0103 \u00eencalce drepturile fundamentale ale minorit\u0103\u021bilor na\u021bionale, ceea ce contravine \u00een totalitate normelor \u0219i valorilor europene.<\/p>\n<p>\u201eNu pot s\u0103 cred c\u0103 conducerea Uniunii Europene \u0219i \u021b\u0103rile UE, care au f\u0103cut parte din coali\u021bia antifascist\u0103, sus\u021bin acum \u00een Moldova revan\u0219i\u0219ti care glorific\u0103 complicii fascismului\u201d, scrie Olesea Rudiaghina \u00een scrisoarea sa deschis\u0103. Ea a dat ca exemplu, noul manual de istorie pentru liceeni, care a generat un scandal \u00een Moldova.<\/p>\n<p>\u201eAcesta promoveaz\u0103 figura lui Ion Antonescu, colaborator al lui Hitler, despre care Himmler \u00eensu\u0219i spunea c\u0103 era impresionat de cruzimea cu care a implementat Holocaustul evreilor \u0219i romilor! \u00cen prezent, elevilor li se propune un manual rom\u00e2nesc \u00een care faptele fascismului pe teritoriul nostru sunt prezentate ca o administrare eficient\u0103, iar Antonescu este descris ca o personalitate \u201econtroversat\u0103\u201d, dar demn\u0103 de admira\u021bie! Societatea este indignat\u0103 \u0219i cere retragerea acestui \u201emanual\u201d, care lezeaz\u0103 memoria celor care au fost tortura\u021bi \u0219i uci\u0219i de ocupa\u021bia fascist\u0103 \u00een Basarabia \u0219i din regiunile \u00eenvecinate\u201d, , a subliniat Olesea Rudiaghina.<\/p>\n<p>OLESEA RUDIAGHINA, poet\u0103, publicist\u0103 \u0219i pre\u0219edinta Asocia\u021biei Scriitorilor Ru\u0219i din Moldova<\/p>\n<p>\u201eAcesta promoveaz\u0103 figura lui Ion Antonescu, colaborator al lui Hitler, despre care Himmler \u00eensu\u0219i spunea c\u0103 era impresionat de cruzimea cu care a implementat Holocaustul evreilor \u0219i romilor! \u00cen prezent, elevilor li se propune un manual rom\u00e2nesc \u00een care faptele fascismului pe teritoriul nostru sunt prezentate ca o administrare eficient\u0103, iar Antonescu este descris ca o personalitate \u201econtroversat\u0103\u201d, dar demn\u0103 de admira\u021bie! Societatea este indignat\u0103 \u0219i cere retragerea acestui \u201emanual\u201d, care lezeaz\u0103 memoria celor care au fost tortura\u021bi \u0219i uci\u0219i de ocupa\u021bia fascist\u0103 \u00een Basarabia \u0219i din regiunile \u00eenvecinate\u201d.<\/p>\n<p>Ea mai subliniaz\u0103, de asemenea, c\u0103, \u00een prezent, \u00een Moldova se comite o \u00eenc\u0103lcare grav\u0103 a legii \u0219i a drepturilor minorit\u0103\u021bilor na\u021bionale, pentru care comisiile europene se lupt\u0103. Publicista afirm\u0103 c\u0103, \u00een manualul de istorie men\u021bionat, muncitorii \u0219i speciali\u0219tii veni\u021bi \u00een Moldova \u00een anii 1950 din \u00eentreaga Uniune Sovietic\u0103 pentru a construi fabrici, \u0219coli, gr\u0103dini\u021be, spitale \u0219i cartiere reziden\u021biale, sunt descri\u0219i cu termeni jignitori.<\/p>\n<p>Astfel, \u00een realitate, \u00een Moldova are loc o v\u00e2n\u0103toare a cet\u0103\u021benilor din genera\u021biile mai \u00een v\u00e2rst\u0103 \u0219i o distorsionare a faptelor istorice, se arat\u0103 \u00een scrisoarea deschis\u0103 a Olesei Rudiaghina. De asemenea, zilele trecute, Ministerul Afacerilor Externe a f\u0103cut un alt pas: a \u00eenchis Centrul Rus de \u0218tiin\u021b\u0103 \u0219i Cultur\u0103.<\/p>\n<p>\u201e\u00cen pere\u021bii Casei Rus\u0103 se organizau concerte, lec\u021bii, concursuri muzicale \u0219i educa\u021bionale, festivit\u0103\u021bi \u0219i premii pentru olimpiade, cursuri creative \u0219i ateliere, promov\u00e2nd realiz\u0103rile importante ale \u0219tiin\u021bei \u0219i culturii mondiale. De exemplu, \u00een anul Mihai Eminescu, poeziile marelui clasic rom\u00e2n au fost prezentate de mai multe ori pe scena Casei Rus\u0103 \u2013 at\u00e2t \u00een versuri, c\u00e2t \u0219i \u00een lucr\u0103ri muzicale.<\/p>\n<p>Ce \u201eactivit\u0103\u021bi de spionaj\u201d pretind domnii de la Ministerul de Externe \u0219i din tribunele parlamentului? Cum \u00eendr\u0103znesc s\u0103 jigneasc\u0103 cet\u0103\u021benii vorbitori de limb\u0103 rus\u0103? De ce pedepseaz\u0103 o mare parte din propriul popor, priv\u00e2ndu-i de bucuria simpl\u0103 a comunic\u0103rii \u0219i autoexprim\u0103rii?\u201d, , se men\u021bioneaz\u0103 \u00een scrisoarea deschis\u0103 a pre\u0219edintei Asocia\u021biei Scriitorilor Ru\u0219i din Moldova.<\/p>\n<p>OLESEA RUDIAGHINA, poet\u0103, publicist\u0103 \u0219i pre\u0219edinta Asocia\u021biei Scriitorilor Ru\u0219i din Moldova<\/p>\n<p>\u201e\u00cen pere\u021bii Casei Rus\u0103 se organizau concerte, lec\u021bii, concursuri muzicale \u0219i educa\u021bionale, festivit\u0103\u021bi \u0219i premii pentru olimpiade, cursuri creative \u0219i ateliere, promov\u00e2nd realiz\u0103rile importante ale \u0219tiin\u021bei \u0219i culturii mondiale. De exemplu, \u00een anul Mihai Eminescu, poeziile marelui clasic rom\u00e2n au fost prezentate de mai multe ori pe scena Casei Rus\u0103 \u2013 at\u00e2t \u00een versuri, c\u00e2t \u0219i \u00een lucr\u0103ri muzicale.<\/p>\n<p>Ce \u201eactivit\u0103\u021bi de spionaj\u201d pretind domnii de la Ministerul de Externe \u0219i din tribunele parlamentului? Cum \u00eendr\u0103znesc s\u0103 jigneasc\u0103 cet\u0103\u021benii vorbitori de limb\u0103 rus\u0103? De ce pedepseaz\u0103 o mare parte din propriul popor, priv\u00e2ndu-i de bucuria simpl\u0103 a comunic\u0103rii \u0219i autoexprim\u0103rii?\u201d<\/p>\n<p>Rudiaghina a mai ad\u0103ugat c\u0103 nu ar fi surprins\u0103 dac\u0103 autorit\u0103\u021bile moldovene\u0219ti vor introduce, \u00een cur\u00e2nd, insigne speciale pentru \u201eminorit\u0103\u021bii na\u021bionale\u201d ruse, asem\u0103n\u0103toare cu stelele galbene pe care nazi\u0219tii le puneau pe hainele evreilor \u00een timpul celui de-al Doilea R\u0103zboi Mondial sau cu triunghiurile ro\u0219ii, pe care le purtau \u021biganii trimisi \u00een lag\u0103rele de concentrare.<\/p>\n<p>Publicista cere conducerii Uniunii Europene \u0219i ap\u0103r\u0103torilor drepturilor omului s\u0103 intervin\u0103, s\u0103 apere dreptul poporului moldovean la o via\u021b\u0103 normal\u0103 \u0219i s\u0103 nu permit\u0103 ca Republica Moldova s\u0103 ajung\u0103 \u00eentr-un r\u0103zboi civil, la care societatea noastr\u0103 este \u00eempins\u0103 con\u0219tient de actuala guvernare.<\/p>\n<\/div>\n","protected":false},"excerpt":{"rendered":"<div><img loading=\"lazy\" decoding=\"async\" width=\"579\" height=\"328\" src=\"https:\/\/canal5.md\/wp-content\/uploads\/2025\/02\/blob-2-2-optimized.jpg\" class=\"attachment-large size-large wp-post-image\" alt=\"\" srcset=\"https:\/\/canal5.md\/wp-content\/uploads\/2025\/02\/blob-2-2-optimized.jpg 579w, https:\/\/canal5.md\/wp-content\/uploads\/2025\/02\/blob-2-2-300x170-optimized.jpg 300w\">Pre\u0219edintele Asocia\u021biei Scriitorilor Ru\u0219i din Moldova, Olesea Rudiaghina a expediat o scrisoare conducerii Uniunii Europene, pre\u0219edin\u021bilor \u021b\u0103rilor fostei coali\u021bii antifasciste \u0219i ap\u0103r\u0103torilor drepturilor omului din UE. Ea cere interven\u021bia acestora pentru a \u00eempiedica \u021bara noastr\u0103 s\u0103 alunece \u00eentr-un r\u0103zboi civil teribil, la care societatea moldoveneasc\u0103 este \u00eempins\u0103 con\u0219tient de actuala conducere a republicii. Rudiaghina subliniaz\u0103 [\u2026]<\/div>\n","protected":false},"author":1,"featured_media":67313,"comment_status":"closed","ping_status":"closed","sticky":false,"template":"","format":"standard","meta":{"jnews-multi-image_gallery":[],"jnews_single_post":[],"jnews_primary_category":[],"jnews_social_meta":[],"jnews_override_counter":[],"footnotes":""},"categories":[29],"tags":[],"class_list":["post-67312","post","type-post","status-publish","format-standard","has-post-thumbnail","hentry","category-externe_ro"],"_links":{"self":[{"href":"https:\/\/orheifm.live\/index.php\/wp-json\/wp\/v2\/posts\/67312","targetHints":{"allow":["GET"]}}],"collection":[{"href":"https:\/\/orheifm.live\/index.php\/wp-json\/wp\/v2\/posts"}],"about":[{"href":"https:\/\/orheifm.live\/index.php\/wp-json\/wp\/v2\/types\/post"}],"author":[{"embeddable":true,"href":"https:\/\/orheifm.live\/index.php\/wp-json\/wp\/v2\/users\/1"}],"replies":[{"embeddable":true,"href":"https:\/\/orheifm.live\/index.php\/wp-json\/wp\/v2\/comments?post=67312"}],"version-history":[{"count":0,"href":"https:\/\/orheifm.live\/index.php\/wp-json\/wp\/v2\/posts\/67312\/revisions"}],"wp:featuredmedia":[{"embeddable":true,"href":"https:\/\/orheifm.live\/index.php\/wp-json\/wp\/v2\/media\/67313"}],"wp:attachment":[{"href":"https:\/\/orheifm.live\/index.php\/wp-json\/wp\/v2\/media?parent=67312"}],"wp:term":[{"taxonomy":"category","embeddable":true,"href":"https:\/\/orheifm.live\/index.php\/wp-json\/wp\/v2\/categories?post=67312"},{"taxonomy":"post_tag","embeddable":true,"href":"https:\/\/orheifm.live\/index.php\/wp-json\/wp\/v2\/tags?post=67312"}],"curies":[{"name":"wp","href":"https:\/\/api.w.org\/{rel}","templated":true}]}}