{"id":67185,"date":"2025-02-15T00:33:36","date_gmt":"2025-02-14T22:33:36","guid":{"rendered":"https:\/\/orheifm.live\/index.php\/2025\/02\/15\/incendiu-intr-un-teatru-parizian-in-timpul-unui-spectacol-1-500-de-oameni-au-fost-evacuati\/"},"modified":"2025-02-15T00:33:36","modified_gmt":"2025-02-14T22:33:36","slug":"incendiu-intr-un-teatru-parizian-in-timpul-unui-spectacol-1-500-de-oameni-au-fost-evacuati","status":"publish","type":"post","link":"https:\/\/orheifm.live\/index.php\/2025\/02\/15\/incendiu-intr-un-teatru-parizian-in-timpul-unui-spectacol-1-500-de-oameni-au-fost-evacuati\/","title":{"rendered":"Incendiu \u00eentr-un teatru parizian, \u00een timpul unui spectacol: 1.500 de oameni au fost evacua\u021bi"},"content":{"rendered":"<div>\n<p><strong>Th\u00e9\u00e2tre des Champs-\u00c9lys\u00e9es, din arondismentul 8 al Parisului, a fost afectat de un incendiu vineri seara, \u00een jurul orei locale 20.00, \u00een plin\u0103 reprezenta\u0163ie a operei Pers\u00e9e.<\/strong><\/p>\n<p>La c\u00e2teva minute dup\u0103 \u00eenceperea spectacolului, fumul era vizibil din exteriorul cl\u0103dirii.<\/p>\n<p>Potrivit ICI Paris , incendiul \u201enu a fost grav\u201d \u015fi a izbucnit \u00eentr-o buc\u0103t\u0103rie de la subsolul celebrei cl\u0103diri.<\/p>\n<p>Spectatorii au putut s\u0103 se refugieze \u00eentr-un bar din apropiere \u201e\u00een a\u015fteptarea recuper\u0103rii bunurilor lor din interior\u201d, a declarat pentru Actu Paris primarul arondismentului 8, Jeanne d\u2019Hauteserre.<\/p>\n<p>Aproximativ 1.500 de persoane au fost evacuate. Fl\u0103c\u0103rile nu au provocat victime.<\/p>\n<p><a href=\"https:\/\/www.digi24.ro\/stiri\/externe\/ue\/incendiu-intr-un-teatru-parizian-in-timpul-unui-spectacol-1-500-de-oameni-au-fost-evacuati-3122093\"><strong>digi24.ro<\/strong><\/a><\/p>\n<\/div>\n","protected":false},"excerpt":{"rendered":"<div><img loading=\"lazy\" decoding=\"async\" width=\"696\" height=\"393\" src=\"https:\/\/canal5.md\/wp-content\/uploads\/2025\/02\/ad00ndamagfzad0xyzrkzdg0njm2nzgxoge5mzqzmguxogrjogi4yzqxmg.thumb_-optimized.jpg\" class=\"attachment-large size-large wp-post-image\" alt=\"\" srcset=\"https:\/\/canal5.md\/wp-content\/uploads\/2025\/02\/ad00ndamagfzad0xyzrkzdg0njm2nzgxoge5mzqzmguxogrjogi4yzqxmg.thumb_-optimized.jpg 780w, https:\/\/canal5.md\/wp-content\/uploads\/2025\/02\/ad00ndamagfzad0xyzrkzdg0njm2nzgxoge5mzqzmguxogrjogi4yzqxmg.thumb_-300x169-optimized.jpg 300w, https:\/\/canal5.md\/wp-content\/uploads\/2025\/02\/ad00ndamagfzad0xyzrkzdg0njm2nzgxoge5mzqzmguxogrjogi4yzqxmg.thumb_-768x433-optimized.jpg 768w, https:\/\/canal5.md\/wp-content\/uploads\/2025\/02\/ad00ndamagfzad0xyzrkzdg0njm2nzgxoge5mzqzmguxogrjogi4yzqxmg.thumb_-696x393-optimized.jpg 696w\">Th\u00e9\u00e2tre des Champs-\u00c9lys\u00e9es, din arondismentul 8 al Parisului, a fost afectat de un incendiu vineri seara, \u00een jurul orei locale 20.00, \u00een plin\u0103 reprezenta\u0163ie a operei Pers\u00e9e. La c\u00e2teva minute dup\u0103 \u00eenceperea spectacolului, fumul era vizibil din exteriorul cl\u0103dirii. Potrivit ICI Paris , incendiul \u201enu a fost grav\u201d \u015fi a izbucnit \u00eentr-o buc\u0103t\u0103rie de la [\u2026]<\/div>\n","protected":false},"author":1,"featured_media":67186,"comment_status":"closed","ping_status":"closed","sticky":false,"template":"","format":"standard","meta":{"jnews-multi-image_gallery":[],"jnews_single_post":[],"jnews_primary_category":[],"jnews_social_meta":[],"jnews_override_counter":[],"footnotes":""},"categories":[29],"tags":[],"class_list":["post-67185","post","type-post","status-publish","format-standard","has-post-thumbnail","hentry","category-externe_ro"],"_links":{"self":[{"href":"https:\/\/orheifm.live\/index.php\/wp-json\/wp\/v2\/posts\/67185","targetHints":{"allow":["GET"]}}],"collection":[{"href":"https:\/\/orheifm.live\/index.php\/wp-json\/wp\/v2\/posts"}],"about":[{"href":"https:\/\/orheifm.live\/index.php\/wp-json\/wp\/v2\/types\/post"}],"author":[{"embeddable":true,"href":"https:\/\/orheifm.live\/index.php\/wp-json\/wp\/v2\/users\/1"}],"replies":[{"embeddable":true,"href":"https:\/\/orheifm.live\/index.php\/wp-json\/wp\/v2\/comments?post=67185"}],"version-history":[{"count":0,"href":"https:\/\/orheifm.live\/index.php\/wp-json\/wp\/v2\/posts\/67185\/revisions"}],"wp:featuredmedia":[{"embeddable":true,"href":"https:\/\/orheifm.live\/index.php\/wp-json\/wp\/v2\/media\/67186"}],"wp:attachment":[{"href":"https:\/\/orheifm.live\/index.php\/wp-json\/wp\/v2\/media?parent=67185"}],"wp:term":[{"taxonomy":"category","embeddable":true,"href":"https:\/\/orheifm.live\/index.php\/wp-json\/wp\/v2\/categories?post=67185"},{"taxonomy":"post_tag","embeddable":true,"href":"https:\/\/orheifm.live\/index.php\/wp-json\/wp\/v2\/tags?post=67185"}],"curies":[{"name":"wp","href":"https:\/\/api.w.org\/{rel}","templated":true}]}}