{"id":67181,"date":"2025-02-14T22:45:33","date_gmt":"2025-02-14T20:45:33","guid":{"rendered":"https:\/\/orheifm.live\/index.php\/2025\/02\/14\/de-la-causeni-cu-dragoste-angajatii-igsu-au-salvat-de-la-inaltime-un-fazan\/"},"modified":"2025-02-14T22:45:33","modified_gmt":"2025-02-14T20:45:33","slug":"de-la-causeni-cu-dragoste-angajatii-igsu-au-salvat-de-la-inaltime-un-fazan","status":"publish","type":"post","link":"https:\/\/orheifm.live\/index.php\/2025\/02\/14\/de-la-causeni-cu-dragoste-angajatii-igsu-au-salvat-de-la-inaltime-un-fazan\/","title":{"rendered":"De la C\u0103u\u0219eni, cu dragoste. Angaja\u021bii IGSU au salvat de la \u00een\u0103l\u021bime un fazan"},"content":{"rendered":"<div>\n<p>Salvatorii din C\u0103u\u0219eni au avut o misiune important\u0103 \u00een ajun de 14 februarie, s\u0103 salveze de la \u00een\u0103l\u021bime un pui de fazan. Cazul a avut loc, potrivit jurnali\u0219tilor de la\u00a0<a href=\"https:\/\/www.studio-l.online\/localitatile-din-causeni\/causeni\/gest-de-omenie-salvatorii-din-causeni-au-salvat-de-la-inaltime-un-pui-de-fazan\/?fbclid=IwY2xjawIcMfVleHRuA2FlbQIxMQABHcLLGytnISxOjQdByiG4XJgG-yYzdg1bHejPDnTR8diIHJYMAZYZ_ckkjg_aem_5M8SJ7r6VEK1nuWMOPkKCg\" target=\"_blank\" rel=\"noopener\">studio-l.online<\/a>, pe 13 februarie \u00een centrul ora\u0219ului C\u0103u\u0219eni. Apelul la Serviciul 112 a fost recep\u021bionat la ora 12:26.<\/p>\n<p>Potrivit informa\u021biilor, fazanul a zburat pe acoperi\u0219ul unui centru comercial \u0219i st\u0103tea nemi\u0219cat. Pentru evacuarea acestuia, la fa\u021ba locului a intervenit o echip\u0103 de salvatori din cadrul DRSE C\u0103u\u0219eni. Ace\u0219tia au instalat o scar\u0103 \u0219i au urcat sus pentru a salva fazanul. \u00cen cele din urm\u0103, angaja\u021bii IGSU au transportat fazanul \u00een p\u0103durea de la marginea ora\u0219ului, loc unde \u0219i s-a luat zborul.<\/p>\n<p>Conform DRSE C\u0103u\u0219eni, de la \u00eenceputul anului 2025, salvatorii au fost solicita\u021bi pentru a ajuta animale aflate \u00een dificultate. Au fost trei cazuri \u00een acest sens.<\/p>\n<\/div>\n","protected":false},"excerpt":{"rendered":"<div><img loading=\"lazy\" decoding=\"async\" width=\"696\" height=\"391\" src=\"https:\/\/canal5.md\/wp-content\/uploads\/2025\/02\/causeni-pompier-900x505-1-optimized.png\" class=\"attachment-large size-large wp-post-image\" alt=\"\" srcset=\"https:\/\/canal5.md\/wp-content\/uploads\/2025\/02\/causeni-pompier-900x505-1-optimized.png 900w, https:\/\/canal5.md\/wp-content\/uploads\/2025\/02\/causeni-pompier-900x505-1-300x168-optimized.png 300w, https:\/\/canal5.md\/wp-content\/uploads\/2025\/02\/causeni-pompier-900x505-1-768x431-optimized.png 768w, https:\/\/canal5.md\/wp-content\/uploads\/2025\/02\/causeni-pompier-900x505-1-696x391-optimized.png 696w\">Salvatorii din C\u0103u\u0219eni au avut o misiune important\u0103 \u00een ajun de 14 februarie, s\u0103 salveze de la \u00een\u0103l\u021bime un pui de fazan. Cazul a avut loc, potrivit jurnali\u0219tilor de la\u00a0studio-l.online, pe 13 februarie \u00een centrul ora\u0219ului C\u0103u\u0219eni. Apelul la Serviciul 112 a fost recep\u021bionat la ora 12:26. Potrivit informa\u021biilor, fazanul a zburat pe acoperi\u0219ul unui [\u2026]<\/div>\n","protected":false},"author":1,"featured_media":67182,"comment_status":"closed","ping_status":"closed","sticky":false,"template":"","format":"standard","meta":{"jnews-multi-image_gallery":[],"jnews_single_post":[],"jnews_primary_category":[],"jnews_social_meta":[],"jnews_override_counter":[],"footnotes":""},"categories":[30],"tags":[],"class_list":["post-67181","post","type-post","status-publish","format-standard","has-post-thumbnail","hentry","category-social_ro"],"_links":{"self":[{"href":"https:\/\/orheifm.live\/index.php\/wp-json\/wp\/v2\/posts\/67181","targetHints":{"allow":["GET"]}}],"collection":[{"href":"https:\/\/orheifm.live\/index.php\/wp-json\/wp\/v2\/posts"}],"about":[{"href":"https:\/\/orheifm.live\/index.php\/wp-json\/wp\/v2\/types\/post"}],"author":[{"embeddable":true,"href":"https:\/\/orheifm.live\/index.php\/wp-json\/wp\/v2\/users\/1"}],"replies":[{"embeddable":true,"href":"https:\/\/orheifm.live\/index.php\/wp-json\/wp\/v2\/comments?post=67181"}],"version-history":[{"count":0,"href":"https:\/\/orheifm.live\/index.php\/wp-json\/wp\/v2\/posts\/67181\/revisions"}],"wp:featuredmedia":[{"embeddable":true,"href":"https:\/\/orheifm.live\/index.php\/wp-json\/wp\/v2\/media\/67182"}],"wp:attachment":[{"href":"https:\/\/orheifm.live\/index.php\/wp-json\/wp\/v2\/media?parent=67181"}],"wp:term":[{"taxonomy":"category","embeddable":true,"href":"https:\/\/orheifm.live\/index.php\/wp-json\/wp\/v2\/categories?post=67181"},{"taxonomy":"post_tag","embeddable":true,"href":"https:\/\/orheifm.live\/index.php\/wp-json\/wp\/v2\/tags?post=67181"}],"curies":[{"name":"wp","href":"https:\/\/api.w.org\/{rel}","templated":true}]}}