{"id":67175,"date":"2025-02-14T22:04:53","date_gmt":"2025-02-14T20:04:53","guid":{"rendered":"https:\/\/orheifm.live\/index.php\/2025\/02\/14\/romania-convoaca-ambasadorul-rusiei-dupa-prabusirea-dronelor-rusesti-iar-moscova-sugereaza-o-provocare-ucraineana-video\/"},"modified":"2025-02-14T22:04:53","modified_gmt":"2025-02-14T20:04:53","slug":"romania-convoaca-ambasadorul-rusiei-dupa-prabusirea-dronelor-rusesti-iar-moscova-sugereaza-o-provocare-ucraineana-video","status":"publish","type":"post","link":"https:\/\/orheifm.live\/index.php\/2025\/02\/14\/romania-convoaca-ambasadorul-rusiei-dupa-prabusirea-dronelor-rusesti-iar-moscova-sugereaza-o-provocare-ucraineana-video\/","title":{"rendered":"Rom\u00e2nia convoac\u0103 ambasadorul Rusiei dup\u0103 pr\u0103bu\u0219irea dronelor ruse\u0219ti, iar Moscova sugereaz\u0103 o provocare ucrainean\u0103 |VIDEO"},"content":{"rendered":"<div>\n<p><strong>Drone au c\u0103zut \u00een 13 februarie \u0219i pe teritoriul Rom\u00e2niei. Drept urmare, \u00eens\u0103rcinatului cu afaceri al acestei \u0163\u0103ri a fost convocat la Ministerul de Externe de la Bucure\u0219ti. <\/strong><\/p>\n<p>Acolo, diplomatul a spus c\u0103 Rom\u00e2nia nu este \u0163inta niciunui atac din partea Federa\u0163iei Ruse \u0219i c\u0103 \u00een lipsa unor dovezi conving\u0103toare privind apartenen\u0163a rus\u0103 a dronelor care s-ar fi pr\u0103bu\u015fit pe teritoriul Rom\u00e2niei, nu se poate exclude faptul c\u0103 incidentele din data de 13 februarie ar fi putut fi o provocare a p\u0103r\u0163ii ucrainene pe fondul negocierilor de pace \u00een curs de dezvoltare pentru reglementarea conflictului din Ucraina\u201d, se arat\u0103 pe pagina de Facebook a Ambasadei Rusiei la Bucure\u015fti.<\/p>\n<p>Ucraina nu a reac\u021bionat deocamdat\u0103 la aceste presupuneri.<\/p>\n<p>Tot \u00een mesajul de pe Facebook al diploma\u021biei ruse la Bucure\u0219ti se spune c\u0103 \u021bintele atacurilor For\u0163elor Armate ale Rusiei pe teritoriul Ucrainei sunt exclusiv obiective militare \u015fi infrastructur\u0103 folosit\u0103 \u00een interesul for\u0163elor armate ale Ucrainei \u015fi al complexului militar-industrial ucrainean.<\/p>\n<p>\u201dNu se efectueaz\u0103 atacuri \u00eendreptate asupra infrastructurii civile\u201d, puncteaz\u0103 ambasada.<\/p>\n<\/div>\n","protected":false},"excerpt":{"rendered":"<div><img loading=\"lazy\" decoding=\"async\" width=\"696\" height=\"406\" src=\"https:\/\/canal5.md\/wp-content\/uploads\/2025\/02\/blob-15-1024x598-optimized.jpg\" class=\"attachment-large size-large wp-post-image\" alt=\"\" srcset=\"https:\/\/canal5.md\/wp-content\/uploads\/2025\/02\/blob-15-1024x598-optimized.jpg 1024w, https:\/\/canal5.md\/wp-content\/uploads\/2025\/02\/blob-15-300x175-optimized.jpg 300w, https:\/\/canal5.md\/wp-content\/uploads\/2025\/02\/blob-15-768x449-optimized.jpg 768w, https:\/\/canal5.md\/wp-content\/uploads\/2025\/02\/blob-15-696x407-optimized.jpg 696w, https:\/\/canal5.md\/wp-content\/uploads\/2025\/02\/blob-15-1068x624-optimized.jpg 1068w, https:\/\/canal5.md\/wp-content\/uploads\/2025\/02\/blob-15-optimized.jpg 1357w\">Drone au c\u0103zut \u00een 13 februarie \u0219i pe teritoriul Rom\u00e2niei. Drept urmare, \u00eens\u0103rcinatului cu afaceri al acestei \u0163\u0103ri a fost convocat la Ministerul de Externe de la Bucure\u0219ti. Acolo, diplomatul a spus c\u0103 Rom\u00e2nia nu este \u0163inta niciunui atac din partea Federa\u0163iei Ruse \u0219i c\u0103 \u00een lipsa unor dovezi conving\u0103toare privind apartenen\u0163a rus\u0103 a dronelor [\u2026]<\/div>\n","protected":false},"author":1,"featured_media":67176,"comment_status":"closed","ping_status":"closed","sticky":false,"template":"","format":"standard","meta":{"jnews-multi-image_gallery":[],"jnews_single_post":[],"jnews_primary_category":[],"jnews_social_meta":[],"jnews_override_counter":[],"footnotes":""},"categories":[29],"tags":[],"class_list":["post-67175","post","type-post","status-publish","format-standard","has-post-thumbnail","hentry","category-externe_ro"],"_links":{"self":[{"href":"https:\/\/orheifm.live\/index.php\/wp-json\/wp\/v2\/posts\/67175","targetHints":{"allow":["GET"]}}],"collection":[{"href":"https:\/\/orheifm.live\/index.php\/wp-json\/wp\/v2\/posts"}],"about":[{"href":"https:\/\/orheifm.live\/index.php\/wp-json\/wp\/v2\/types\/post"}],"author":[{"embeddable":true,"href":"https:\/\/orheifm.live\/index.php\/wp-json\/wp\/v2\/users\/1"}],"replies":[{"embeddable":true,"href":"https:\/\/orheifm.live\/index.php\/wp-json\/wp\/v2\/comments?post=67175"}],"version-history":[{"count":0,"href":"https:\/\/orheifm.live\/index.php\/wp-json\/wp\/v2\/posts\/67175\/revisions"}],"wp:featuredmedia":[{"embeddable":true,"href":"https:\/\/orheifm.live\/index.php\/wp-json\/wp\/v2\/media\/67176"}],"wp:attachment":[{"href":"https:\/\/orheifm.live\/index.php\/wp-json\/wp\/v2\/media?parent=67175"}],"wp:term":[{"taxonomy":"category","embeddable":true,"href":"https:\/\/orheifm.live\/index.php\/wp-json\/wp\/v2\/categories?post=67175"},{"taxonomy":"post_tag","embeddable":true,"href":"https:\/\/orheifm.live\/index.php\/wp-json\/wp\/v2\/tags?post=67175"}],"curies":[{"name":"wp","href":"https:\/\/api.w.org\/{rel}","templated":true}]}}