{"id":67173,"date":"2025-02-14T22:02:38","date_gmt":"2025-02-14T20:02:38","guid":{"rendered":"https:\/\/orheifm.live\/index.php\/2025\/02\/14\/orhei-si-balti-devin-capitale-ale-iubirii-de-ziua-indragostitilor-evenimente-emotionante-si-momente-de-neuitat-video\/"},"modified":"2025-02-14T22:02:38","modified_gmt":"2025-02-14T20:02:38","slug":"orhei-si-balti-devin-capitale-ale-iubirii-de-ziua-indragostitilor-evenimente-emotionante-si-momente-de-neuitat-video","status":"publish","type":"post","link":"https:\/\/orheifm.live\/index.php\/2025\/02\/14\/orhei-si-balti-devin-capitale-ale-iubirii-de-ziua-indragostitilor-evenimente-emotionante-si-momente-de-neuitat-video\/","title":{"rendered":"Orhei \u0219i B\u0103l\u021bi devin capitale ale iubirii de Ziua \u00cendr\u0103gosti\u021bilor: evenimente emo\u021bionante \u0219i momente de neuitat |VIDEO"},"content":{"rendered":"<div>\n<p><strong>De 14 februarie, Orhei-ul \u0219i B\u0103l\u021bi-ul au devenit veritabile capitale ale iubirii, \u00een care inimile tuturor s-au umplut de c\u0103ldur\u0103 \u0219i speran\u021b\u0103. Cu fiecare balon ro\u0219u, cu fiecare z\u00e2mbet \u0219i cu fiecare cuv\u00e2nt plin de afec\u021biune, ora\u0219ele au vibrat la unison cu un singur mesaj: dragostea este o for\u021b\u0103 care une\u0219te \u0219i lumineaz\u0103. <\/strong><br \/>\n<iframe loading=\"lazy\" title=\"YouTube video player\" src=\"https:\/\/www.youtube.com\/embed\/zz0ajwm6Lpo?si=5KuzX_S1TqNCwBgZ\" width=\"560\" height=\"315\" frameborder=\"0\" allowfullscreen=\"allowfullscreen\"><\/iframe><br \/>\nAstfel, cei prezen\u021bi la evenimentele organizate cu prilejul zilei Sf\u00e2ntului Valentin spun c\u0103 au \u00een\u021beles c\u00e2t de important este s\u0103 iubim \u0219i s\u0103 apreciem oamenii din jurul nostru, \u00een fiecare moment.<\/p>\n<p>La Orhei \u0219i B\u0103l\u021bi, dragostea nu a fost doar o s\u0103rb\u0103toare, ci o promisiune de a face lumea un loc mai frumos, un loc \u00een care s\u0103 ne iubim \u0219i s\u0103 tr\u0103im \u00eempreun\u0103, \u00een armonie \u0219i bucurie.<\/p>\n<p>Pe 14 februarie, Orhei s-a transformat \u00een Capitala Dragostei. Ora\u0219ul a fost \u00eenv\u0103luit de un val de emo\u021bie, cu baloane ro\u0219ii \u00een form\u0103 de inim\u0103, cadouri pentru \u00eendr\u0103gosti\u021bi, dansuri \u0219i c\u00e2ntece care au r\u0103sunat \u00een aer, aduc\u00e2nd o atmosfer\u0103 de neuitat.<\/p>\n<p>Autorit\u0103\u021bile locale au preg\u0103tit o serie de surprize care au \u00eembog\u0103\u021bit aceast\u0103 zi special\u0103, iar primarul Tatiana Cociu a transmis un mesaj cald tuturor celor prezen\u021bi, \u00eencuraj\u00e2ndu-i s\u0103 s\u0103rb\u0103toreasc\u0103 iubirea \u0219i leg\u0103turile care ne unesc.<\/p>\n<p>TATIANA COCIU, primarul municipiului Orhei<\/p>\n<p>\u2013 Este o zi frumoas\u0103 \u00een ora\u0219ul nostru, deoarece ast\u0103zi avem mai multe motive s\u0103 s\u0103rb\u0103torim, ceea ce deja a devenit o tradi\u021bie pentru Orhei.<\/p>\n<p>\u2013 Noi, orheienii, pre\u021buim tradi\u021biile \u0219i dorim ca to\u021bi s\u0103 v\u0103 bucura\u021bi de aceast\u0103 zi minunat\u0103. Vreau s\u0103 le doresc celor \u00eendr\u0103gosti\u021bi \u0219i celor care urmeaz\u0103 s\u0103 se \u00eendr\u0103gosteasc\u0103 s\u0103 fie s\u0103n\u0103to\u0219i, ferici\u021bi, s\u0103 iubeasc\u0103 \u0219i s\u0103 z\u00e2mbeasc\u0103 mai mult, pentru c\u0103 avem motive. Cel pu\u021bin \u00een ora\u0219ul Orhei, conducerea va continua s\u0103 fac\u0103 ora\u0219ul mai frumos \u0219i mai modern.<\/p>\n<p>Evenimentul dedicat Zilei Dragostei a fost marcat de o serie de spectacole minunate sus\u021binute de arti\u0219tii Centrul Raional de Cultur\u0103 \u201cAndrei Suruceanu\u201d, care au adus pe scen\u0103 muzic\u0103 \u0219i dans pline de emo\u021bie, d\u0103ruind tuturor o atmosfer\u0103 de neuitat.<\/p>\n<p>Nici copiii nu s-au plictisit, fiind mereu \u00eenv\u0103lui\u021bi de veselie, gra\u021bie animatorilor care le-au adus z\u00e2mbete \u0219i distrac\u021bie pe tot parcursul evenimentului.<\/p>\n<p>De soare, lumin\u0103 \u0219i mult\u0103 dragoste au avut parte \u0219i locuitorii ora\u0219ului B\u0103l\u021bi de Ziua \u00cendr\u0103gosti\u021bilor, c\u00e2nd organiza\u021bia de tineret \u201eUrm\u0103toarea Genera\u021bie\u201d \u0219i activi\u0219tii blocului \u201eVictorie\u201d au organizat o ac\u021biune festiv\u0103 plin\u0103 de c\u0103ldur\u0103. Trec\u0103torii au fost surprin\u0219i cu baloane ro\u0219ii, simbol al iubirii, \u0219i felicit\u0103ri cu mesaje pline de afec\u021biune, aduc\u00e2ndu-le un strop de bucurie \u0219i iubire.<\/p>\n<p>Deputatul partidului \u201eRena\u0219tere\u201d, Alexandr Nesterovschi, a scris pe pagina sa de Telegram c\u0103:\u00a0 \u201eScopul principal al acestei ac\u021biuni a fost crearea unei atmosfere de bucurie, amintind c\u00e2t de important este s\u0103 oferim grij\u0103 \u0219i cuvinte frumoase unii altora, nu doar \u00een aceast\u0103 zi, ci \u00eentotdeauna. Pentru c\u0103 dragostea poate fi diferit\u0103 \u2013 pentru cei dragi, prieteni, familie \u0219i pur \u0219i simplu pentru oamenii din jurul nostru\u201d.<\/p>\n<p>Ziua \u00cendr\u0103gosti\u021bilor, cunoscut\u0103 \u0219i sub denumirea de Valentine\u2019s Day, este s\u0103rb\u0103torit\u0103 anual pe 14 februarie, \u00een multe \u021b\u0103ri din lume. Aceasta este o zi dedicat\u0103 iubirii \u0219i afec\u021biunii fa\u021b\u0103 de partenerul de via\u021b\u0103, dar \u0219i fa\u021b\u0103 de persoanele dragi.<\/p>\n<\/div>\n","protected":false},"excerpt":{"rendered":"<div><img loading=\"lazy\" decoding=\"async\" width=\"696\" height=\"586\" src=\"https:\/\/canal5.md\/wp-content\/uploads\/2025\/02\/photo_2025-02-14_13-07-58-1024x862-optimized.jpg\" class=\"attachment-large size-large wp-post-image\" alt=\"\" srcset=\"https:\/\/canal5.md\/wp-content\/uploads\/2025\/02\/photo_2025-02-14_13-07-58-1024x862-optimized.jpg 1024w, https:\/\/canal5.md\/wp-content\/uploads\/2025\/02\/photo_2025-02-14_13-07-58-300x252-optimized.jpg 300w, https:\/\/canal5.md\/wp-content\/uploads\/2025\/02\/photo_2025-02-14_13-07-58-768x646-optimized.jpg 768w, https:\/\/canal5.md\/wp-content\/uploads\/2025\/02\/photo_2025-02-14_13-07-58-696x586-optimized.jpg 696w, https:\/\/canal5.md\/wp-content\/uploads\/2025\/02\/photo_2025-02-14_13-07-58-1068x899-optimized.jpg 1068w, https:\/\/canal5.md\/wp-content\/uploads\/2025\/02\/photo_2025-02-14_13-07-58-optimized.jpg 1280w\">De 14 februarie, Orhei-ul \u0219i B\u0103l\u021bi-ul au devenit veritabile capitale ale iubirii, \u00een care inimile tuturor s-au umplut de c\u0103ldur\u0103 \u0219i speran\u021b\u0103. Cu fiecare balon ro\u0219u, cu fiecare z\u00e2mbet \u0219i cu fiecare cuv\u00e2nt plin de afec\u021biune, ora\u0219ele au vibrat la unison cu un singur mesaj: dragostea este o for\u021b\u0103 care une\u0219te \u0219i lumineaz\u0103. Astfel, cei [\u2026]<\/div>\n","protected":false},"author":1,"featured_media":67174,"comment_status":"closed","ping_status":"closed","sticky":false,"template":"","format":"standard","meta":{"jnews-multi-image_gallery":[],"jnews_single_post":[],"jnews_primary_category":[],"jnews_social_meta":[],"jnews_override_counter":[],"footnotes":""},"categories":[30],"tags":[],"class_list":["post-67173","post","type-post","status-publish","format-standard","has-post-thumbnail","hentry","category-social_ro"],"_links":{"self":[{"href":"https:\/\/orheifm.live\/index.php\/wp-json\/wp\/v2\/posts\/67173","targetHints":{"allow":["GET"]}}],"collection":[{"href":"https:\/\/orheifm.live\/index.php\/wp-json\/wp\/v2\/posts"}],"about":[{"href":"https:\/\/orheifm.live\/index.php\/wp-json\/wp\/v2\/types\/post"}],"author":[{"embeddable":true,"href":"https:\/\/orheifm.live\/index.php\/wp-json\/wp\/v2\/users\/1"}],"replies":[{"embeddable":true,"href":"https:\/\/orheifm.live\/index.php\/wp-json\/wp\/v2\/comments?post=67173"}],"version-history":[{"count":0,"href":"https:\/\/orheifm.live\/index.php\/wp-json\/wp\/v2\/posts\/67173\/revisions"}],"wp:featuredmedia":[{"embeddable":true,"href":"https:\/\/orheifm.live\/index.php\/wp-json\/wp\/v2\/media\/67174"}],"wp:attachment":[{"href":"https:\/\/orheifm.live\/index.php\/wp-json\/wp\/v2\/media?parent=67173"}],"wp:term":[{"taxonomy":"category","embeddable":true,"href":"https:\/\/orheifm.live\/index.php\/wp-json\/wp\/v2\/categories?post=67173"},{"taxonomy":"post_tag","embeddable":true,"href":"https:\/\/orheifm.live\/index.php\/wp-json\/wp\/v2\/tags?post=67173"}],"curies":[{"name":"wp","href":"https:\/\/api.w.org\/{rel}","templated":true}]}}