{"id":67171,"date":"2025-02-14T22:00:50","date_gmt":"2025-02-14T20:00:50","guid":{"rendered":"https:\/\/orheifm.live\/index.php\/2025\/02\/14\/municipiul-orhei-celebreaza-90-de-ani-de-la-nasterea-lui-grigore-vieru-printr-un-flashmob-si-daruirea-de-carti-locuitorilor-video\/"},"modified":"2025-02-14T22:00:50","modified_gmt":"2025-02-14T20:00:50","slug":"municipiul-orhei-celebreaza-90-de-ani-de-la-nasterea-lui-grigore-vieru-printr-un-flashmob-si-daruirea-de-carti-locuitorilor-video","status":"publish","type":"post","link":"https:\/\/orheifm.live\/index.php\/2025\/02\/14\/municipiul-orhei-celebreaza-90-de-ani-de-la-nasterea-lui-grigore-vieru-printr-un-flashmob-si-daruirea-de-carti-locuitorilor-video\/","title":{"rendered":"Municipiul Orhei celebreaz\u0103 90 de ani de la na\u0219terea lui Grigore Vieru printr-un flashmob \u0219i d\u0103ruirea de c\u0103r\u021bi locuitorilor |VIDEO"},"content":{"rendered":"<div>\n<p><strong>\u0218i \u00een municipiul Orhei, \u00een mijlocul unei s\u0103rb\u0103tori a iubirii \u0219i a memoriei marelui poet, primarul \u0219i echipa sa au \u00eemp\u0103rt\u0103\u0219it din nemurirea poeziei lui Vieru, l\u0103s\u00e2ndu-le cadou locuitorilor un strop din lumina versurilor sale.<\/strong><br \/>\n<iframe loading=\"lazy\" title=\"YouTube video player\" src=\"https:\/\/www.youtube.com\/embed\/CMj1eubwlyI?si=9HoULmcjhUk2xZDr\" width=\"560\" height=\"315\" frameborder=\"0\" allowfullscreen=\"allowfullscreen\"><\/iframe><br \/>\nPoetul Grigore Vieru ar fi \u00eemplinit vineri, 14 februarie, 90 de ani. Cu aceast\u0103 ocazie, autorit\u0103\u021bile locale din municipiul Orhei, al\u0103turi de reprezentan\u021bi ai blocului politic \u201eVictorie\u201d, au organizat un flashmob dedicat zilei de na\u0219tere a marelui literat al neamului.<\/p>\n<p>TATIANA COCIU, primarul municipiului Orhei<\/p>\n<p>\u2013 Ast\u0103zi, ne-am adunat \u00een municipiul Orhei pentru a organiza un flashmob dedicat zilei de na\u0219tere a marelui poet al neamului, Grigore Vieru, care ar fi \u00eemplinit ast\u0103zi 90 de ani.<\/p>\n<p>\u2013 \u0218i ast\u0103zi, \u00eempreun\u0103 cu colegii no\u0219tri \u0219i angaja\u021bii prim\u0103riei municipiului Orhei, am \u00eemp\u0103r\u021bit c\u0103r\u021bi locuitorilor no\u0219tri din Orhei.<\/p>\n<p>\u2013 Este o ac\u021biune frumoas\u0103, a\u0219a cum spunem noi, pentru c\u0103 ast\u0103zi mai avem o s\u0103rb\u0103toare: Ziua \u00cendr\u0103gosti\u021bilor, care este autentic\u0103 pentru municipiul Orhei. Vede\u021bi cum se leag\u0103 ziua marelui poet \u0219i aceast\u0103 s\u0103rb\u0103toare frumoas\u0103 a dragostei?<\/p>\n<p>Cu m\u00e2inile pline de c\u0103r\u021bi, care ad\u0103postesc poeziile lui Vieru, primarul \u0219i echipa sa au d\u0103ruit din inima lor fiec\u0103rei persoane, de la copil la b\u0103tr\u00e2n, un strop din nemurirea literaturii lui Vieru.<\/p>\n<p>\u2013 Ast\u0103zi, Grigore Vieru ar fi \u00eemplinit 90 de ani, iar cu acest prilej vrem s\u0103 v\u0103 d\u0103ruim o carte cu versurile dumnealui, pentru c\u0103 a fost un poet al neamului.<\/p>\n<p>\u2013 \u201eVreau s\u0103-\u021bi d\u0103ruiesc o carte, \u201eC\u00e2ntec de iubire\u201d, care con\u021bine poezii. Din unele versuri au fost create \u0219i melodii, iar te vei \u00eendr\u0103gosti de poeziile lui Grigore Vieru, dac\u0103 nu e\u0219ti deja \u00eendr\u0103gostit.<\/p>\n<p>Cuvinte ce r\u0103sunau ca o reverbera\u021bie a cugetului colectiv a rostit \u0219i Marina Cravcenco, reprezentant\u0103 a Blocului \u201eVictorie\u201d.<\/p>\n<p>MARINA CRAVCENCO, reprezentant al Blocului \u201eVictorie\u201d<\/p>\n<p>\u2013 Ne uit\u0103m ca doi copii \u00een oglinda stelei vii, versuri ale lui Grigore Vieru, cel care ast\u0103zi ar fi \u00eemplinit 90 de ani de la na\u0219tere. Grigore Vieru este poetul care ne-a d\u0103ruit multe poezii \u0219i care va r\u0103m\u00e2ne \u00een inimile noastre mult timp de acum \u00eenainte.<\/p>\n<p>ar pre\u0219edintele partidului \u201eFor\u021ba Alternativ\u0103 \u0219i de Salvare a Moldovei\u201d, Alexandru Beschieru a subliniat importan\u021ba transmiterii versurilor marelui poet din genera\u021bie \u00een genera\u021bie.<\/p>\n<p>ALEXANDRU BESCHIERU, pre\u0219edintele partidului \u201eFASM\u201d<\/p>\n<p>\u2013 Din p\u0103cate, el fizic nu mai este cu noi, dar tot ceea ce a l\u0103sat tr\u0103ie\u0219te \u00een inimile noastre, de la cel mai mic copil p\u00e2n\u0103 la cel mai v\u00e2rstnic, deoarece marele poet a scris despre dragoste, patriotism \u0219i despre mama, care este cel mai sf\u00e2nt lucru ce poate s\u0103 fie pe acest p\u0103m\u00e2nt.<\/p>\n<p>De datoria noastr\u0103 este s\u0103 p\u0103str\u0103m \u0219i s\u0103 transmitem tuturor genera\u021biilor care urmeaz\u0103 aceast\u0103 capodoper\u0103 pe care marele poet a l\u0103sat-o.<\/p>\n<p>Grigore Vieru s-a n\u0103scut pe 14 februarie 1935, \u00een satul Perer\u00eeta, raionul Briceni, \u0219i a p\u0103r\u0103sit aceast\u0103 lume pe 18 ianuarie 2009, \u00een urma unui tragic accident. \u00cempreun\u0103 cu artistul Lic\u0103 Sainciuc, a dat via\u021b\u0103 \u201eAlbinu\u021bei\u201d, un abecedar care a educat genera\u021bii \u00eentregi. Ast\u0103zi, poeziile sale tr\u0103iesc \u00een fiecare cuv\u00e2nt rostit, \u00een fiecare carte d\u0103ruit\u0103, \u0219i \u00een fiecare inim\u0103 care i-a ascultat versurile.<\/p>\n<\/div>\n","protected":false},"excerpt":{"rendered":"<div><img decoding=\"async\" width=\"696\" height=\"464\" src=\"https:\/\/canal5.md\/wp-content\/uploads\/2025\/02\/photo_2025-02-14_19-03-31-1024x683-optimized.jpg\" class=\"attachment-large size-large wp-post-image\" alt=\"\" loading=\"lazy\" srcset=\"https:\/\/canal5.md\/wp-content\/uploads\/2025\/02\/photo_2025-02-14_19-03-31-1024x683-optimized.jpg 1024w, https:\/\/canal5.md\/wp-content\/uploads\/2025\/02\/photo_2025-02-14_19-03-31-300x200-optimized.jpg 300w, https:\/\/canal5.md\/wp-content\/uploads\/2025\/02\/photo_2025-02-14_19-03-31-768x512-optimized.jpg 768w, https:\/\/canal5.md\/wp-content\/uploads\/2025\/02\/photo_2025-02-14_19-03-31-696x464-optimized.jpg 696w, https:\/\/canal5.md\/wp-content\/uploads\/2025\/02\/photo_2025-02-14_19-03-31-1068x713-optimized.jpg 1068w, https:\/\/canal5.md\/wp-content\/uploads\/2025\/02\/photo_2025-02-14_19-03-31-optimized.jpg 1280w\">\u0218i \u00een municipiul Orhei, \u00een mijlocul unei s\u0103rb\u0103tori a iubirii \u0219i a memoriei marelui poet, primarul \u0219i echipa sa au \u00eemp\u0103rt\u0103\u0219it din nemurirea poeziei lui Vieru, l\u0103s\u00e2ndu-le cadou locuitorilor un strop din lumina versurilor sale. Poetul Grigore Vieru ar fi \u00eemplinit vineri, 14 februarie, 90 de ani. Cu aceast\u0103 ocazie, autorit\u0103\u021bile locale din municipiul Orhei, [\u2026]<\/div>\n","protected":false},"author":1,"featured_media":67172,"comment_status":"closed","ping_status":"closed","sticky":false,"template":"","format":"standard","meta":{"jnews-multi-image_gallery":[],"jnews_single_post":[],"jnews_primary_category":[],"jnews_social_meta":[],"jnews_override_counter":[],"footnotes":""},"categories":[30],"tags":[],"class_list":["post-67171","post","type-post","status-publish","format-standard","has-post-thumbnail","hentry","category-social_ro"],"_links":{"self":[{"href":"https:\/\/orheifm.live\/index.php\/wp-json\/wp\/v2\/posts\/67171","targetHints":{"allow":["GET"]}}],"collection":[{"href":"https:\/\/orheifm.live\/index.php\/wp-json\/wp\/v2\/posts"}],"about":[{"href":"https:\/\/orheifm.live\/index.php\/wp-json\/wp\/v2\/types\/post"}],"author":[{"embeddable":true,"href":"https:\/\/orheifm.live\/index.php\/wp-json\/wp\/v2\/users\/1"}],"replies":[{"embeddable":true,"href":"https:\/\/orheifm.live\/index.php\/wp-json\/wp\/v2\/comments?post=67171"}],"version-history":[{"count":0,"href":"https:\/\/orheifm.live\/index.php\/wp-json\/wp\/v2\/posts\/67171\/revisions"}],"wp:featuredmedia":[{"embeddable":true,"href":"https:\/\/orheifm.live\/index.php\/wp-json\/wp\/v2\/media\/67172"}],"wp:attachment":[{"href":"https:\/\/orheifm.live\/index.php\/wp-json\/wp\/v2\/media?parent=67171"}],"wp:term":[{"taxonomy":"category","embeddable":true,"href":"https:\/\/orheifm.live\/index.php\/wp-json\/wp\/v2\/categories?post=67171"},{"taxonomy":"post_tag","embeddable":true,"href":"https:\/\/orheifm.live\/index.php\/wp-json\/wp\/v2\/tags?post=67171"}],"curies":[{"name":"wp","href":"https:\/\/api.w.org\/{rel}","templated":true}]}}