{"id":67169,"date":"2025-02-14T21:58:58","date_gmt":"2025-02-14T19:58:58","guid":{"rendered":"https:\/\/orheifm.live\/index.php\/2025\/02\/14\/blocul-victorie-a-adus-un-omagiu-in-chisinau-marelui-poet-grigore-vieru-de-ziua-sa-de-nastere-video\/"},"modified":"2025-02-14T21:58:58","modified_gmt":"2025-02-14T19:58:58","slug":"blocul-victorie-a-adus-un-omagiu-in-chisinau-marelui-poet-grigore-vieru-de-ziua-sa-de-nastere-video","status":"publish","type":"post","link":"https:\/\/orheifm.live\/index.php\/2025\/02\/14\/blocul-victorie-a-adus-un-omagiu-in-chisinau-marelui-poet-grigore-vieru-de-ziua-sa-de-nastere-video\/","title":{"rendered":"Blocul Victorie a adus un omagiu \u00een Chi\u0219in\u0103u marelui poet Grigore Vieru de ziua sa de na\u0219tere |VIDEO"},"content":{"rendered":"<div>\n<p><strong>Ast\u0103zi, c\u00e2nd Grigore Vieru ar fi \u00eemplinit 90 de ani, cuvintele sale, ad\u00e2nc \u00eenr\u0103d\u0103cinate \u00een inimile celor ce-l iubesc, r\u0103sun\u0103 mai puternic ca niciodat\u0103. Un omagiu a fost adus marelui poet, care a insuflat iubirea pentru neam, limb\u0103 \u0219i valori.<\/strong><br \/>\n<iframe loading=\"lazy\" title=\"YouTube video player\" src=\"https:\/\/www.youtube.com\/embed\/cNoD6HbM55c?si=gn2MjjU4VL-CXljI\" width=\"560\" height=\"315\" frameborder=\"0\" allowfullscreen=\"allowfullscreen\"><\/iframe><br \/>\nLa bustul s\u0103u, amplasat pe Aleea Clasicilor din gr\u0103dina \u201e\u0218tefan cel Mare\u201d, deputa\u021bi \u0219i activi\u0219ti ai Blocului \u201eVictorie\u201d au depus flori, iar unii dintre ei au recitat versuri din poeziile sale, aduc\u00e2nd astfel tribut cuvenit celui ce a fost o valoare nemuritoare pentru poporul nostru.<\/p>\n<p>Aleea Clasicilor s-a umplut ast\u0103zi de emo\u021bie \u0219i recuno\u0219tin\u021b\u0103. Zeci de buchete de flori au fost a\u0219ezate ca semne de iubire \u0219i respect la bustul poetului Grigore Vieru.<\/p>\n<p>VASILE BOLEA, deputat, pre\u0219edintele grupului parlamentar \u201eVictorie\u201d<\/p>\n<p>\u2013 Ast\u0103zi este ziua de na\u0219tere a marelui poet na\u021bional, Grigore Vieru, care a fost o valoare pentru poporul nostru.<\/p>\n<p>\u2013 De aceea, noi, ast\u0103zi, \u00eempreun\u0103 cu colegii, am venit aici pentru a-l comemora \u0219i am depus flori la acest bust din Aleea Clasicilor, care c\u00e2ndva a fost instalat aici, \u00een memoria lui.<\/p>\n<p>Cristina Vulpe, membr\u0103 a Blocului \u201eVictorie\u201d, a recitat o strof\u0103 din poezia de o profund\u0103 sensibilitate \u201eMi-e dor de tine, mam\u0103\u201d. \u0218i nu a f\u0103cut-o \u00eent\u00e2mpl\u0103tor, av\u00e2nd \u00een vedere c\u0103, pentru Grigore Vieru, mama a fost totul \u2013 sursa de inspira\u021bie \u0219i cel mai puternic simbol al dragostei pure.<\/p>\n<p>CRISTINA VULPE, membru al Blocului \u201dVictorie\u201d<\/p>\n<p>\u2013 Sub stele trece apa cu lacrima de-o seam\u0103, mi-e dor de-a ta privire, mi-e dor de tine, mama. Mama este din copil\u0103rie \u0219i p\u00e2n\u0103 la b\u0103tr\u00e2ne\u021bile fiec\u0103ruia st\u00e2lpul, cel care ne ghideaz\u0103, iar Grigore Vieru a \u0219tiut foarte bine s\u0103 ne vorbeasc\u0103 despre asta \u0219i s\u0103 pre\u021buiasc\u0103 valorile na\u021bionale ale Republicii Moldova.<\/p>\n<p>Grigore Vieru a fost unul din cei mai \u00eendr\u0103gi\u021bi poe\u021bi din Moldova, care a evocat \u00een versurile sale valorile sacre ale neamului nostru.<\/p>\n<\/div>\n","protected":false},"excerpt":{"rendered":"<div><img decoding=\"async\" width=\"480\" height=\"320\" src=\"https:\/\/canal5.md\/wp-content\/uploads\/2025\/02\/i-3-1-optimized.webp\" class=\"attachment-large size-large wp-post-image\" alt=\"\" loading=\"lazy\" srcset=\"https:\/\/canal5.md\/wp-content\/uploads\/2025\/02\/i-3-1-optimized.webp 480w, https:\/\/canal5.md\/wp-content\/uploads\/2025\/02\/i-3-1-300x200-optimized.webp 300w\">Ast\u0103zi, c\u00e2nd Grigore Vieru ar fi \u00eemplinit 90 de ani, cuvintele sale, ad\u00e2nc \u00eenr\u0103d\u0103cinate \u00een inimile celor ce-l iubesc, r\u0103sun\u0103 mai puternic ca niciodat\u0103. Un omagiu a fost adus marelui poet, care a insuflat iubirea pentru neam, limb\u0103 \u0219i valori. La bustul s\u0103u, amplasat pe Aleea Clasicilor din gr\u0103dina \u201e\u0218tefan cel Mare\u201d, deputa\u021bi \u0219i activi\u0219ti [\u2026]<\/div>\n","protected":false},"author":1,"featured_media":67170,"comment_status":"closed","ping_status":"closed","sticky":false,"template":"","format":"standard","meta":{"jnews-multi-image_gallery":[],"jnews_single_post":[],"jnews_primary_category":[],"jnews_social_meta":[],"jnews_override_counter":[],"footnotes":""},"categories":[30],"tags":[],"class_list":["post-67169","post","type-post","status-publish","format-standard","has-post-thumbnail","hentry","category-social_ro"],"_links":{"self":[{"href":"https:\/\/orheifm.live\/index.php\/wp-json\/wp\/v2\/posts\/67169","targetHints":{"allow":["GET"]}}],"collection":[{"href":"https:\/\/orheifm.live\/index.php\/wp-json\/wp\/v2\/posts"}],"about":[{"href":"https:\/\/orheifm.live\/index.php\/wp-json\/wp\/v2\/types\/post"}],"author":[{"embeddable":true,"href":"https:\/\/orheifm.live\/index.php\/wp-json\/wp\/v2\/users\/1"}],"replies":[{"embeddable":true,"href":"https:\/\/orheifm.live\/index.php\/wp-json\/wp\/v2\/comments?post=67169"}],"version-history":[{"count":0,"href":"https:\/\/orheifm.live\/index.php\/wp-json\/wp\/v2\/posts\/67169\/revisions"}],"wp:featuredmedia":[{"embeddable":true,"href":"https:\/\/orheifm.live\/index.php\/wp-json\/wp\/v2\/media\/67170"}],"wp:attachment":[{"href":"https:\/\/orheifm.live\/index.php\/wp-json\/wp\/v2\/media?parent=67169"}],"wp:term":[{"taxonomy":"category","embeddable":true,"href":"https:\/\/orheifm.live\/index.php\/wp-json\/wp\/v2\/categories?post=67169"},{"taxonomy":"post_tag","embeddable":true,"href":"https:\/\/orheifm.live\/index.php\/wp-json\/wp\/v2\/tags?post=67169"}],"curies":[{"name":"wp","href":"https:\/\/api.w.org\/{rel}","templated":true}]}}