{"id":67167,"date":"2025-02-14T21:56:37","date_gmt":"2025-02-14T19:56:37","guid":{"rendered":"https:\/\/orheifm.live\/index.php\/2025\/02\/14\/orhei-marcheaza-36-de-ani-de-la-retragerea-trupelor-sovietice-din-afganistan-omagiu-adus-eroilor-cazuti-video\/"},"modified":"2025-02-14T21:56:37","modified_gmt":"2025-02-14T19:56:37","slug":"orhei-marcheaza-36-de-ani-de-la-retragerea-trupelor-sovietice-din-afganistan-omagiu-adus-eroilor-cazuti-video","status":"publish","type":"post","link":"https:\/\/orheifm.live\/index.php\/2025\/02\/14\/orhei-marcheaza-36-de-ani-de-la-retragerea-trupelor-sovietice-din-afganistan-omagiu-adus-eroilor-cazuti-video\/","title":{"rendered":"Orhei marcheaz\u0103 36 de ani de la retragerea trupelor sovietice din Afganistan: Omagiu adus eroilor c\u0103zu\u021bi |VIDEO"},"content":{"rendered":"<div>\n<p><strong>Municipiul Orhei a marcat 36 de ani de la retragerea trupelor sovietice din Afganistan. Evenimentul organizat de autorit\u0103\u021bile locale a reunit veterani \u0219i cet\u0103\u021beni care au adus un omagiu celor care nu s-au mai \u00eentors acas\u0103.<\/strong><br \/>\n<iframe loading=\"lazy\" title=\"YouTube video player\" src=\"https:\/\/www.youtube.com\/embed\/1irQg7CZlf0?si=HtFZlt7yq8nzU1EY\" width=\"560\" height=\"315\" frameborder=\"0\" allowfullscreen=\"allowfullscreen\"><\/iframe><br \/>\nParticipan\u021bii au pornit \u00eentr-un mar\u0219 simbolic, din fa\u021ba Prim\u0103riei p\u00e2n\u0103 la monumentul ridicat \u00een memoria celor c\u0103zu\u021bi pe c\u00e2mpul de lupt\u0103, acolo unde au fost depuse jerbe de flori, iar un moment de reculegere a marcat respectul adus celor care \u0219i-au dat via\u021ba pentru pace.<\/p>\n<p>La mar\u0219ul de comemorare a osta\u0219ilor c\u0103zu\u021bi pe c\u00e2mpul de lupt\u0103 a participat conducerea raionului \u0219i municipiului Orhei, \u00eenso\u021bit\u0103 de echipa de consilierii municipali \u0219i raionali, reprezentan\u021bii blocului Victorie, precum \u0219i de primarii localit\u0103\u021bilor raionului, al\u0103turi de veteranii r\u0103zboiului din Afganistan.<\/p>\n<p>Evenimentul a fost dedicat \u0219i celor care au revenit acas\u0103 purt\u00e2nd povara acelor lupte. Momentul de reculegere a fost un simbol al respectului \u0219i al promisiunii c\u0103 sacrificiul eroilor nu va fi uitat.<\/p>\n<p>\u00cen cadrul evenimentului, primarul municipiului Tatiana Cociu, dar \u0219i pre\u0219edintele raionului Vasile Ada\u0219an au adresat mesaje de condolean\u021be combatan\u021bilor prezen\u021bi \u0219i familiilor \u00eendurerate de pierderea persoanelor dragi \u00een acel r\u0103zboi cumplit, dar au adus \u0219i mul\u021bumiri veteranilor prezen\u021bi pentru eroismul de care au dat dovad\u0103 pe c\u00e2mpul de lupt\u0103.<\/p>\n<p>TATIANA COCIU, primarul municipiului Orhei<\/p>\n<p>Noi, ast\u0103zi, dup\u0103 36 de ani suntem datori \u0219i avem menirea social\u0103 de a v\u0103 aduce un profund respect \u0219i recuno\u0219tin\u021b\u0103 pentru tot ce a\u021bi f\u0103cut pentru omenire, pentru c\u0103 a\u021bi adus pacea \u0219i lini\u0219tea.<\/p>\n<p>V\u0103 mul\u021bumim din suflet pentru tot ce a\u021bi f\u0103cut. Dumneavoastr\u0103 sunte\u021bi eroii no\u0219tri \u0219i t\u00e2n\u0103ra genera\u021bie trebuie s\u0103 ia exemplu de la to\u021bi pentru actele de curaj \u0219i vitejie de care a\u021bi dat dovad\u0103.<\/p>\n<p>VASILE ADA\u0218AN, pre\u0219edintele raionului Orhei<\/p>\n<p>Suntem \u0219i noi, \u0219i dumneavoastr\u0103 obliga\u021bi s\u0103 transmitem ororile r\u0103zboiului tinerei genera\u021bii ca s\u0103 poat\u0103 p\u0103stra pacea. V\u0103 aduc sincere mul\u021bumiri, aprecieri \u0219i recuno\u0219tin\u021b\u0103 pentru faptele de eroism de care a\u021bi dat dovad\u0103.<\/p>\n<p>\u00cen semn de recuno\u0219tin\u021b\u0103, veteranii prezen\u021bi au primit Diplome de Recuno\u0219tin\u021b\u0103 pentru ac\u021biunile de eroism, dar \u0219i pentru exemplul de vitejie \u0219i sacrificiu care este mereu adus \u00een aten\u021bia tinerii genera\u021bii \u00eentru formarea spiritului de patriotism.<\/p>\n<p>La r\u00e2ndul lor, veteranii au exprimat recuno\u0219tin\u021b\u0103 conducerii municipiului pentru sprijinul constant \u0219i pentru toate ac\u021biunile \u00eentreprinse \u00een favoarea lor.<\/p>\n<p>Pentru mine este o s\u0103rb\u0103toare foarte mare, \u00een primul r\u00e2nd pentru c\u0103 sunt s\u0103n\u0103tos, \u00een al doilea m\u0103 bucur\u0103 faptul c\u0103 am v\u0103zut camarazii mei s\u0103n\u0103to\u0219i, bravi, nec\u0103t\u00e2nd c\u0103 mul\u021bi dintre ei sunt bolnavi, r\u0103n\u0103\u021bi.<\/p>\n<p>ALEXEI PETROVICI, pre\u0219edintele \u201eClubului Istoric- Patriotic Rus\u201d<\/p>\n<p>Pentru poporul moldovean, aceast\u0103 dat\u0103 are o semnifica\u021bie deosebit\u0103, deoarece peste 12 mii dintre concet\u0103\u021benii no\u0219tri au participat la ac\u021biuni de lupt\u0103, iar 301 dintre ei nu s-au mai \u00eentors acas\u0103. Este reconfortant s\u0103 vedem c\u0103 ast\u0103zi, \u00een \u00eentreaga \u021bar\u0103, au loc evenimente dedicate memoriei eroilor \u2014 at\u00e2t celor care \u0219i-au dat via\u021ba \u00eendeplinindu-\u0219i datoria militar\u0103, c\u00e2t \u0219i celor care s-au \u00eentors \u0219i tr\u0103iesc printre noi.<\/p>\n<p>La eveniment au fost prezen\u021bi \u0219i deputatul Blocului \u201dVictorie\u201d, Reghina Apostolova, dar \u0219i liderului partidului \u201d\u0218ansa\u201d, Alexei Lungu, care au men\u021bionat c\u0103, datoria moral\u0103 a genera\u021biilor viitoare este de a p\u0103stra vie amintirea celor care \u0219i-au jertfit via\u021ba.<\/p>\n<p>REGHINA APOSTOLOVA, deputat Blocul \u201dVictorie\u201d<\/p>\n<p>Suntem recunosc\u0103tori fiec\u0103rei persoane care a participat la r\u0103zboi. Ast\u0103zi, cu m\u00e2ndrie pot spune c\u0103 Ilan \u0218or, fostul primar al municipiului Orhei, nu a uitat niciodat\u0103 faptele eroice ale celor care au luptat \u00een Afganistan. Ast\u0103zi, la ini\u021biativa lui, \u00een toat\u0103 \u021bara se acord\u0103 sprijin celor care nu pot ajunge la monument.<\/p>\n<p>ALEXEI LUNGU, liderul Partidului \u201d\u0218ansa\u201d<\/p>\n<p>Datoria urm\u0103toarelor genera\u021bii este s\u0103 nu permit\u0103 niciodat\u0103 nici unui politician s\u0103 dezl\u0103n\u021buie r\u0103zboaie \u0219i \u00een mod special s\u0103 dezl\u0103n\u021buie r\u0103zboi aici, acas\u0103.<\/p>\n<p>Dup\u0103 depunerea florilor, autorit\u0103\u021bile locale au organizat o mas\u0103 de pomenire pentru veterani, \u00een cadrul c\u0103reia le-a fost exprimat\u0103 recuno\u0219tin\u021ba pentru sacrificiile lor. Anul acesta se \u00eemplinesc 36 de ani de la retragerea trupelor sovietice din<\/p>\n<p>Afganistan. \u00cen acest conflict au participat aproximativ 12.500 de solda\u021bi moldoveni, dintre care cel pu\u021bin 301 au murit, iar 700 au revenit r\u0103ni\u021bi.<\/p>\n<\/div>\n","protected":false},"excerpt":{"rendered":"<div><img decoding=\"async\" width=\"696\" height=\"464\" src=\"https:\/\/canal5.md\/wp-content\/uploads\/2025\/02\/photo_2025-02-10_14-59-43-1024x683-optimized.jpg\" class=\"attachment-large size-large wp-post-image\" alt=\"\" loading=\"lazy\" srcset=\"https:\/\/canal5.md\/wp-content\/uploads\/2025\/02\/photo_2025-02-10_14-59-43-1024x683-optimized.jpg 1024w, https:\/\/canal5.md\/wp-content\/uploads\/2025\/02\/photo_2025-02-10_14-59-43-300x200-optimized.jpg 300w, https:\/\/canal5.md\/wp-content\/uploads\/2025\/02\/photo_2025-02-10_14-59-43-768x512-optimized.jpg 768w, https:\/\/canal5.md\/wp-content\/uploads\/2025\/02\/photo_2025-02-10_14-59-43-696x464-optimized.jpg 696w, https:\/\/canal5.md\/wp-content\/uploads\/2025\/02\/photo_2025-02-10_14-59-43-1068x713-optimized.jpg 1068w, https:\/\/canal5.md\/wp-content\/uploads\/2025\/02\/photo_2025-02-10_14-59-43-optimized.jpg 1280w\">Municipiul Orhei a marcat 36 de ani de la retragerea trupelor sovietice din Afganistan. Evenimentul organizat de autorit\u0103\u021bile locale a reunit veterani \u0219i cet\u0103\u021beni care au adus un omagiu celor care nu s-au mai \u00eentors acas\u0103. Participan\u021bii au pornit \u00eentr-un mar\u0219 simbolic, din fa\u021ba Prim\u0103riei p\u00e2n\u0103 la monumentul ridicat \u00een memoria celor c\u0103zu\u021bi pe c\u00e2mpul [\u2026]<\/div>\n","protected":false},"author":1,"featured_media":67168,"comment_status":"closed","ping_status":"closed","sticky":false,"template":"","format":"standard","meta":{"jnews-multi-image_gallery":[],"jnews_single_post":[],"jnews_primary_category":[],"jnews_social_meta":[],"jnews_override_counter":[],"footnotes":""},"categories":[30],"tags":[],"class_list":["post-67167","post","type-post","status-publish","format-standard","has-post-thumbnail","hentry","category-social_ro"],"_links":{"self":[{"href":"https:\/\/orheifm.live\/index.php\/wp-json\/wp\/v2\/posts\/67167","targetHints":{"allow":["GET"]}}],"collection":[{"href":"https:\/\/orheifm.live\/index.php\/wp-json\/wp\/v2\/posts"}],"about":[{"href":"https:\/\/orheifm.live\/index.php\/wp-json\/wp\/v2\/types\/post"}],"author":[{"embeddable":true,"href":"https:\/\/orheifm.live\/index.php\/wp-json\/wp\/v2\/users\/1"}],"replies":[{"embeddable":true,"href":"https:\/\/orheifm.live\/index.php\/wp-json\/wp\/v2\/comments?post=67167"}],"version-history":[{"count":0,"href":"https:\/\/orheifm.live\/index.php\/wp-json\/wp\/v2\/posts\/67167\/revisions"}],"wp:featuredmedia":[{"embeddable":true,"href":"https:\/\/orheifm.live\/index.php\/wp-json\/wp\/v2\/media\/67168"}],"wp:attachment":[{"href":"https:\/\/orheifm.live\/index.php\/wp-json\/wp\/v2\/media?parent=67167"}],"wp:term":[{"taxonomy":"category","embeddable":true,"href":"https:\/\/orheifm.live\/index.php\/wp-json\/wp\/v2\/categories?post=67167"},{"taxonomy":"post_tag","embeddable":true,"href":"https:\/\/orheifm.live\/index.php\/wp-json\/wp\/v2\/tags?post=67167"}],"curies":[{"name":"wp","href":"https:\/\/api.w.org\/{rel}","templated":true}]}}