{"id":67165,"date":"2025-02-14T21:51:16","date_gmt":"2025-02-14T19:51:16","guid":{"rendered":"https:\/\/orheifm.live\/index.php\/2025\/02\/14\/ue-promite-dar-ar-putea-sa-nu-ofere-romania-risca-sa-ramana-fara-10-miliarde-de-euro-din-fondurile-europene-video\/"},"modified":"2025-02-14T21:51:16","modified_gmt":"2025-02-14T19:51:16","slug":"ue-promite-dar-ar-putea-sa-nu-ofere-romania-risca-sa-ramana-fara-10-miliarde-de-euro-din-fondurile-europene-video","status":"publish","type":"post","link":"https:\/\/orheifm.live\/index.php\/2025\/02\/14\/ue-promite-dar-ar-putea-sa-nu-ofere-romania-risca-sa-ramana-fara-10-miliarde-de-euro-din-fondurile-europene-video\/","title":{"rendered":"UE promite, dar ar putea s\u0103 nu ofere. Rom\u00e2nia risc\u0103 s\u0103 r\u0103m\u00e2n\u0103 f\u0103r\u0103 10 miliarde de euro din fondurile europene |VIDEO"},"content":{"rendered":"<div>\n<p><strong>Rom\u00e2nia risc\u0103 s\u0103 piard\u0103 10 miliarde de euro din fondurile europene alocate prin Programul de Recuperare Economic\u0103 din motiv c\u0103 Bucure\u0219tiul a \u00eendeplinit doar 14% din cerin\u021bele Bruxelles-ului, potrivit portalului rom\u00e2nesc StartupCafe.ro. <\/strong><br \/>\n<iframe loading=\"lazy\" title=\"YouTube video player\" src=\"https:\/\/www.youtube.com\/embed\/JHBmeHw2nGM?si=Wkhwufi1OSX-KqX0\" width=\"560\" height=\"315\" frameborder=\"0\" allowfullscreen=\"allowfullscreen\"><\/iframe><br \/>\nConform surselor acestuia, un reprezentant al Comisiei Europene a vizitat \u021bara \u0219i a exprimat nemul\u021bumirea fa\u021b\u0103 de \u00eendeplinirea obliga\u021biilor economice \u0219i juridice de c\u0103tre Bucure\u0219ti, \u00eentr-o manier\u0103 ferm\u0103 \u0219i nepublic\u0103.<\/p>\n<p>P\u00e2n\u0103 \u00een prezent, Rom\u00e2nia a primit de la Comisia European\u0103 9,4 miliarde de euro \u00een cadrul Programului de Recuperare Economic\u0103 \u0219i mai trebuie s\u0103 atrag\u0103 20 de miliarde de euro, \u00eens\u0103 10 miliarde din aceast\u0103 sum\u0103 risc\u0103 s\u0103 nu fie accesate din cauza ne\u00eendeplinirii obiectivelor de investi\u021bii.<\/p>\n<p>\u201e\u00cen ultimele zile, reprezentan\u021bii Comisiei Europene au criticat, \u00een principal, faptul c\u0103 guvernul nu a implementat guvernan\u021ba corporativ\u0103, adic\u0103 numirea directorilor unor companii de stat din sectorul energetic pe baza unor proceduri transparente de concurs.<\/p>\n<p>Un alt punct important care a fost criticat de Comisia European\u0103 este c\u0103 nu a fost numit un nou conduc\u0103tor al Agen\u021biei de Monitorizare \u0219i Evaluare a Activit\u0103\u021bii \u00centreprinderilor de Stat. Doar pentru \u00eendeplinirea acestor puncte era prev\u0103zut\u0103 o alocare de 700 de milioane de euro\u201d, se men\u021bioneaz\u0103 \u00een materialul publicat.<\/p>\n<p>De asemenea, Bucure\u0219tiul nu a adoptat \u00eenc\u0103 Codul Urbanismului, nu a modificat Codul Silvic, nu a realizat reforma fiscal\u0103, nu a introdus un impozit pe poluarea de c\u0103tre transportul auto \u0219i nu a \u00eendeplinit o serie de alte obliga\u021biuni fa\u021b\u0103 de Bruxelles, ceea ce poate duce la pierderi financiare semnificative.<\/p>\n<p>Termenul limit\u0103 pentru implementarea Planului \u00een cadrul Programului de Recuperare Economic\u0103 este 31 august 2026, subliniaz\u0103 StartupCafe.ro.<\/p>\n<\/div>\n","protected":false},"excerpt":{"rendered":"<div><img loading=\"lazy\" decoding=\"async\" width=\"696\" height=\"415\" src=\"https:\/\/canal5.md\/wp-content\/uploads\/2025\/02\/blob-18-1024x611-optimized.jpg\" class=\"attachment-large size-large wp-post-image\" alt=\"\" srcset=\"https:\/\/canal5.md\/wp-content\/uploads\/2025\/02\/blob-18-1024x611-optimized.jpg 1024w, https:\/\/canal5.md\/wp-content\/uploads\/2025\/02\/blob-18-300x179-optimized.jpg 300w, https:\/\/canal5.md\/wp-content\/uploads\/2025\/02\/blob-18-768x458-optimized.jpg 768w, https:\/\/canal5.md\/wp-content\/uploads\/2025\/02\/blob-18-696x415-optimized.jpg 696w, https:\/\/canal5.md\/wp-content\/uploads\/2025\/02\/blob-18-optimized.jpg 1031w\">Rom\u00e2nia risc\u0103 s\u0103 piard\u0103 10 miliarde de euro din fondurile europene alocate prin Programul de Recuperare Economic\u0103 din motiv c\u0103 Bucure\u0219tiul a \u00eendeplinit doar 14% din cerin\u021bele Bruxelles-ului, potrivit portalului rom\u00e2nesc StartupCafe.ro. Conform surselor acestuia, un reprezentant al Comisiei Europene a vizitat \u021bara \u0219i a exprimat nemul\u021bumirea fa\u021b\u0103 de \u00eendeplinirea obliga\u021biilor economice \u0219i juridice de [\u2026]<\/div>\n","protected":false},"author":1,"featured_media":67166,"comment_status":"closed","ping_status":"closed","sticky":false,"template":"","format":"standard","meta":{"jnews-multi-image_gallery":[],"jnews_single_post":[],"jnews_primary_category":[],"jnews_social_meta":[],"jnews_override_counter":[],"footnotes":""},"categories":[30],"tags":[],"class_list":["post-67165","post","type-post","status-publish","format-standard","has-post-thumbnail","hentry","category-social_ro"],"_links":{"self":[{"href":"https:\/\/orheifm.live\/index.php\/wp-json\/wp\/v2\/posts\/67165","targetHints":{"allow":["GET"]}}],"collection":[{"href":"https:\/\/orheifm.live\/index.php\/wp-json\/wp\/v2\/posts"}],"about":[{"href":"https:\/\/orheifm.live\/index.php\/wp-json\/wp\/v2\/types\/post"}],"author":[{"embeddable":true,"href":"https:\/\/orheifm.live\/index.php\/wp-json\/wp\/v2\/users\/1"}],"replies":[{"embeddable":true,"href":"https:\/\/orheifm.live\/index.php\/wp-json\/wp\/v2\/comments?post=67165"}],"version-history":[{"count":0,"href":"https:\/\/orheifm.live\/index.php\/wp-json\/wp\/v2\/posts\/67165\/revisions"}],"wp:featuredmedia":[{"embeddable":true,"href":"https:\/\/orheifm.live\/index.php\/wp-json\/wp\/v2\/media\/67166"}],"wp:attachment":[{"href":"https:\/\/orheifm.live\/index.php\/wp-json\/wp\/v2\/media?parent=67165"}],"wp:term":[{"taxonomy":"category","embeddable":true,"href":"https:\/\/orheifm.live\/index.php\/wp-json\/wp\/v2\/categories?post=67165"},{"taxonomy":"post_tag","embeddable":true,"href":"https:\/\/orheifm.live\/index.php\/wp-json\/wp\/v2\/tags?post=67165"}],"curies":[{"name":"wp","href":"https:\/\/api.w.org\/{rel}","templated":true}]}}