{"id":67163,"date":"2025-02-14T21:49:00","date_gmt":"2025-02-14T19:49:00","guid":{"rendered":"https:\/\/orheifm.live\/index.php\/2025\/02\/14\/auditorii-socati-de-rezultatele-verificarii-miliarde-de-lei-cheltuite-ilegal-si-erori-grave-in-ministerul-educatiei-video\/"},"modified":"2025-02-14T21:49:00","modified_gmt":"2025-02-14T19:49:00","slug":"auditorii-socati-de-rezultatele-verificarii-miliarde-de-lei-cheltuite-ilegal-si-erori-grave-in-ministerul-educatiei-video","status":"publish","type":"post","link":"https:\/\/orheifm.live\/index.php\/2025\/02\/14\/auditorii-socati-de-rezultatele-verificarii-miliarde-de-lei-cheltuite-ilegal-si-erori-grave-in-ministerul-educatiei-video\/","title":{"rendered":"Auditorii \u0219oca\u021bi de rezultatele verific\u0103rii: Miliarde de lei cheltuite ilegal \u0219i erori grave \u00een Ministerul Educa\u021biei |VIDEO"},"content":{"rendered":"<div>\n<p><strong>Rezultatele auditului Camerei de Conturi privind modul \u00een care au fost cheltui\u021bi banii publici \u00een cadrul Ministerului Educa\u021biei pentru anul 2023 nu sunt doar o bomb\u0103, ci o adev\u0103rat\u0103 execu\u021bie a func\u021bionarilor guvernului PAS. <\/strong><br \/>\n<iframe loading=\"lazy\" title=\"YouTube video player\" src=\"https:\/\/www.youtube.com\/embed\/TIw0FxzHlBE?si=NAw07Qr0S5qHPjnw\" width=\"560\" height=\"315\" frameborder=\"0\" allowfullscreen=\"allowfullscreen\"><\/iframe><br \/>\n\u00cen urma verific\u0103rii, s-a descoperit c\u0103, din cauza a\u0219a- numitelor erori \u00een raportarea contabil\u0103 a activelor gestionate de Ministerul Educa\u021biei, condus de absolventul Universit\u0103\u021bii Cambridge, Dan Perciun, nu se poate confirma valoarea restului de 7 miliarde 700 milioane de lei, de\u0219i aceast\u0103 sum\u0103 ar fi trebuit s\u0103 fie reflectat\u0103 la sf\u00e2r\u0219itul anului 2023.<\/p>\n<p>Apropo, raportul Cur\u021bii de Conturi a fost publicat abia acum, pentru c\u0103 ministerul lui Perciun a ignorat recomand\u0103rile de corectare a deficien\u021belor \u2013 12 la num\u0103r, dintre care doar una a fost \u00eendeplinit\u0103. Sumele cheltuite ilegal \u0219i utilizarea necorespunz\u0103toare a fondurilor \u00een cadrul unui singur minister i-au \u0219ocat chiar \u0219i pe deputa\u021bii din parlament, dar nu pe cei din<br \/>\nfrac\u021biunea PAS, bine\u00een\u021beles.<\/p>\n<p>Rezultatele auditului Camerei de Conturi privind modul \u00een care au fost cheltui\u021bi banii publici \u00een cadrul Ministerului Educa\u021biei pentru anul 2023 nu sunt doar o bomb\u0103, ci o adev\u0103rat\u0103 execu\u021bie a func\u021bionarilor guvernului PAS.<\/p>\n<p>G\u00e2ndi\u021bi-v\u0103 doar: \u00een urma verific\u0103rii, s- a descoperit c\u0103, din cauza a\u0219a-numitelor erori \u00een raportarea contabil\u0103 a activelor gestionate de Ministerul Educa\u021biei, condus de absolventul Universit\u0103\u021bii Cambridge, Dan Perciun, nu se poate confirma valoarea restului de 7 miliarde 700 milioane de lei, de\u0219i aceast\u0103 sum\u0103 ar fi trebuit s\u0103 fie reflectat\u0103 la sf\u00e2r\u0219itul anului 2023.<\/p>\n<p>Nu a\u021bi auzit gre\u0219it \u2014 aproape 8 miliarde. Apropo, raportul Camerei de Conturi a fost publicat abia acum, pentru c\u0103 departamentul lui Perciun a ignorat recomand\u0103rile de corectare a deficien\u021belor \u2014 Perciun a primit 12 recomand\u0103ri, dintre care doar una a fost \u00eendeplinit\u0103.<\/p>\n<p>Sumele cheltuite ilegal \u0219i utilizarea necorespunz\u0103toare a fondurilor \u00een cadrul unui singur minister i-au \u0219ocat chiar \u0219i pe deputa\u021bii din parlament, dar nu pe cei din frac\u021biunea PAS, bine\u00een\u021beles. La ace\u0219tia totul func\u021bioneaz\u0103 pe principiul: \u201eo m\u00e2na spal\u0103 pe alta\u201d.<\/p>\n<p>La \u0219edin\u021ba comisiei parlamentare pentru controlul finan\u021belor publice, unde a fost prezentat raportul de audit, deputata independent\u0103 Victoria Cazacu a cerut explica\u021bii \u0219i m\u0103suri concrete \u00een leg\u0103tur\u0103 cu \u00eenc\u0103lc\u0103rile identificate de Camera de Conturi \u00een gestionarea finan\u021belor publice ale Ministerului Educa\u021biei.<\/p>\n<p>VICTORIA CAZACU, deputat independent<\/p>\n<p>Aici sunt multe gre\u0219eli \u00een contabilitate. M\u0103 intereseaz\u0103, a fost tras la r\u0103spundere vreun contabil? Ce r\u0103spundere a avut? 01:05 Pentru c\u0103 nu este vorba despre gre\u0219eli de c\u00e2teva sute de lei, ci despre miliarde, dup\u0103 cum \u00een\u021beleg eu.<\/p>\n<p>Ca r\u0103spuns, un func\u021bionar din Ministerul Educa\u021biei a declarat c\u0103 nu toate structurile subordonate ministerului au contabili, a\u0219a c\u0103 este foarte greu s\u0103 lucrezi! Ei bine, genial! Nu exist\u0103 contabil \u2014 nu exist\u0103 problem\u0103! Orice persoan\u0103 ra\u021bional\u0103 ar \u00eentreba \u2014 dar totu\u0219i, cineva prezint\u0103 aceast\u0103 raportare? Banii, de fapt, cineva \u00eei cheltuie? \u0218i acum ni se spune, f\u0103r\u0103 jen\u0103, nu \u0219tim, nu avem speciali\u0219ti, nu avem pe cine s\u0103 punem s\u0103 fac\u0103 calculele.<\/p>\n<p>Iat\u0103 a\u0219a, dans\u00e2nd, Ministerul Educa\u021biei, \u00een cadrul proiectului \u201eEduca\u021bie Superioar\u0103\u201d, a subevaluat valoarea activelor imateriale. \u00cen schimb, cheltuielile pentru acest proiect au fost supraestimate cu 22 milioane de lei.<\/p>\n<p>La Universitatea Pedagogic\u0103 de Stat \u201eIon Creang\u0103\u201d, nu doar c\u0103 s- au descoperit cheltuieli neclare \u0219i nejustificate, dar valoarea activelor a fost supraestimat\u0103 cu 128 de milioane de lei.<\/p>\n<p>Auditorii s- au confruntat cu dificult\u0103\u021bi \u0219i \u00een verificarea valorii manualelor achizi\u021bionate pentru studen\u021bi, \u00een sum\u0103 de 42 milioane 700 mii de lei. Mai mult dec\u00e2t at\u00e2t, \u00een raport\u0103rile ministerului au fost reflectate gre\u0219it investi\u021biile capitale \u2014 36 milioane de lei sunt \u00eenregistrate \u00een documentele contabile ca investi\u021bii neterminate, \u00een timp ce toate proiectele au fost deja finalizate.<\/p>\n<p>Ce \u00eenseamn\u0103 asta? De exemplu, repara\u021biile institu\u021biilor de \u00eenv\u0103\u021b\u0103m\u00e2nt au fost deja efectuate, dar \u00een documente \u00eenc\u0103 sunt \u00een proces, ceea ce \u00eenseamn\u0103 c\u0103 trebuie alocate \u00eenc\u0103 fonduri din bugetul de stat pentru a le finaliza. O schem\u0103 convenabil\u0103!<\/p>\n<p>Situa\u021bia cu Centrul Republican pentru Copii \u0219i Tineret \u201eArtico\u201d este, probabil, cel mai evident exemplu de corup\u021bie. Cl\u0103direa administrativ\u0103 este \u00eenregistrat\u0103 \u00een documentele contabile ca investi\u021bie capital\u0103 neterminat\u0103 \u00een valoare de 105 milioane de lei, de\u0219i aceasta a fost folosit\u0103 pentru scopul s\u0103u pentru mul\u021bi ani.<\/p>\n<p>Acela\u0219i centru nu a efectuat reevaluarea a patru terenuri \u00een valoare de 3,4 milioane de lei pentru a aduce valoarea lor contabil\u0103 \u00een concordan\u021b\u0103 cu datele extraselor cadastrale. Un alt caz de subevaluare a terenurilor a fost descoperit la \u0218coala Sportiv\u0103 Specializat\u0103 de Lupte \u201eAndrei Doga\u201d din Chi\u0219in\u0103u.<\/p>\n<p>\u00cen total, Ministerul Educa\u021biei a subevaluat valoarea financiar\u0103 \u0219i a activelor\u00a0 pentru 11 terenuri aflate \u00een administrarea ministerului, cu 27,9 milioane de lei. \u00cent\u00e2rzierea \u00een implementarea unor proiecte de investi\u021bii capitale a dus la cre\u0219terea cheltuielilor doar pentru un obiectiv din cinci cu 11,8 milioane de lei.<\/p>\n<p>\u00cen absen\u021ba unui control asupra cheltuielilor, dep\u0103\u0219irea fondurilor alocate federa\u021biilor sportive a fost de mai mult de 5,1 milioane de lei. Unele dintre acestea au primit din bugetul de stat, \u00eentr-un singur an, 19 milioane 400 de mii de lei.<\/p>\n<p>Institu\u021biile de \u00eenv\u0103\u021b\u0103m\u00e2nt au acumulat datorii la granturi \u00een valoare de 239 milioane 800 mii de lei. Au fost descoperite neconcordan\u021be privind cheltuirea a mai mult de 7 milioane de lei pentru programul de \u00eenv\u0103\u021bare a limbii rom\u00e2ne.<\/p>\n<p>Auditorii au constatat c\u0103 beneficiarii, care se pretindea c\u0103 au urmat cursurile, nu aveau nicio leg\u0103tur\u0103 cu acestea. Cu alte cuvinte, erau \u00eentocmite liste false de persoane, sub care se ob\u021bineau pur \u0219i simplu bani din bugetul de stat.<\/p>\n<p>DIN REZULTATELE AUDITULUI CAMEREI DE CONTURI<\/p>\n<p>Valoarea a 11 terenuri a fost subevaluat\u0103 cu 27,9 milioane de lei<\/p>\n<p>Cheltuieli nejustificate de 11,8 milioane de lei pentru doar 1 din cele 5 proiecte de investi\u021bii<br \/>\nPeste 5,1 milioane de lei \u2014 dep\u0103\u0219ire a bugetului din cauza acord\u0103rii necontrolate a fondurilor publice pentru federa\u021biile sportive 239 milioane 800 de mii de lei \u2014 datorii pentru granturi Peste 7 milioane de lei \u2014 cheltuieli netransparente pentru programul de \u00eenv\u0103\u021bare a limbii rom\u00e2ne<\/p>\n<p>\u0218i aceasta este doar o parte din \u00eenc\u0103lc\u0103rile financiare descoperite \u00eentr-un singur minister al guvernului regimului Sandu- PAS. Per general, via\u021ba func\u021bionarilor din partidul Maiei Sandu, merge bine. Merg, la discotec\u0103, danseaz\u0103, totul e bine. Asta e muzica pe care Perciun a dansat-o<\/p>\n<\/div>\n","protected":false},"excerpt":{"rendered":"<div><img decoding=\"async\" width=\"480\" height=\"320\" src=\"https:\/\/canal5.md\/wp-content\/uploads\/2025\/02\/i-2-1-optimized.webp\" class=\"attachment-large size-large wp-post-image\" alt=\"\" loading=\"lazy\" srcset=\"https:\/\/canal5.md\/wp-content\/uploads\/2025\/02\/i-2-1-optimized.webp 480w, https:\/\/canal5.md\/wp-content\/uploads\/2025\/02\/i-2-1-300x200-optimized.webp 300w\">Rezultatele auditului Camerei de Conturi privind modul \u00een care au fost cheltui\u021bi banii publici \u00een cadrul Ministerului Educa\u021biei pentru anul 2023 nu sunt doar o bomb\u0103, ci o adev\u0103rat\u0103 execu\u021bie a func\u021bionarilor guvernului PAS. \u00cen urma verific\u0103rii, s-a descoperit c\u0103, din cauza a\u0219a- numitelor erori \u00een raportarea contabil\u0103 a activelor gestionate de Ministerul Educa\u021biei, condus [\u2026]<\/div>\n","protected":false},"author":1,"featured_media":67164,"comment_status":"closed","ping_status":"closed","sticky":false,"template":"","format":"standard","meta":{"jnews-multi-image_gallery":[],"jnews_single_post":[],"jnews_primary_category":[],"jnews_social_meta":[],"jnews_override_counter":[],"footnotes":""},"categories":[30],"tags":[],"class_list":["post-67163","post","type-post","status-publish","format-standard","has-post-thumbnail","hentry","category-social_ro"],"_links":{"self":[{"href":"https:\/\/orheifm.live\/index.php\/wp-json\/wp\/v2\/posts\/67163","targetHints":{"allow":["GET"]}}],"collection":[{"href":"https:\/\/orheifm.live\/index.php\/wp-json\/wp\/v2\/posts"}],"about":[{"href":"https:\/\/orheifm.live\/index.php\/wp-json\/wp\/v2\/types\/post"}],"author":[{"embeddable":true,"href":"https:\/\/orheifm.live\/index.php\/wp-json\/wp\/v2\/users\/1"}],"replies":[{"embeddable":true,"href":"https:\/\/orheifm.live\/index.php\/wp-json\/wp\/v2\/comments?post=67163"}],"version-history":[{"count":0,"href":"https:\/\/orheifm.live\/index.php\/wp-json\/wp\/v2\/posts\/67163\/revisions"}],"wp:featuredmedia":[{"embeddable":true,"href":"https:\/\/orheifm.live\/index.php\/wp-json\/wp\/v2\/media\/67164"}],"wp:attachment":[{"href":"https:\/\/orheifm.live\/index.php\/wp-json\/wp\/v2\/media?parent=67163"}],"wp:term":[{"taxonomy":"category","embeddable":true,"href":"https:\/\/orheifm.live\/index.php\/wp-json\/wp\/v2\/categories?post=67163"},{"taxonomy":"post_tag","embeddable":true,"href":"https:\/\/orheifm.live\/index.php\/wp-json\/wp\/v2\/tags?post=67163"}],"curies":[{"name":"wp","href":"https:\/\/api.w.org\/{rel}","templated":true}]}}