{"id":67161,"date":"2025-02-14T21:53:23","date_gmt":"2025-02-14T19:53:23","guid":{"rendered":"https:\/\/orheifm.live\/index.php\/2025\/02\/14\/criza-din-sectorul-agricol-fermierii-acuza-guvernul-de-masuri-daunatoare-si-cer-revizuirea-legii-subventiilor-si-a-creditarii-video\/"},"modified":"2025-02-14T21:53:23","modified_gmt":"2025-02-14T19:53:23","slug":"criza-din-sectorul-agricol-fermierii-acuza-guvernul-de-masuri-daunatoare-si-cer-revizuirea-legii-subventiilor-si-a-creditarii-video","status":"publish","type":"post","link":"https:\/\/orheifm.live\/index.php\/2025\/02\/14\/criza-din-sectorul-agricol-fermierii-acuza-guvernul-de-masuri-daunatoare-si-cer-revizuirea-legii-subventiilor-si-a-creditarii-video\/","title":{"rendered":"Criza din sectorul agricol: Fermierii acuz\u0103 guvernul de m\u0103suri d\u0103un\u0103toare \u0219i cer revizuirea legii subven\u021biilor \u0219i a credit\u0103rii |VIDEO"},"content":{"rendered":"<div>\n<p><strong>Situa\u021bia din sectorul agricol devine tot mai grav\u0103 din cauza problemelor legate de creditare, lipsei sprijinului guvernamental \u0219i a legilor adoptate de conducerea PAS, care aduc mai mult r\u0103u dec\u00e2t bine. Acestea sunt declara\u021biile f\u0103cute de reprezentan\u021bii \u201eFor\u021ba Fermierilor\u201d la \u0219edin\u021ba Consiliului Asocia\u021biei. <\/strong><br \/>\n<iframe loading=\"lazy\" title=\"YouTube video player\" src=\"https:\/\/www.youtube.com\/embed\/g-EuYRLG5vE?si=qor2HQoB9cFpFMIG\" width=\"560\" height=\"315\" frameborder=\"0\" allowfullscreen=\"allowfullscreen\"><\/iframe><br \/>\nPotrivit acestora, multe dintre gospod\u0103riile agricole mici \u0219i mijlocii nu dispun nici m\u0103car de resursele minime necesare pentru a \u00eencepe lucr\u0103rile de c\u00e2mp din prim\u0103var\u0103. Asocia\u021bia a apelat la guvern \u0219i parlament pentru a revizui proiectul de lege referitor la subven\u021biile pentru produc\u021bia de culturi oleaginoase \u0219i cereale \u0219i pentru a oferi sprijin \u00een domeniul credit\u0103rii.<\/p>\n<p>Potrivit reprezentan\u021bilor Asocia\u021biei \u201eFor\u021ba Fermierilor\u201d, autorit\u0103\u021bile ac\u021bioneaz\u0103 \u00een mod inten\u021bionat pentru a \u201es\u0103pa terenul de sub picioarele\u201d agricultorilor care au suferit pierderi semnificative anul trecut.<\/p>\n<p>Aceast\u0103 declara\u021bie a fost f\u0103cut\u0103 \u00een contextul unui nou proiect de lege privind anularea subven\u021biilor pentru culturile de oleaginoase \u0219i cereale, al c\u0103ror pondere dep\u0103\u0219e\u0219te 80% din volumul total al produc\u021biei agricole din Moldova.<\/p>\n<p>ALEXANDRU B\u0102D\u0102R\u0102U, director executiv al Asocia\u021biei \u201eFor\u021ba Fermierilor\u201d<\/p>\n<p>\u00cen aceast\u0103 lege se prevede c\u0103 statul nu inten\u021bioneaz\u0103 s\u0103 subven\u021bioneze produc\u0103torii agricoli care cultiv\u0103 cereale \u0219i oleaginoase.<\/p>\n<p>\u00cen plus, Ministerul nostru a decis s\u0103 elimine subven\u021biile pentru dob\u00e2nzile la credite, ceea ce reduce considerabil \u0219ansele fermierilor de a ob\u021bine un credit. Proiectul nu este finalizat, \u00een primul r\u00e2nd. \u00cens\u0103 graba cu care se va aproba va face mai mult r\u0103u dec\u00e2t bine. De aceea, am f\u0103cut apel pentru a corecta aceast\u0103 lege \u0219i a o trimite din nou spre discu\u021bii.<\/p>\n<p>Alexandr B\u0103d\u0103r\u0103u a subliniat c\u0103 doar \u00een 2024 fermierii au contribuit la bugetul de stat prin taxe \u00een valoare de 3 miliarde 760 milioane de lei, dintre care aproximativ 80% au fost pl\u0103tite de produc\u0103torii de cereale \u0219i culturi oleaginoase, \u00een num\u0103r de cel pu\u021bin 4000 de gospod\u0103rii, ce lucreaz\u0103 aproape un milion \u0219i jum\u0103tate de hectare. Iar a le lipsi de subven\u021bii este echivalent cu distrugerea sectorului, afirm\u0103 B\u0103d\u0103r\u0103u.<\/p>\n<p>SERGHEI IVANOV, fermier din raionul F\u0103le\u0219ti<\/p>\n<p>Dar at\u00eeta timp c\u00eet nu se investe\u0219te echidistant \u0219i cu reguli de joc uniform pentru to\u021bi eu nu v\u0103d cum se v-a dezvolta agricultura pentru c\u0103 \u0219i zootehnia dac\u0103 nu v-a avea cereale din RM atunci eu nu v\u0103d cum se v-a dezvolta aceasta zootehnie pentru c\u0103 suntem str\u00een\u0219 lega\u021bi unul de cel\u0103lalt \u0219i presupun eu c\u0103 un factor care a influen\u021bat negativ din p\u0103cate ceea ce \u021bine interesul \u00een sectorul produsului cereale poate fi \u0219i aceste proteste care noi le-am f\u0103cut \u00een urma discu\u021biilor sterile toate cu Guvernul \u0219i poate ei consider\u0103 c\u0103 sistemul cerealelor trebuie un sistem omor\u00eet pentru c\u0103 cei lal\u021bi sunt mai ascult\u0103tori poate \u0219i asta .<\/p>\n<p>Fostul director executiv al Asocia\u021biei \u201eFor\u021ba Fermierilor\u201d, Alexandr Slusari, coment\u00e2nd proiectul de lege privind anularea subven\u021biilor, l-a numit o manifestare extrem\u0103 a haosului \u00een legisla\u021bie.<\/p>\n<p>ALEXANDRU SLUSARI, fost director executiv asocia\u021bia \u201eFor\u021ba Fermierilor\u201d<\/p>\n<p>Adic\u0103, acum avem un haos at\u00e2t de mare, \u00eenc\u00e2t, dac\u0103 m\u0103 \u00eentreba\u021bi cum va fi subven\u021bionat sectorul agricol \u00een acest an, nu \u0219tiu! Nu \u0219tiu nici dac\u0103 Ministerul Agriculturii va putea r\u0103spunde la aceast\u0103 \u00eentrebare.<\/p>\n<p>O alt\u0103 problem\u0103 acut\u0103 pentru agricultori este faptul c\u0103 aproape jum\u0103tate dintre produc\u0103tori nu pot ob\u021bine nu doar subven\u021bii, dar nici credite.<\/p>\n<p>ALEXANDRU B\u0102D\u0102R\u0102U, directorul executiv al Asocia\u021biei \u201eFor\u021ba Fermierilor\u201d<\/p>\n<p>\u00cen acest moment, ace\u0219tia nu mai au nici fonduri, nici resurse financiare. B\u0103ncile \u0219i, ceea ce este \u0219i mai grav, furnizorii, au impus condi\u021bii foarte stricte pentru a acorda credite fermierilor, fie \u00een bani, fie \u00een semin\u021be sau produse. Conform calculelor noastre, \u00eentre 30% \u0219i 40% din totalul fermierilor din \u00eentreaga republic\u0103 se afl\u0103 \u00eentr- o astfel de situa\u021bie.<\/p>\n<p>Alexandru B\u0103d\u0103r\u0103u a subliniat c\u0103, potrivit datelor oficiale, \u00een ianuarie 2025 fermierilor le-au fost pl\u0103tite 427 milioane 200 mii de lei, ceea ce reprezint\u0103 aproximativ 70% din suma acordat\u0103 \u00een aceea\u0219i perioad\u0103 a anului 2024.<\/p>\n<p>Cu toate acestea, cea mai mare parte a acestor subven\u021bii, potrivit lui B\u0103d\u0103r\u0103u, au fost primite de marii produc\u0103tori agricoli, care nu se confrunt\u0103 cu probleme financiare \u0219i de credit. \u00cen schimb, gospod\u0103riile agricole mici \u0219i mijlocii \u00eenc\u0103 nu au primit sus\u021binere din partea statului.<\/p>\n<p>La \u00eent\u00e2lnirea asocia\u021biei au fost invita\u021bi \u0219i reprezentan\u021bi ai Ministerului Agriculturii, dar ace\u0219tia nu s-au prezentat. \u00centre timp, dup\u0103 \u0219edin\u021ba guvernului, ministrul agriculturii, Ludmila Catlabuga, a f\u0103cut o declara\u021bie despre datoriile fa\u021b\u0103 de subven\u021bii, care a ajuns imediat \u00een topul celor mai controversate afirma\u021bii ale acestui guvern.<\/p>\n<p>LUDMILA CATLABUGA, ministrul Agriculturii \u0219i Industriei Alimentare<\/p>\n<p>Nu avem datorii. Avem restan\u021be la cererile care au fost acumulate anul trecut. Pe de o parte, bucur\u0103 faptul c\u0103 investi\u021biile au fost efectuate \u00een acest sector agricol \u0219i asta bucur\u0103. Totodat\u0103, avem cererile care sunt acum \u00een procesare. Derularea \u0219i debursarea acestor bani urmeaz\u0103 pe tot parcursul anului.\u201d<\/p>\n<p>Cu siguran\u021b\u0103, banii care intr\u0103 \u00een conturile fermierilor, sper s\u0103 fie, \u0219i asta am \u0219i identificat-o ca prima surs\u0103 care ar putea s\u0103 \u00eenceap\u0103 sezonul agricol \u0219i indica\u021bia, \u0219i prioritatea num\u0103rul unu la Agen\u021bie a fost ca s\u0103 putem procesa \u0219i dosarele privind dob\u00e2nzile la credite ca s\u0103 poat\u0103 c\u00e2t mai rapid intra ace\u0219ti bani \u00een conturi.<\/p>\n<p>Conform estim\u0103rilor Asocia\u021biei \u201eFor\u021ba Fermierilor\u201d, cel pu\u021bin 1200 de gospod\u0103rii agricole mici \u0219i mijlocii, afectate \u00een anii anteriori de secet\u0103, nu au primit \u00eenc\u0103 subven\u021bii. \u00cen acela\u0219i timp, \u00eenghe\u021barea creditelor a dus la faptul c\u0103 sute de fermieri nu pot \u00eencepe lucr\u0103rile de c\u00e2mp din prim\u0103var\u0103.<\/p>\n<p>SERGIU STEFANCO, fermier, raionul Cahul<\/p>\n<p>F\u0103r\u0103 creditare, sectorul agricol se \u00eendreapt\u0103 practic spre autodistrugere. Oamenii nu au fonduri pentru a \u00eencepe lucr\u0103rile de prim\u0103var\u0103 \u2013 de la piese de schimb, salarii, motorin\u0103, p\u00e2n\u0103 la \u00eengr\u0103\u0219\u0103minte pentru gr\u00e2u \u0219i rapi\u021b\u0103. Pur \u0219i simplu, nu au posibilitatea de a face acest lucru.<\/p>\n<p>GHEORGHE JURCANU, fermier raionul Cahul<\/p>\n<p>Ca s\u0103 ie\u0219im pe c\u00e2mp, nici m\u0103car pentru motorin\u0103 nu avem bani. \u0218tiu sigur, am contactat b\u0103ncile \u0219i mi-au spus: \u201e\u00cen prezent, pentru voi nu exist\u0103 nimic.\u201d<\/p>\n<p>Dac\u0103 acum nu vom oferi \u00eengr\u0103\u0219\u0103minte culturilor noastre, cu siguran\u021b\u0103 vom avea un mare minus \u00een viitor, m\u0103 refer p\u00e2n\u0103 la recoltare. A\u0219 vrea foarte mult s\u0103 aflu de la persoanele responsabile\u00a0 cum putem ie\u0219i pe c\u00e2mp, de unde s\u0103 ob\u021binem bani?<\/p>\n<p>Asocia\u021bia \u201eFor\u021ba Fermierilor\u201d s-a adresat guvernului, parlamentului \u0219i administra\u021biei preziden\u021biale cu un apel de a revizui proiectul de lege d\u0103un\u0103tor pentru agricultur\u0103, de a organiza consult\u0103ri publice cu fermierii \u00een leg\u0103tur\u0103 cu subven\u021bionarea produc\u021biei de culturi oleaginoase \u0219i cereale, precum \u0219i de a oferi garan\u021bii \u00een domeniul credit\u0103rii. Aceste m\u0103suri sunt, potrivit agricultorilor, singura posibilitate de a ajuta fermierii s\u0103 supravie\u021buiasc\u0103 \u00een condi\u021biile extrem de dificile de acum.<\/p>\n<\/div>\n","protected":false},"excerpt":{"rendered":"<div><img loading=\"lazy\" decoding=\"async\" width=\"696\" height=\"351\" src=\"https:\/\/canal5.md\/wp-content\/uploads\/2025\/02\/blob-16-1024x517-optimized.jpg\" class=\"attachment-large size-large wp-post-image\" alt=\"\" srcset=\"https:\/\/canal5.md\/wp-content\/uploads\/2025\/02\/blob-16-1024x517-optimized.jpg 1024w, https:\/\/canal5.md\/wp-content\/uploads\/2025\/02\/blob-16-300x151-optimized.jpg 300w, https:\/\/canal5.md\/wp-content\/uploads\/2025\/02\/blob-16-768x388-optimized.jpg 768w, https:\/\/canal5.md\/wp-content\/uploads\/2025\/02\/blob-16-696x351-optimized.jpg 696w, https:\/\/canal5.md\/wp-content\/uploads\/2025\/02\/blob-16-1068x539-optimized.jpg 1068w, https:\/\/canal5.md\/wp-content\/uploads\/2025\/02\/blob-16-optimized.jpg 1092w\">Situa\u021bia din sectorul agricol devine tot mai grav\u0103 din cauza problemelor legate de creditare, lipsei sprijinului guvernamental \u0219i a legilor adoptate de conducerea PAS, care aduc mai mult r\u0103u dec\u00e2t bine. Acestea sunt declara\u021biile f\u0103cute de reprezentan\u021bii \u201eFor\u021ba Fermierilor\u201d la \u0219edin\u021ba Consiliului Asocia\u021biei. Potrivit acestora, multe dintre gospod\u0103riile agricole mici \u0219i mijlocii nu dispun nici [\u2026]<\/div>\n","protected":false},"author":1,"featured_media":67162,"comment_status":"closed","ping_status":"closed","sticky":false,"template":"","format":"standard","meta":{"jnews-multi-image_gallery":[],"jnews_single_post":[],"jnews_primary_category":[],"jnews_social_meta":[],"jnews_override_counter":[],"footnotes":""},"categories":[23],"tags":[],"class_list":["post-67161","post","type-post","status-publish","format-standard","has-post-thumbnail","hentry","category-politica_ro"],"_links":{"self":[{"href":"https:\/\/orheifm.live\/index.php\/wp-json\/wp\/v2\/posts\/67161","targetHints":{"allow":["GET"]}}],"collection":[{"href":"https:\/\/orheifm.live\/index.php\/wp-json\/wp\/v2\/posts"}],"about":[{"href":"https:\/\/orheifm.live\/index.php\/wp-json\/wp\/v2\/types\/post"}],"author":[{"embeddable":true,"href":"https:\/\/orheifm.live\/index.php\/wp-json\/wp\/v2\/users\/1"}],"replies":[{"embeddable":true,"href":"https:\/\/orheifm.live\/index.php\/wp-json\/wp\/v2\/comments?post=67161"}],"version-history":[{"count":0,"href":"https:\/\/orheifm.live\/index.php\/wp-json\/wp\/v2\/posts\/67161\/revisions"}],"wp:featuredmedia":[{"embeddable":true,"href":"https:\/\/orheifm.live\/index.php\/wp-json\/wp\/v2\/media\/67162"}],"wp:attachment":[{"href":"https:\/\/orheifm.live\/index.php\/wp-json\/wp\/v2\/media?parent=67161"}],"wp:term":[{"taxonomy":"category","embeddable":true,"href":"https:\/\/orheifm.live\/index.php\/wp-json\/wp\/v2\/categories?post=67161"},{"taxonomy":"post_tag","embeddable":true,"href":"https:\/\/orheifm.live\/index.php\/wp-json\/wp\/v2\/tags?post=67161"}],"curies":[{"name":"wp","href":"https:\/\/api.w.org\/{rel}","templated":true}]}}