{"id":67159,"date":"2025-02-14T21:47:05","date_gmt":"2025-02-14T19:47:05","guid":{"rendered":"https:\/\/orheifm.live\/index.php\/2025\/02\/14\/procesul-in-cazul-eugeniei-gutul-si-svetlanei-popan-a-fost-din-nou-amanat-din-cauza-presiunii-autoritatilor-activista-victorie-a-ajuns-la-spital-video\/"},"modified":"2025-02-14T21:47:05","modified_gmt":"2025-02-14T19:47:05","slug":"procesul-in-cazul-eugeniei-gutul-si-svetlanei-popan-a-fost-din-nou-amanat-din-cauza-presiunii-autoritatilor-activista-victorie-a-ajuns-la-spital-video","status":"publish","type":"post","link":"https:\/\/orheifm.live\/index.php\/2025\/02\/14\/procesul-in-cazul-eugeniei-gutul-si-svetlanei-popan-a-fost-din-nou-amanat-din-cauza-presiunii-autoritatilor-activista-victorie-a-ajuns-la-spital-video\/","title":{"rendered":"Procesul \u00een cazul Eugeniei Gutul \u0219i Svetlanei Popan a fost din nou am\u00e2nat. Din cauza presiunii autorit\u0103\u021bilor, activista \u201eVictorie\u201d a ajuns la spital |VIDEO"},"content":{"rendered":"<div>\n<p><strong>Svetlana Popan, acuzat\u0103 al\u0103turi de ba\u0219canul G\u0103g\u0103uziei, Evghenia Gu\u021bul, de finan\u021barea ilegal\u0103 a unui partid politic, se afl\u0103 \u00een spital de c\u00e2teva zile. Potrivit lui Gu\u021bul, starea de s\u0103n\u0103tate a colegei sale s-a deteriorat din cauza presiunilor la care sunt supuse. Din acest motiv, \u0219edin\u021ba de judecat\u0103 planificat\u0103 pentru ast\u0103zi a fost am\u00e2nat\u0103 pentru 18 februarie. Ba\u0219canul a reafirmat c\u0103 dosarul \u00eempotriva ei este unul politic.<\/strong><br \/>\n<iframe loading=\"lazy\" title=\"YouTube video player\" src=\"https:\/\/www.youtube.com\/embed\/Q6SxygJdCic?si=PyB9zOx8D9hbckF_\" width=\"560\" height=\"315\" frameborder=\"0\" allowfullscreen=\"allowfullscreen\"><\/iframe><br \/>\n\u0218edin\u021ba de judecat\u0103 din 14 februarie, care a durat mai pu\u021bin de 10 minute, a fost am\u00e2nat\u0103 pentru 18 februarie. Dup\u0103 \u00eencheierea acesteia, ba\u0219canul G\u0103g\u0103uziei, Evghenia Gu\u021bul, a explicat c\u0103 am\u00e2narea a fost cauzat\u0103 de deteriorarea st\u0103rii de s\u0103n\u0103tate a Svetlanei, din cauza presiunii psihologice exercitate asupra celor dou\u0103 acuzate \u00een proces \u00een timpul multiplelor \u0219edin\u021be de judecat\u0103, care, conform lui Gu\u021bul, au devenit un instrument de presiune asupra opozi\u021biei.<\/p>\n<p>EVGHENIA GU\u021aUL, ba\u0219canul G\u0103g\u0103uziei<\/p>\n<p>La a doua \u0219edin\u021b\u0103 de judecat\u0103, din cauza st\u0103rii de s\u0103n\u0103tate, colega mea, Svetlana Popan, nu poate fi prezent\u0103. Ea se afl\u0103 deja de c\u00e2teva zile \u00een spital. Are probleme grave de s\u0103n\u0103tate, care, printre altele, au fost provocate de ac\u021biunile ilegale ale autorit\u0103\u021bilor, care judec\u0103 o persoan\u0103 nevinovat\u0103.<\/p>\n<p>Ba\u015fkanul Evghenia Gu\u021bul a subliniat din nou c\u0103 dosarul \u00eempotriva ei \u0219i a Svetlanei Popan are un caracter politic. Ea \u0219i-a<\/p>\n<p>exprimat \u00eencrederea c\u0103 cei care dau ordinele criminale judec\u0103torilor \u0219i procurorilor vor ajunge mai devreme sau mai t\u00e2rziu pe banca acuza\u021bilor.<\/p>\n<p>EVGHENIA GU\u021aUL, ba\u0219canul G\u0103g\u0103uziei 01:43 Va avea loc o conferin\u021b\u0103 de pres\u0103 din partea doamnei<\/p>\n<p>Dragalin. Sper\u0103m c\u0103 \u00een cadrul acestei conferin\u021be ea va clarifica toate detaliile \u0219i va sublinia toate ac\u021biunile ilegale \u0219i abuzurile comise de partidul PAS, care comand\u0103 dosare penale pentru a judeca persoane care nu au \u00eenc\u0103lcat legea, nu au \u00eenc\u0103lcat Codul Penal \u0219i care nu ar trebui s\u0103 fie pe banca acuza\u021bilor.<\/p>\n<p>Amintim c\u0103 ba\u015fcanul Evghenia Gu\u021bul \u0219i activista Svetlana Popan sunt acuzate de implicare \u00een finan\u021barea ilegal\u0103 a unui partid politic. Ambele inculpate resping categoric toate acuza\u021biile, numind dosarul penal \u00eempotriva lor unul de natur\u0103 politic\u0103.<\/p>\n<\/div>\n","protected":false},"excerpt":{"rendered":"<div><img decoding=\"async\" width=\"696\" height=\"464\" src=\"https:\/\/canal5.md\/wp-content\/uploads\/2024\/10\/gutul-1024x682-optimized.jpg\" class=\"attachment-large size-large wp-post-image\" alt=\"\" loading=\"lazy\" srcset=\"https:\/\/canal5.md\/wp-content\/uploads\/2024\/10\/gutul-1024x682-optimized.jpg 1024w, https:\/\/canal5.md\/wp-content\/uploads\/2024\/10\/gutul-300x200-optimized.jpg 300w, https:\/\/canal5.md\/wp-content\/uploads\/2024\/10\/gutul-768x512-optimized.jpg 768w, https:\/\/canal5.md\/wp-content\/uploads\/2024\/10\/gutul-696x464-optimized.jpg 696w, https:\/\/canal5.md\/wp-content\/uploads\/2024\/10\/gutul-1068x712-optimized.jpg 1068w, https:\/\/canal5.md\/wp-content\/uploads\/2024\/10\/gutul-optimized.jpg 1280w\">Svetlana Popan, acuzat\u0103 al\u0103turi de ba\u0219canul G\u0103g\u0103uziei, Evghenia Gu\u021bul, de finan\u021barea ilegal\u0103 a unui partid politic, se afl\u0103 \u00een spital de c\u00e2teva zile. Potrivit lui Gu\u021bul, starea de s\u0103n\u0103tate a colegei sale s-a deteriorat din cauza presiunilor la care sunt supuse. Din acest motiv, \u0219edin\u021ba de judecat\u0103 planificat\u0103 pentru ast\u0103zi a fost am\u00e2nat\u0103 pentru 18 [\u2026]<\/div>\n","protected":false},"author":1,"featured_media":67160,"comment_status":"closed","ping_status":"closed","sticky":false,"template":"","format":"standard","meta":{"jnews-multi-image_gallery":[],"jnews_single_post":[],"jnews_primary_category":[],"jnews_social_meta":[],"jnews_override_counter":[],"footnotes":""},"categories":[23],"tags":[],"class_list":["post-67159","post","type-post","status-publish","format-standard","has-post-thumbnail","hentry","category-politica_ro"],"_links":{"self":[{"href":"https:\/\/orheifm.live\/index.php\/wp-json\/wp\/v2\/posts\/67159","targetHints":{"allow":["GET"]}}],"collection":[{"href":"https:\/\/orheifm.live\/index.php\/wp-json\/wp\/v2\/posts"}],"about":[{"href":"https:\/\/orheifm.live\/index.php\/wp-json\/wp\/v2\/types\/post"}],"author":[{"embeddable":true,"href":"https:\/\/orheifm.live\/index.php\/wp-json\/wp\/v2\/users\/1"}],"replies":[{"embeddable":true,"href":"https:\/\/orheifm.live\/index.php\/wp-json\/wp\/v2\/comments?post=67159"}],"version-history":[{"count":0,"href":"https:\/\/orheifm.live\/index.php\/wp-json\/wp\/v2\/posts\/67159\/revisions"}],"wp:featuredmedia":[{"embeddable":true,"href":"https:\/\/orheifm.live\/index.php\/wp-json\/wp\/v2\/media\/67160"}],"wp:attachment":[{"href":"https:\/\/orheifm.live\/index.php\/wp-json\/wp\/v2\/media?parent=67159"}],"wp:term":[{"taxonomy":"category","embeddable":true,"href":"https:\/\/orheifm.live\/index.php\/wp-json\/wp\/v2\/categories?post=67159"},{"taxonomy":"post_tag","embeddable":true,"href":"https:\/\/orheifm.live\/index.php\/wp-json\/wp\/v2\/tags?post=67159"}],"curies":[{"name":"wp","href":"https:\/\/api.w.org\/{rel}","templated":true}]}}