{"id":67157,"date":"2025-02-14T21:44:59","date_gmt":"2025-02-14T19:44:59","guid":{"rendered":"https:\/\/orheifm.live\/index.php\/2025\/02\/14\/nu-avem-bani-pentru-paine-iar-voi-stati-in-birouri-luxoase-feroviarii-protesteaza-pentru-salariile-restante-iar-autoritatile-raspund-fara-solutii-concrete-video\/"},"modified":"2025-02-14T21:44:59","modified_gmt":"2025-02-14T19:44:59","slug":"nu-avem-bani-pentru-paine-iar-voi-stati-in-birouri-luxoase-feroviarii-protesteaza-pentru-salariile-restante-iar-autoritatile-raspund-fara-solutii-concrete-video","status":"publish","type":"post","link":"https:\/\/orheifm.live\/index.php\/2025\/02\/14\/nu-avem-bani-pentru-paine-iar-voi-stati-in-birouri-luxoase-feroviarii-protesteaza-pentru-salariile-restante-iar-autoritatile-raspund-fara-solutii-concrete-video\/","title":{"rendered":"Nu avem bani pentru p\u00e2ine, iar voi sta\u021bi \u00een birouri luxoase.\u201d Feroviarii protesteaz\u0103 pentru salariile restante, iar autorit\u0103\u021bile r\u0103spund f\u0103r\u0103 solu\u021bii concrete |VIDEO"},"content":{"rendered":"<div>\n<p><strong>Le-a ajuns cu\u021bitul la os. Angaja\u021bii C\u0103ii Ferate din \u00eentreaga \u021bar\u0103 au ie\u0219it \u00een strad\u0103 pentru a-\u0219i revendica salariile restante, care nu au mai fost pl\u0103tite de mai bine de jum\u0103tate de an. Proteste de amploare au avut loc \u00een fa\u021ba Guvernului, Parlamentului \u0219i Pre\u0219edin\u021biei, dar \u0219i \u00een nodurile feroviare din Moldova. <\/strong><br \/>\n<iframe loading=\"lazy\" title=\"YouTube video player\" src=\"https:\/\/www.youtube.com\/embed\/bKuRJP_eET4?si=7zEeSTyN-k81Z8hY\" width=\"560\" height=\"315\" frameborder=\"0\" allowfullscreen=\"allowfullscreen\"><\/iframe><br \/>\nDispera\u021bi, oamenii sus\u021bin c\u0103 nu au bani nici m\u0103car pentru a-\u0219i cump\u0103ra o bucat\u0103 de p\u00e2ine pentru a-\u0219i hr\u0103ni copiii. Prin urmare, ace\u0219tia au cerut autorit\u0103\u021bilor s\u0103 coboare din cabinetele luxoase \u0219i s\u0103 le pl\u0103teasc\u0103 pentru munca prestat\u0103 \u00een ultimele luni.<\/p>\n<p>Nu mai pot tr\u0103i f\u0103r\u0103 salarii, a\u0219a c\u0103 r\u0103bdarea le-a ajuns la limit\u0103. Angaja\u021bii \u00eentreprinderii Calea Ferat\u0103 din \u00eentregaa \u021bar\u0103 au ie\u0219it \u00een strad\u0103 s\u0103-\u0219i cear\u0103 lefile restante, pe care nu le-au mai primit de mai bine de jum\u0103tate de an. Proteste de amploare au loc \u00een fa\u021ba Guvernului, Parlamentului \u0219i Pre\u0219edin\u021biei, dar \u0219i \u00een nodurile feroviare din Moldova.<\/p>\n<p>Protestele din Chi\u0219in\u0103u au \u00eenceput \u00een fa\u021ba cl\u0103dirii Guvernului. Oamenii au venit cu pancarte cu \u00eenscrisuri \u201eVrem salarii achitate, nu promisiuni de\u0219arte\u201d, \u201eCum s\u0103 tr\u0103im f\u0103r\u0103 salarii\u201d, \u201eCu ce s\u0103 ne hr\u0103nim familia \u0219i s\u0103 achit\u0103m facturile?\u201d, \u201eDar \u0219i \u00eentoarce\u021bi banii c\u00e2\u0219tiga\u021bi\u201d.<br \/>\nPotrivit sindicatelor, aproximativ 5000 de angaja\u021bi ai CFM nu au bani pentru a-\u0219i \u00eentre\u021bine familia \u0219i nici pentru a cump\u0103ra o bucat\u0103 de p\u00e2ine.<\/p>\n<p>ION ZAPOROJAN, liderul sindicatului CFM<\/p>\n<p>\u00cempreun\u0103 cu directorul general, domnul Tom\u0219a, am pus pe mas\u0103 toate materialele, toate documentele. Le-am deschis ochii la faptul c\u0103 oamenii nu mai pot lucra \u00een acest fel.<\/p>\n<p>Ne-au scris de la Ocni\u021ba, practic to\u021bi angaja\u021bii au depus cereri conform articolului 78 privind \u00eencetarea contractului individual de munc\u0103. Dup\u0103 aceasta au urmat angaja\u021bii din Ungheni, iar de luni, dac\u0103 nimeni nu ne va auzi, va \u00eencepe \u00een toate regiunile \u021b\u0103rii. Recunosc \u0219i \u00eemi asum cuvintele: probabil c\u0103 sunt de pe o alt\u0103 planet\u0103.<\/p>\n<p>IGOR ZUBCU, pre\u0219edintele Confedera\u021biei Na\u021bionale a Sindicatelor din Moldova<\/p>\n<p>Eu vin cu un apel c\u0103tre guvernare ca s\u0103 coboare aici la noi, nu doar atunci c\u00e2nd au nevoie de voturile noastre, dar \u0219i atunci c\u00e2nd avem nevoie de a solu\u021biona problemele muncitorilor pe care \u00eei reprezent\u0103m noi.<\/p>\n<p>Cineva \u00eenc\u0103 de mult a zis c\u0103: lan\u021bul de la g\u00e2tul unui rob \u00eent\u0103re\u0219te mai pu\u021bin dec\u00e2t armura unui osta\u0219. De aceea eu zic c\u0103 gata, stop r\u0103bd\u0103rii pentru c\u0103 r\u0103bdarea este la limit\u0103 deja pentru to\u021bi.<\/p>\n<p>Chiar ieri, \u00eent\u00e2lnindu-m\u0103 cu reprezentan\u021bii Confedera\u021biei din teritoriu am fost suplimentar informat c\u0103 deja la magazinele din ora\u0219ele \u00een care activa\u021bi sunt f\u0103cute liste cu datorii ale familiilor feroviarelor, trebuie s\u0103 fie achitat\u0103 p\u00e2ine, produsele alimentare, oare aceasta este cred c\u0103 o form\u0103 nou\u0103 de robie \u00een secolul XXI-lea c\u00e2nd omul munce\u0219te, dar salariul nu prime\u0219te.<\/p>\n<p>Feroviarii au declarat c\u0103 au ajuns la limita disper\u0103rii, fiind incapabili s\u0103-\u0219i hr\u0103neasc\u0103 copiii, s\u0103 pl\u0103teasc\u0103 facturile la utilit\u0103\u021bi \u0219i s\u0103-\u0219i achite creditele. \u00cen aceast\u0103 situa\u021bie extrem\u0103, ei au cerut cu disperare ajutor autorit\u0103\u021bilor, solicit\u00e2nd plata banilor munci\u021bi, deoarece nu mai pot supravie\u021bui f\u0103r\u0103 resurse financiare.<\/p>\n<p>Mie \u00eemi trebuie salariu s\u0103-mi dea, s\u0103 am ce pune \u00een geant\u0103 \u0219i s\u0103 trimit copiii la \u0219coal\u0103. Eu am doi copii de \u0219coal\u0103, \u00een\u021belege\u021bi? Am \u0219apte luni de zile nu am m\u00e2ncat fierbinte acas\u0103, femeia m\u0103 \u00eentreab\u0103 cum s\u0103-\u021bi pun \u00een geant\u0103 dac\u0103 nu-\u021bi d\u0103 salariul. Unde este Maia Sandu s\u0103 vin\u0103 aici \u0219i s\u0103-mi spun\u0103.<\/p>\n<p>Am noroc c\u0103 femeia mea este la pensie \u0219i are 4000 de lei pensia.<\/p>\n<p>Unde este dreptatea, eu nu v\u0103d, unde sunt to\u021bi, unde e Recean, Bolea, unde este Bolea, da ce a murit Bolea, nu a murit, las\u0103-l s\u0103 vin\u0103 s\u0103 ne spun\u0103: oameni buni o s\u0103 v\u0103 d\u0103m, \u00een fiecare lun\u0103 c\u00e2te un pic, dou\u0103, trei luni.<\/p>\n<p>Avem comunale, credite, avem copii la \u0219coli, gr\u0103dini\u021be, universit\u0103\u021bi, cum s\u0103 tr\u0103im? Domnule premier da ie\u0219i\u021bi aici, ie\u0219i\u021bi s\u0103 vede\u021bi.<\/p>\n<p>\u00cemp\u0103r\u021bi-\u021bi 4000 de lei salariu pentru dou\u0103 luni, achita\u021bi credite, cump\u0103ra\u021bi produse, hr\u0103ni\u021bi-v\u0103 copii, de mine deja tac. S\u0103 v\u0103 fie ru\u0219ine! Ru\u0219ine! Ru\u0219ine!<\/p>\n<p>Mai departe nu \u0219tim cum s\u0103 supravie\u021buim. Avem familii acas\u0103, trebuie s\u0103 le \u00eentre\u021binem, avem servicii comunale, comunalele trebuie s\u0103 le pl\u0103tim lunar, nu peste o lun\u0103, peste dou\u0103 sau trei.<\/p>\n<p>\u00cen fa\u021ba protestatarilor a ie\u0219it secretarul de stat \u00een domeniul transporturilor, Mircea P\u0103sc\u0103lu\u021b\u0103, \u00eens\u0103 care nu pre i-a lini\u0219tit pe feroviari.<\/p>\n<p>MIRCEA P\u0102SC\u0102LU\u021a\u0102, secretarul de stat \u00een domeniul transporturilor<\/p>\n<p>Pute\u021bi s\u0103 lua\u021bi \u0219i reprezentan\u021bi din partea feroviarilor s\u0103 vin\u0103 s\u0103 vad\u0103 planul de ac\u021biuni concret care dorim s\u0103-l implement\u0103m pentru solu\u021bionarea problemei \u0219i prioritatea noatsr\u0103 r\u0103m\u00e2ne \u00een continuare plata salariilor.Salarii, salarii!<\/p>\n<p>Ulterior, protestatarii s-au deplasat la Parlament \u0219i Pre\u0219edin\u021bie. Acolo \u00eens\u0103 nimeni nu a ie\u0219it s\u0103 stea de vorb\u0103 cu ei. Nici nu ar avea cine pentru c\u0103 \u00een ziua \u00een care muncitorii CFM protesteaz\u0103, Maia Sandu a plecat \u00een Germania.<\/p>\n<p>Unii oameni sunt bolnavi, sufer\u0103, nu au bani pentru o p\u00e2ine, dar voi sta\u021bi \u00een cabinete luxoase. V\u0103 p\u0103zesc din toate p\u0103r\u021bile, oamenii v\u0103 pl\u0103tesc \u0219ui tr\u0103i\u021bi din banii acestor oameni muncitori foarte bine, ca boierii. Cobor\u00e2\u021bi-v\u0103 jos, vorbi\u021bi, sus\u021bine\u021bi-ne.<\/p>\n<p>Nu v\u0103 iubi\u021bi poporul, nu v\u0103 pot numi ai no\u0219tri deoarece sunte\u021bi \u00eempotriva poporului.<\/p>\n<p>Uita\u021bi-v\u0103, 5000 de oameni care lucreaz\u0103 la Calea Ferat\u0103, \u00een spatele fiec\u0103ruia st\u0103 \u00eenc\u0103 c\u00e2te cinci persoane \u2013 25 000 de persoane duc foame, nu au cu ce achita comunalele, s\u0103 cumpere o bucat\u0103 de ca\u0219caval, ne mai vorbind c\u0103 carne tot m\u00e2nc\u0103m.<\/p>\n<p>Nici nu \u0219tiu ce s\u0103 v\u0103 spun, ei c\u00e2nd au nevoie: Guvernul, Parlamentul, atunci ies peste tot, dar acum nu a ie\u0219it nimeni fiindc\u0103 se tem, se tem s\u0103 ias\u0103 s\u0103 ne promit\u0103 ceva. Noi dec\u00e2nd cerem, cerem \u0219i niciodat\u0103 nu ne spune iat\u0103 v\u0103 d\u0103m sau ceva, numai promit, promit promisiuni \u0219i altceva nimic.<\/p>\n<p>Am mam\u0103 de 86 de ani care trebuie \u00eengrijit\u0103 \u0219i eu \u00een loc s\u0103 o \u00eengrijesc de ea \u00eei iau pensia \u0219i achit comunalele.<\/p>\n<p>S-a protestat \u0219i la Basarabeasca. Pe pancartele manifestan\u021bilor de la sud scria: \u201eAuzi\u021bi-ne, da\u021bi-ne salariile noastre\u201d, \u201eCerem plata imediat\u0103 a datoriilor salariale\u201d, \u201e7 luni f\u0103r\u0103 salariu, copiii no\u0219tri \u00eenfometa\u021bi\u201d.<\/p>\n<p>IURII UZUN, pre\u0219edintele Comitetului Sindical, Basarabeasca<\/p>\n<p>Trebuie s\u0103 avem un salariu decent, dar nu ni-l dau. Oamenii au uitat de bani de mai bine de jum\u0103tate de an.<\/p>\n<p>Fiecare vine acas\u0103, unde trebuie s\u0103 \u00eentre\u021bin\u0103 familia, are o careva putere, dar este nevoit s\u0103 cear\u0103 bani de la mam\u0103 sau bunic\u0103 pentru a pl\u0103ti comunalele, a cump\u0103ra m\u00e2ncare. Mul\u021bi au credite de pl\u0103tit, pe care au crezut c\u0103 le vor putea achita.<\/p>\n<p>Statul nostru nu este orientat spre omul muncitor, se creeaz\u0103 impresia unui adev\u0103rat genocid. Nu doar \u00eempotriva c\u0103ii ferate, ci \u00eempotriva \u00eentregului popor. Ministrul Bolea a ridicat agricultura, acum se va ocupa de calea ferat\u0103.<\/p>\n<p>PETRU PU\u0218CARI, primar Basarabeasca<\/p>\n<p>Aceste 180-200 de milioane de lei nu pot s\u0103 le g\u0103seasc\u0103? Ei pur \u0219i simplu nu vor. P\u0103rerea mea este c\u0103 nu le pas\u0103 dac\u0103 primi\u021bi salariul sau nu. Ei nici nu se a\u0219teapt\u0103 la voturile voastre, nu le pas\u0103.<\/p>\n<p>\u00cen ciuda vremii reci, \u0219i la nord, la fel, au fost revolte. Nici frigul nu i-a oprit pe angaja\u021bii din Ungheni se ias\u0103 \u00een fa\u021ba G\u0103rii pentru a-\u0219i striga nemul\u021bumirea.<\/p>\n<p>Iat\u0103 a 7-a lun\u0103 leafa nu este. Cu ce s\u0103 tr\u0103im, cu ce s\u0103 venim la lucru. (MUSCA) Unde e leafa, a 7-a lun\u0103 f\u0103r\u0103 leaf\u0103 tr\u0103im pe spatele femeii \u0219i a copuilului bolnav de grupa a II-a.<\/p>\n<p>Ei nu au nevoie. Ei se spal\u0103 unul pe altul, ce nu auzi\u021bi ce a spus Bolea, el se d\u0103 la o parte, el a spus c\u0103 nu are nimic. Sunt al\u021bii care stau aolo. este Cojocaru acolo unu. El \u021bie aici nu o s\u0103-\u021bi vin\u0103.<\/p>\n<p>Proteste au mai avut loc la Ocni\u021ba, B\u0103l\u021bi, Bender \u0219i Giurgiule\u0219ti. Protestele vor continua pe data de 28 februarie.<\/p>\n<\/div>\n","protected":false},"excerpt":{"rendered":"<div><img decoding=\"async\" width=\"696\" height=\"392\" src=\"https:\/\/canal5.md\/wp-content\/uploads\/2025\/02\/photo_2025-02-14_20-28-37-1024x577-optimized.jpg\" class=\"attachment-large size-large wp-post-image\" alt=\"\" loading=\"lazy\" srcset=\"https:\/\/canal5.md\/wp-content\/uploads\/2025\/02\/photo_2025-02-14_20-28-37-1024x577-optimized.jpg 1024w, https:\/\/canal5.md\/wp-content\/uploads\/2025\/02\/photo_2025-02-14_20-28-37-300x169-optimized.jpg 300w, https:\/\/canal5.md\/wp-content\/uploads\/2025\/02\/photo_2025-02-14_20-28-37-768x433-optimized.jpg 768w, https:\/\/canal5.md\/wp-content\/uploads\/2025\/02\/photo_2025-02-14_20-28-37-696x392-optimized.jpg 696w, https:\/\/canal5.md\/wp-content\/uploads\/2025\/02\/photo_2025-02-14_20-28-37-1068x602-optimized.jpg 1068w, https:\/\/canal5.md\/wp-content\/uploads\/2025\/02\/photo_2025-02-14_20-28-37-optimized.jpg 1280w\">Le-a ajuns cu\u021bitul la os. Angaja\u021bii C\u0103ii Ferate din \u00eentreaga \u021bar\u0103 au ie\u0219it \u00een strad\u0103 pentru a-\u0219i revendica salariile restante, care nu au mai fost pl\u0103tite de mai bine de jum\u0103tate de an. Proteste de amploare au avut loc \u00een fa\u021ba Guvernului, Parlamentului \u0219i Pre\u0219edin\u021biei, dar \u0219i \u00een nodurile feroviare din Moldova. Dispera\u021bi, oamenii sus\u021bin [\u2026]<\/div>\n","protected":false},"author":1,"featured_media":67158,"comment_status":"closed","ping_status":"closed","sticky":false,"template":"","format":"standard","meta":{"jnews-multi-image_gallery":[],"jnews_single_post":[],"jnews_primary_category":[],"jnews_social_meta":[],"jnews_override_counter":[],"footnotes":""},"categories":[23],"tags":[],"class_list":["post-67157","post","type-post","status-publish","format-standard","has-post-thumbnail","hentry","category-politica_ro"],"_links":{"self":[{"href":"https:\/\/orheifm.live\/index.php\/wp-json\/wp\/v2\/posts\/67157","targetHints":{"allow":["GET"]}}],"collection":[{"href":"https:\/\/orheifm.live\/index.php\/wp-json\/wp\/v2\/posts"}],"about":[{"href":"https:\/\/orheifm.live\/index.php\/wp-json\/wp\/v2\/types\/post"}],"author":[{"embeddable":true,"href":"https:\/\/orheifm.live\/index.php\/wp-json\/wp\/v2\/users\/1"}],"replies":[{"embeddable":true,"href":"https:\/\/orheifm.live\/index.php\/wp-json\/wp\/v2\/comments?post=67157"}],"version-history":[{"count":0,"href":"https:\/\/orheifm.live\/index.php\/wp-json\/wp\/v2\/posts\/67157\/revisions"}],"wp:featuredmedia":[{"embeddable":true,"href":"https:\/\/orheifm.live\/index.php\/wp-json\/wp\/v2\/media\/67158"}],"wp:attachment":[{"href":"https:\/\/orheifm.live\/index.php\/wp-json\/wp\/v2\/media?parent=67157"}],"wp:term":[{"taxonomy":"category","embeddable":true,"href":"https:\/\/orheifm.live\/index.php\/wp-json\/wp\/v2\/categories?post=67157"},{"taxonomy":"post_tag","embeddable":true,"href":"https:\/\/orheifm.live\/index.php\/wp-json\/wp\/v2\/tags?post=67157"}],"curies":[{"name":"wp","href":"https:\/\/api.w.org\/{rel}","templated":true}]}}