{"id":67155,"date":"2025-02-14T21:39:01","date_gmt":"2025-02-14T19:39:01","guid":{"rendered":"https:\/\/orheifm.live\/index.php\/2025\/02\/14\/roman-cojuhari-si-a-sacrificat-sotia-pentru-a-ramane-in-fruntea-app-in-urma-acuzatiilor-de-conflict-de-interese-video\/"},"modified":"2025-02-14T21:39:01","modified_gmt":"2025-02-14T19:39:01","slug":"roman-cojuhari-si-a-sacrificat-sotia-pentru-a-ramane-in-fruntea-app-in-urma-acuzatiilor-de-conflict-de-interese-video","status":"publish","type":"post","link":"https:\/\/orheifm.live\/index.php\/2025\/02\/14\/roman-cojuhari-si-a-sacrificat-sotia-pentru-a-ramane-in-fruntea-app-in-urma-acuzatiilor-de-conflict-de-interese-video\/","title":{"rendered":"Roman Cojuhari \u0219i-a sacrificat so\u021bia pentru a r\u0103m\u00e2ne \u00een fruntea APP, \u00een urma acuza\u021biilor de conflict de interese |VIDEO"},"content":{"rendered":"<div>\n<p><strong>Dup\u0103 ce \u00een spa\u021biul public au ap\u0103rut reac\u021bii privind faptul c\u0103 so\u021bia lui Roman Cojuhari face parte din conducerea a cel pu\u021bin trei \u00eentreprinderi de stat aflate \u00een subordinea institu\u021biei conduse de so\u021bul ei, iar acest lucru ar putea constitui un conflict de interese, vineri, \u0219eful APP a anun\u021bat c\u0103 Viorica Cojuhari demisioneaz\u0103.<\/strong><br \/>\n<iframe loading=\"lazy\" title=\"YouTube video player\" src=\"https:\/\/www.youtube.com\/embed\/jQHekBNAWlg?si=1mWMsSu0AuGwsSo4\" width=\"560\" height=\"315\" frameborder=\"0\" allowfullscreen=\"allowfullscreen\"><\/iframe><br \/>\nRoman Cojuhari a declarat \u00eentr-o postare pe re\u021belele de socializare c\u0103, so\u021bia sa a plecat pentru a pune punct specula\u021biilor \u0219i c\u0103 a participat la un concurs public, pe care l-a c\u00e2\u0219tigat \u0219i a\u0219a a devenit salariat\u0103 a Agen\u021biei Propriet\u0103\u021bii Publice \u00eenc\u0103 \u00een anul 2020.<\/p>\n<p>Odat\u0103 cu venirea mea \u00een fruntea APP \u00een vara anului 2023, pentru prevenirea poten\u021bialelor conflicte de interese, Viorica a plecat de la APP \u0219i s-a angajat prin transfer \u00een alt\u0103 autoritate public\u0103, conform preg\u0103tirii profesionale pe care o are \u2013 la Ministerul Dezvolt\u0103rii Economice \u0219i Digitaliz\u0103rii.<\/p>\n<p>Ulterior, \u00een baza performan\u021belor personale, Viorica a fost propus\u0103 de minister pentru a face parte din consiliile de administrare \u0219i din consilii ale societ\u0103\u021bii ale unor \u00eentreprinderi de stat sau societ\u0103\u021bi comerciale, a c\u0103ror fondator este APP, explic\u0103 Cojuhari, dar nu spune nimic despre vreo opunere din atea sa av\u00e2nd \u00een vedere faptul c\u0103 ar fi ap\u0103rut iar\u0103\u0219i conflictul de interese. El adaug\u0103 doar c\u0103 exist\u0103 organ specializat, care are competen\u021ba de a se expune \u00een astfel de situa\u021bii \u2013 Autoritatea Na\u021bional\u0103 de Integritate.<\/p>\n<p>Contacta\u021bi de Canal 5 pentru a afla dac\u0103 reprezentan\u021bii ANI sunt la curent cu acest caz, ce m\u0103suri vor \u00eentreprinde, ce sanc\u021biuni risc\u0103 at\u00e2t Roman Cojuhari, c\u00e2t \u0219i so\u021bia acestuia, dar \u0219i de ce nu au depistat acest conflict de interese, spre deosebire de pres\u0103, sau dac\u0103 l-au depistat, dar au t\u0103cut, de ce au f\u0103cut-o? Nimeni \u00eens\u0103 nu ne-a r\u0103spuns la apeluri.<\/p>\n<p>Amintim c\u0103, \u00een 2023, la doar c\u00e2teva zile dup\u0103 ce a fost numit la conducerea APP, Roman Cojuhari a semnat ordinul prin care a revocat-o pe propria so\u021bie din func\u021bia de pre\u0219edinte al Consiliului de Administra\u021bie al \u201eAdministra\u021bia de Stat a Drumurilor\u201d, func\u021bie \u00een care, iat\u0103, Viorica Cojuhari a revenit \u00eens\u0103 mai apoi \u00een calitate de membru al Comisiei de Cenzori.<\/p>\n<\/div>\n","protected":false},"excerpt":{"rendered":"<div><img loading=\"lazy\" decoding=\"async\" width=\"696\" height=\"435\" src=\"https:\/\/canal5.md\/wp-content\/uploads\/2025\/02\/photo_2025-02-12_14-15-37-optimized.jpg\" class=\"attachment-large size-large wp-post-image\" alt=\"\" srcset=\"https:\/\/canal5.md\/wp-content\/uploads\/2025\/02\/photo_2025-02-12_14-15-37-optimized.jpg 800w, https:\/\/canal5.md\/wp-content\/uploads\/2025\/02\/photo_2025-02-12_14-15-37-300x188-optimized.jpg 300w, https:\/\/canal5.md\/wp-content\/uploads\/2025\/02\/photo_2025-02-12_14-15-37-768x480-optimized.jpg 768w, https:\/\/canal5.md\/wp-content\/uploads\/2025\/02\/photo_2025-02-12_14-15-37-696x435-optimized.jpg 696w\">Dup\u0103 ce \u00een spa\u021biul public au ap\u0103rut reac\u021bii privind faptul c\u0103 so\u021bia lui Roman Cojuhari face parte din conducerea a cel pu\u021bin trei \u00eentreprinderi de stat aflate \u00een subordinea institu\u021biei conduse de so\u021bul ei, iar acest lucru ar putea constitui un conflict de interese, vineri, \u0219eful APP a anun\u021bat c\u0103 Viorica Cojuhari demisioneaz\u0103. Roman Cojuhari [\u2026]<\/div>\n","protected":false},"author":1,"featured_media":67156,"comment_status":"closed","ping_status":"closed","sticky":false,"template":"","format":"standard","meta":{"jnews-multi-image_gallery":[],"jnews_single_post":[],"jnews_primary_category":[],"jnews_social_meta":[],"jnews_override_counter":[],"footnotes":""},"categories":[30],"tags":[],"class_list":["post-67155","post","type-post","status-publish","format-standard","has-post-thumbnail","hentry","category-social_ro"],"_links":{"self":[{"href":"https:\/\/orheifm.live\/index.php\/wp-json\/wp\/v2\/posts\/67155","targetHints":{"allow":["GET"]}}],"collection":[{"href":"https:\/\/orheifm.live\/index.php\/wp-json\/wp\/v2\/posts"}],"about":[{"href":"https:\/\/orheifm.live\/index.php\/wp-json\/wp\/v2\/types\/post"}],"author":[{"embeddable":true,"href":"https:\/\/orheifm.live\/index.php\/wp-json\/wp\/v2\/users\/1"}],"replies":[{"embeddable":true,"href":"https:\/\/orheifm.live\/index.php\/wp-json\/wp\/v2\/comments?post=67155"}],"version-history":[{"count":0,"href":"https:\/\/orheifm.live\/index.php\/wp-json\/wp\/v2\/posts\/67155\/revisions"}],"wp:featuredmedia":[{"embeddable":true,"href":"https:\/\/orheifm.live\/index.php\/wp-json\/wp\/v2\/media\/67156"}],"wp:attachment":[{"href":"https:\/\/orheifm.live\/index.php\/wp-json\/wp\/v2\/media?parent=67155"}],"wp:term":[{"taxonomy":"category","embeddable":true,"href":"https:\/\/orheifm.live\/index.php\/wp-json\/wp\/v2\/categories?post=67155"},{"taxonomy":"post_tag","embeddable":true,"href":"https:\/\/orheifm.live\/index.php\/wp-json\/wp\/v2\/tags?post=67155"}],"curies":[{"name":"wp","href":"https:\/\/api.w.org\/{rel}","templated":true}]}}