{"id":67151,"date":"2025-02-14T21:30:39","date_gmt":"2025-02-14T19:30:39","guid":{"rendered":"https:\/\/orheifm.live\/index.php\/2025\/02\/14\/blocul-victorie-va-crea-o-retea-de-case-rusesti-in-moldova-ca-raspuns-la-inchiderea-centrului-rus-de-stiinta-si-cultura\/"},"modified":"2025-02-14T21:30:39","modified_gmt":"2025-02-14T19:30:39","slug":"blocul-victorie-va-crea-o-retea-de-case-rusesti-in-moldova-ca-raspuns-la-inchiderea-centrului-rus-de-stiinta-si-cultura","status":"publish","type":"post","link":"https:\/\/orheifm.live\/index.php\/2025\/02\/14\/blocul-victorie-va-crea-o-retea-de-case-rusesti-in-moldova-ca-raspuns-la-inchiderea-centrului-rus-de-stiinta-si-cultura\/","title":{"rendered":"Blocul \u201eVictorie\u201d va crea o re\u021bea de \u201eCase Ruse\u0219ti\u201d \u00een Moldova, ca r\u0103spuns la \u00eenchiderea Centrului Rus de \u0218tiin\u021b\u0103 \u0219i Cultur\u0103"},"content":{"rendered":"<div>\n<p><strong>Blocul \u201eVictorie\u201d anun\u021b\u0103 cu m\u00e2ndrie lansarea unei ini\u021biative de amploare pentru crearea unei re\u021bele a \u201dCasei Ruse\u0219ti\u201d \u00een toat\u0103 Moldova. Astfel, \u00een 2025 forma\u021biunea \u00ee\u0219i propune s\u0103 deschid\u0103 peste o mie de astfel de centre \u00een fiecare localitate unde oamenii vorbesc, g\u00e2ndesc \u0219i simt \u00een limba rus\u0103.<\/strong><br \/>\n<iframe loading=\"lazy\" title=\"YouTube video player\" src=\"https:\/\/www.youtube.com\/embed\/a0-4X5RMaEQ?si=2b-cxpfQ-n7lslW3\" width=\"560\" height=\"315\" frameborder=\"0\" allowfullscreen=\"allowfullscreen\"><\/iframe><br \/>\nPotrivit Blocului, acestea vor deveni \u201dspa\u021bii de comunicare cultural\u0103, locuri de sprijin \u0219i interac\u021biune, simboluri ale leg\u0103turii dintre popoarele noastre\u201d. Ini\u021biativa vine dup\u0103 decizia Moldovei de a \u00eenchide Centrul Rus de \u0218tiin\u021b\u0103 \u0219i Cultur\u0103, drept r\u0103spuns la c\u0103derea a dou\u0103 drone, originea c\u0103rora nu a fost stabilit\u0103.<\/p>\n<p>Pe canalul s\u0103u de Telegram, Blocul \u201eVictorie\u201d a subliniat c\u0103 anun\u021bul guvern\u0103rii privind \u00eenchiderea Centrului Rus de \u0218tiin\u021b\u0103 \u0219i Cultur\u0103 din Chi\u0219in\u0103u reflect\u0103 \u00eencercarea acesteia de a distruge diversitatea cultural\u0103 \u0219i libertatea de exprimare din \u021bara noastr\u0103.<\/p>\n<p>Blocul consider\u0103 c\u0103 prin aceast\u0103 m\u0103sur\u0103, puterea \u0219i-a exprimat din nou \u201eteama fa\u021b\u0103 de ceva ce nu poate fi interzis: prietenia istoric\u0103, limba \u0219i cultura comun\u0103.\u201d<\/p>\n<p>\u201dNu vom permite divizarea oamenilor din Moldova \u0219i nici distrugerea leg\u0103turilor noastre cu Rusia \u2014 valori comune, tradi\u021bii, limb\u0103. Cet\u0103\u021benii no\u0219tri vorbesc \u0219i \u00een limba rus\u0103, iar \u00een Rusia au prieteni \u0219i rude. Moldova nu va deveni o \u021bar\u0103 a interdic\u021biilor! Cultura, comunicarea \u0219i prietenia nu pot fi suprimate prin decrete.<\/p>\n<p>Casele Ruse\u0219ti se vor deschide, indiferent de \u00eencerc\u0103rile guvern\u0103rii de a ne limita drepturile. Noi suntem pentru libertate, pentru diversitate cultural\u0103, pentru dreptul oamenilor de a comunica unii cu al\u021bii\u201d , se arat\u0103 \u00een comunicatul emis de Blocul \u201dVictorie\u201d.<\/p>\n<p>DIN ANUN\u021aUL BLOCULUI \u201dVICTORIE\u201d<\/p>\n<p>\u201dNu vom permite divizarea oamenilor din Moldova \u0219i nici distrugerea leg\u0103turilor noastre cu Rusia \u2014 valori comune, tradi\u021bii, limb\u0103.<\/p>\n<p>Cet\u0103\u021benii no\u0219tri vorbesc \u0219i \u00een limba rus\u0103, iar \u00een Rusia au prieteni \u0219i rude. Moldova nu va deveni o \u021bar\u0103 a interdic\u021biilor! Cultura, comunicarea \u0219i prietenia nu pot fi suprimate prin decrete. Casele Ruse\u0219ti se vor deschide, indiferent de \u00eencerc\u0103rile guvern\u0103rii de a ne limita drepturile. Noi suntem pentru libertate, pentru diversitate cultural\u0103, pentru dreptul oamenilor de a comunica unii cu al\u021bii.\u201d<\/p>\n<p>Despre ini\u021biativa de creare a unei re\u021bele de \u201dCase Ruse\u0219ti\u201d \u00een toat\u0103 Republica Moldova a vorbit \u0219i liderul Blocului \u201dVictorie\u201d, Ilan \u0218or, critic\u00e2nd \u0219i calific\u00e2nd decizia autorit\u0103\u021bilor moldovene de a lichida Centrul Rus de \u0218tiin\u021b\u0103 \u0219i Cultur\u0103, drept una distructiv\u0103.<\/p>\n<p>\u201dAc\u021biunile inumane ale lui Sandu \u0219i ale PAS-i\u0219tilor ei sunt o lovitur\u0103 \u00een primul r\u00e2nd pentru cet\u0103\u021benii no\u0219tri, pentru care limba \u0219i cultura rus\u0103 sunt parte integrant\u0103 a vie\u021bii deja consacrate.<\/p>\n<p>Ac\u021biunile t\u0103ioase fa\u021b\u0103 de tot ceea ce este legat de Rusia sunt deja un stil obi\u0219nuit de lucru al regimului dictatorial care a capturat temporar puterea \u00een \u021bara noastr\u0103. \u00cen\u021beleg c\u0103 ni se vor pune piedici, dar \u00een 2025 vom deschide peste o mie de \u201eCase ruse\u0219ti\u201d \u00een ora\u0219e \u0219i sate. Ne vom continua cursul de men\u021binere a rela\u021biilor de bun\u0103 vecin\u0103tate cu Rusia, indiferent dac\u0103 lui Sandu \u0219i curatorilor s\u0103i occidentali le place sau nu\u201d, a scris Ilan \u0218or pe pagina sa de Telegram.<\/p>\n<p>ILAN \u0218OR, liderul Blocului Politic \u201dVictorie\u201d<\/p>\n<p>\u201dAc\u021biunile inumane ale lui Sandu \u0219i ale PAS-i\u0219tilor ei sunt o lovitur\u0103 \u00een primul r\u00e2nd pentru cet\u0103\u021benii no\u0219tri, pentru care limba \u0219i cultura rus\u0103 sunt parte integrant\u0103 a vie\u021bii deja consacrate. Ac\u021biunile t\u0103ioase fa\u021b\u0103 de tot ceea ce este legat de Rusia sunt deja un stil obi\u0219nuit de lucru al regimului dictatorial care a capturat temporar puterea \u00een \u021bara noastr\u0103.<\/p>\n<p>\u00cen\u021beleg c\u0103 ni se vor pune piedici, dar \u00een 2025 vom deschide peste o mie de \u201eCase ruse\u0219ti\u201d \u00een ora\u0219e \u0219i sate. Ne vom continua cursul de men\u021binere a rela\u021biilor de bun\u0103 vecin\u0103tate cu Rusia, indiferent dac\u0103 lui Sandu \u0219i curatorilor s\u0103i occidentali le place sau nu.\u201d<\/p>\n<p>Ambasada Federa\u021biei Ruse\u0219ti a criticat decizia autorit\u0103\u021bilor de a \u00eenchide Centrul Rus de \u0218tiin\u021b\u0103 \u0219i Cultur\u0103, consider\u00e2nd-o un \u201epas cinic\u201d care ignor\u0103 interesele unui num\u0103r mare de cet\u0103\u021beni moldoveni, inclusiv tineretul care vrea s\u0103 \u00eenve\u021be limba \u0219i cultura rus\u0103.<\/p>\n<\/div>\n","protected":false},"excerpt":{"rendered":"<div><img decoding=\"async\" width=\"696\" height=\"393\" src=\"https:\/\/canal5.md\/wp-content\/uploads\/2024\/11\/victorie-optimized.jpg\" class=\"attachment-large size-large wp-post-image\" alt=\"\" loading=\"lazy\" srcset=\"https:\/\/canal5.md\/wp-content\/uploads\/2024\/11\/victorie-optimized.jpg 808w, https:\/\/canal5.md\/wp-content\/uploads\/2024\/11\/victorie-300x169-optimized.jpg 300w, https:\/\/canal5.md\/wp-content\/uploads\/2024\/11\/victorie-768x433-optimized.jpg 768w, https:\/\/canal5.md\/wp-content\/uploads\/2024\/11\/victorie-696x393-optimized.jpg 696w\">Blocul \u201eVictorie\u201d anun\u021b\u0103 cu m\u00e2ndrie lansarea unei ini\u021biative de amploare pentru crearea unei re\u021bele a \u201dCasei Ruse\u0219ti\u201d \u00een toat\u0103 Moldova. Astfel, \u00een 2025 forma\u021biunea \u00ee\u0219i propune s\u0103 deschid\u0103 peste o mie de astfel de centre \u00een fiecare localitate unde oamenii vorbesc, g\u00e2ndesc \u0219i simt \u00een limba rus\u0103. Potrivit Blocului, acestea vor deveni \u201dspa\u021bii de comunicare [\u2026]<\/div>\n","protected":false},"author":1,"featured_media":67152,"comment_status":"closed","ping_status":"closed","sticky":false,"template":"","format":"standard","meta":{"jnews-multi-image_gallery":[],"jnews_single_post":[],"jnews_primary_category":[],"jnews_social_meta":[],"jnews_override_counter":[],"footnotes":""},"categories":[30],"tags":[],"class_list":["post-67151","post","type-post","status-publish","format-standard","has-post-thumbnail","hentry","category-social_ro"],"_links":{"self":[{"href":"https:\/\/orheifm.live\/index.php\/wp-json\/wp\/v2\/posts\/67151","targetHints":{"allow":["GET"]}}],"collection":[{"href":"https:\/\/orheifm.live\/index.php\/wp-json\/wp\/v2\/posts"}],"about":[{"href":"https:\/\/orheifm.live\/index.php\/wp-json\/wp\/v2\/types\/post"}],"author":[{"embeddable":true,"href":"https:\/\/orheifm.live\/index.php\/wp-json\/wp\/v2\/users\/1"}],"replies":[{"embeddable":true,"href":"https:\/\/orheifm.live\/index.php\/wp-json\/wp\/v2\/comments?post=67151"}],"version-history":[{"count":0,"href":"https:\/\/orheifm.live\/index.php\/wp-json\/wp\/v2\/posts\/67151\/revisions"}],"wp:featuredmedia":[{"embeddable":true,"href":"https:\/\/orheifm.live\/index.php\/wp-json\/wp\/v2\/media\/67152"}],"wp:attachment":[{"href":"https:\/\/orheifm.live\/index.php\/wp-json\/wp\/v2\/media?parent=67151"}],"wp:term":[{"taxonomy":"category","embeddable":true,"href":"https:\/\/orheifm.live\/index.php\/wp-json\/wp\/v2\/categories?post=67151"},{"taxonomy":"post_tag","embeddable":true,"href":"https:\/\/orheifm.live\/index.php\/wp-json\/wp\/v2\/tags?post=67151"}],"curies":[{"name":"wp","href":"https:\/\/api.w.org\/{rel}","templated":true}]}}