{"id":67149,"date":"2025-02-14T21:32:30","date_gmt":"2025-02-14T19:32:30","guid":{"rendered":"https:\/\/orheifm.live\/index.php\/2025\/02\/14\/maria-zaharova-respinge-acuzatiile-moldovei-privind-dronele-rusesti-cazute-pe-teritoriul-tarii-si-sugereaza-posibile-provocari-externe-video\/"},"modified":"2025-02-14T21:32:30","modified_gmt":"2025-02-14T19:32:30","slug":"maria-zaharova-respinge-acuzatiile-moldovei-privind-dronele-rusesti-cazute-pe-teritoriul-tarii-si-sugereaza-posibile-provocari-externe-video","status":"publish","type":"post","link":"https:\/\/orheifm.live\/index.php\/2025\/02\/14\/maria-zaharova-respinge-acuzatiile-moldovei-privind-dronele-rusesti-cazute-pe-teritoriul-tarii-si-sugereaza-posibile-provocari-externe-video\/","title":{"rendered":"Maria Zaharova respinge acuza\u021biile Moldovei privind dronele ruse\u0219ti c\u0103zute pe teritoriul \u021b\u0103rii \u0219i sugereaz\u0103 posibile provoc\u0103ri externe |VIDEO"},"content":{"rendered":"<div>\n<p><strong>Moscova respinge acuza\u021biile privind \u00eenc\u0103lcarea spa\u021biului aerian al Moldovei de c\u0103tre dronele ruse\u0219ti. Reprezentantul oficial al diploma\u021biei ruse, Maria Zaharova, a numit acuza\u021biile Chi\u0219in\u0103ului drept nefondate, \u00een leg\u0103tur\u0103 cu c\u0103derea pe teritoriul \u021b\u0103rii noastre a dronelor, a c\u0103ror resturi au fost descoperite pe 13 februarie \u00een sudul Moldovei. <\/strong><br \/>\n<iframe loading=\"lazy\" title=\"YouTube video player\" src=\"https:\/\/www.youtube.com\/embed\/bs3O0ZLQ6-E?si=YMNVDrvj2TN97lX3\" width=\"560\" height=\"315\" frameborder=\"0\" allowfullscreen=\"allowfullscreen\"><\/iframe><br \/>\nZaharova a subliniat c\u0103 \u201epartea rus\u0103 respect\u0103 suveranitatea Republicii Moldova \u0219i securitatea cet\u0103\u021benilor s\u0103i\u201d.<\/p>\n<p>Pe 13 februarie, autorit\u0103\u021bile de ordine din Moldova au anun\u021bat c\u0103 au fost g\u0103site trei drone \u00een apropierea ora\u0219ului C\u0103u\u0219eni \u0219i \u00een raionul Taraclia. Ministerul de Externe de la Chi\u0219in\u0103u \u0219i-a exprimat \u00eengrijorarea \u00een leg\u0103tur\u0103 cu aceast\u0103 \u00eenc\u0103lcare a spa\u021biului aerian al \u021b\u0103rii \u0219i a acuzat din nou Rusia.<\/p>\n<p>Ambasadorul Federa\u021biei Ruse a fost convocat la Ministerul de Externe pentru a-i fi \u00eenm\u00e2nat\u0103 o not\u0103 de protest. Pe fundalul incidentului, autorit\u0103\u021bile moldovene\u0219ti au decis s\u0103 \u00eenchid\u0103 activitatea Centrului Rus de \u0218tiin\u021b\u0103 \u0219i Cultur\u0103.<\/p>\n<p>Ambasadorul Rusiei a respins acuza\u021biile \u0219i a subliniat c\u0103 Moscova nu are inten\u021bia s\u0103 tensioneze situa\u021bia cu Republica Moldova.<\/p>\n<p>MARIA ZAHAROVA, reprezentant oficial MAE Rusia<\/p>\n<p>Dronele de lupt\u0103 sunt utilizate de for\u021bele armate ale Federa\u021biei Ruse \u00eempotriva unor obiective militare \u0219i a infrastructurii aferente acestora din Ucraina. Descoperirea men\u021bionatelor resturi \u00een Moldova poate avea dou\u0103 explica\u021bii.<\/p>\n<p>Prima este c\u0103 acestea ar fi putut fi adunate de pe linia de contact a luptelor \u0219i ar fi fost aruncate pe teritoriul moldovean, ceea ce ar putea fi o provocare din partea regimului de la Kiev. Ace\u0219tia sunt obi\u0219nui\u021bi s\u0103 fac\u0103 astfel de ac\u021biuni. Nu se tem s\u0103 loveasc\u0103 obiective nucleare, deci ce ar fi s\u0103 adune resturi \u0219i s\u0103 le transporte undeva.<\/p>\n<p>De altfel, despre astfel de cazuri vorbim frecvent. A doua posibil\u0103 cauz\u0103 ar fi c\u0103 fragmentele au c\u0103zut \u00een Moldova din cauza utiliz\u0103rii al sistemelor de ap\u0103rare aerian\u0103 \u0219i r\u0103zboi electronic ucrainene \u00eempotriva dronelor ruse\u0219ti care atacau obiectivele infrastructurii militare din Ucraina.<\/p>\n<\/div>\n","protected":false},"excerpt":{"rendered":"<div><img loading=\"lazy\" decoding=\"async\" width=\"696\" height=\"391\" src=\"https:\/\/canal5.md\/wp-content\/uploads\/2024\/02\/zaharova_0825-1024x575-optimized.webp\" class=\"attachment-large size-large wp-post-image\" alt=\"\" srcset=\"https:\/\/canal5.md\/wp-content\/uploads\/2024\/02\/zaharova_0825-1024x575-optimized.webp 1024w, https:\/\/canal5.md\/wp-content\/uploads\/2024\/02\/zaharova_0825-300x169-optimized.webp 300w, https:\/\/canal5.md\/wp-content\/uploads\/2024\/02\/zaharova_0825-768x432-optimized.webp 768w, https:\/\/canal5.md\/wp-content\/uploads\/2024\/02\/zaharova_0825-1536x863-optimized.webp 1536w, https:\/\/canal5.md\/wp-content\/uploads\/2024\/02\/zaharova_0825-696x391-optimized.webp 696w, https:\/\/canal5.md\/wp-content\/uploads\/2024\/02\/zaharova_0825-1068x600-optimized.webp 1068w, https:\/\/canal5.md\/wp-content\/uploads\/2024\/02\/zaharova_0825-jpg-optimized.webp 1920w\">Moscova respinge acuza\u021biile privind \u00eenc\u0103lcarea spa\u021biului aerian al Moldovei de c\u0103tre dronele ruse\u0219ti. Reprezentantul oficial al diploma\u021biei ruse, Maria Zaharova, a numit acuza\u021biile Chi\u0219in\u0103ului drept nefondate, \u00een leg\u0103tur\u0103 cu c\u0103derea pe teritoriul \u021b\u0103rii noastre a dronelor, a c\u0103ror resturi au fost descoperite pe 13 februarie \u00een sudul Moldovei. Zaharova a subliniat c\u0103 \u201epartea rus\u0103 respect\u0103 [\u2026]<\/div>\n","protected":false},"author":1,"featured_media":67150,"comment_status":"closed","ping_status":"closed","sticky":false,"template":"","format":"standard","meta":{"jnews-multi-image_gallery":[],"jnews_single_post":[],"jnews_primary_category":[],"jnews_social_meta":[],"jnews_override_counter":[],"footnotes":""},"categories":[23],"tags":[],"class_list":["post-67149","post","type-post","status-publish","format-standard","has-post-thumbnail","hentry","category-politica_ro"],"_links":{"self":[{"href":"https:\/\/orheifm.live\/index.php\/wp-json\/wp\/v2\/posts\/67149","targetHints":{"allow":["GET"]}}],"collection":[{"href":"https:\/\/orheifm.live\/index.php\/wp-json\/wp\/v2\/posts"}],"about":[{"href":"https:\/\/orheifm.live\/index.php\/wp-json\/wp\/v2\/types\/post"}],"author":[{"embeddable":true,"href":"https:\/\/orheifm.live\/index.php\/wp-json\/wp\/v2\/users\/1"}],"replies":[{"embeddable":true,"href":"https:\/\/orheifm.live\/index.php\/wp-json\/wp\/v2\/comments?post=67149"}],"version-history":[{"count":0,"href":"https:\/\/orheifm.live\/index.php\/wp-json\/wp\/v2\/posts\/67149\/revisions"}],"wp:featuredmedia":[{"embeddable":true,"href":"https:\/\/orheifm.live\/index.php\/wp-json\/wp\/v2\/media\/67150"}],"wp:attachment":[{"href":"https:\/\/orheifm.live\/index.php\/wp-json\/wp\/v2\/media?parent=67149"}],"wp:term":[{"taxonomy":"category","embeddable":true,"href":"https:\/\/orheifm.live\/index.php\/wp-json\/wp\/v2\/categories?post=67149"},{"taxonomy":"post_tag","embeddable":true,"href":"https:\/\/orheifm.live\/index.php\/wp-json\/wp\/v2\/tags?post=67149"}],"curies":[{"name":"wp","href":"https:\/\/api.w.org\/{rel}","templated":true}]}}