{"id":67147,"date":"2025-02-14T21:28:04","date_gmt":"2025-02-14T19:28:04","guid":{"rendered":"https:\/\/orheifm.live\/index.php\/2025\/02\/14\/feroviarii-protesteaza-pentru-salariile-restante-iar-autoritatile-le-raspund-fara-solutii-concrete-video\/"},"modified":"2025-02-14T21:28:04","modified_gmt":"2025-02-14T19:28:04","slug":"feroviarii-protesteaza-pentru-salariile-restante-iar-autoritatile-le-raspund-fara-solutii-concrete-video","status":"publish","type":"post","link":"https:\/\/orheifm.live\/index.php\/2025\/02\/14\/feroviarii-protesteaza-pentru-salariile-restante-iar-autoritatile-le-raspund-fara-solutii-concrete-video\/","title":{"rendered":"Feroviarii protesteaz\u0103 pentru salariile restante, iar autorit\u0103\u021bile le r\u0103spund f\u0103r\u0103 solu\u021bii concrete |VIDEO"},"content":{"rendered":"<div>\n<p><strong>\u00cen timp ce angaja\u021bi \u00centreprinderii de Stat \u201dCalea Ferat\u0103 din Moldova\u201d \u00eenghe\u021bau \u00een strad\u0103, protest\u00e2nd fa\u021b\u0103 de restan\u021bele salariale, ministrul Infrastructurii, Vladimir Bolea, \u0219i directorul general interimar al C\u0103ii Ferate, Serghei Tom\u0219a, le-au r\u0103spuns acestora pe Facebook. Au recunoscut c\u0103 exist\u0103 probleme \u0219i c\u0103 sunt \u00een c\u0103utare de solu\u021bii.<\/strong><br \/>\n<iframe loading=\"lazy\" title=\"YouTube video player\" src=\"https:\/\/www.youtube.com\/embed\/8adi4l3D-L4?si=F-w3LfMaXJrkr_bo\" width=\"560\" height=\"315\" frameborder=\"0\" allowfullscreen=\"allowfullscreen\"><\/iframe><br \/>\nNiciunul nu a dat \u00eens\u0103 un termene \u0219i solu\u021bii care s\u0103 r\u0103spund\u0103 imediat nevoilor oamenilor.<\/p>\n<p>\u00cen timp ce angaja\u021bi \u00centreprinderii de Stat \u201dCalea Ferat\u0103 din Moldova\u201d \u00eenghe\u021bau \u00een strad\u0103, protest\u00e2nd fa\u021b\u0103 de restan\u021bele salariale, ministrul Infrastructurii, Vladimir Bolea, \u0219i directorul general interimar al C\u0103ii Ferate, Serghei Tom\u0219a, le-au r\u0103spuns acestora pe Facebook.<\/p>\n<p>Vladimir Bolea \u0219i-a \u00eenceput mesajul cu afirma\u021bia c\u0103 Ministerul Infrastructuri creaz\u0103 politici \u0219i contexte ca CFM s\u0103 func\u021bioneze \u0219i s\u0103 r\u0103m\u00e2n\u0103 sustenabil\u0103, vr\u00e2nd, cel mai probabil, s\u0103 se deta\u0219eze de responsabilitatea achit\u0103rii restan\u021belor salariale. Problema e c\u0103 tot el recunoa\u0219te \u00een acela\u0219i mesaj c\u0103 CFM a ajuns o companie care nu se poate sus\u021bine financiar, iar vina este, desgur, deja to\u021bi \u0219tiu, r\u0103zboiul din Ucraina.<\/p>\n<p>\u00cen continuare el arunc\u0103 vina pe faptul c\u0103 CFM a fost getionat\u0103 prost \u00een ultimi 10-15 ani, de\u0219i guvernarea PAS a avut la dispozi\u021bie patru ani ca s\u0103 rezolve lucrurile sau, cel pu\u021bin, s\u0103 \u00eenceap\u0103 s-o fac\u0103.<\/p>\n<p>O solu\u021bie imediat\u0103, spune Bolea, ar fi v\u00e2nzarea unor obiecte de patrimoniu din gestiunea CFM care nu mai sunt necesare \u0219i achitarea salariilor. \u201dSolu\u021bia pe termen mediu \u0219i lung \u00eenseamn\u0103 eliminarea cheltuielilor ineficiente, optimizarea costurilor opera\u021bionale \u0219i investi\u021bii majore \u00een infrastructur\u0103\u201d, consider\u0103 demnitarul, care \u00eens\u0103 nu vorbe\u0219te de termeni concre\u021bi \u0219i cum pot fi ajutate familiile feroviarilor s\u0103 supravie\u021biasc\u0103 \u00een aceast\u0103 perioad\u0103.<\/p>\n<p>Bolea a mai spus c\u0103 APP desf\u0103\u0219oar\u0103 un audit detaliat pentru identificarea \u0219i corectarea ineficien\u021belor financiare \u0219i opera\u021bionale \u0219i a ad\u0103ugat ceea ce se \u0219tie deja, c\u0103, CFM va fi restructurat\u0103 \u00een trei entit\u0103\u021bi distincte \u2013 infrastructur\u0103, transport de pasageri, transport de m\u0103rfuri.<\/p>\n<p>Cu un mesaj, scris tot pe Facebook, a venit \u0219i directorul general interimar al C\u0103ii Ferate, Serghei Tom\u0219a, care i-a numit pe feroviari \u201dfrustra\u021bi \u0219i nemul\u021bumi\u021bi\u201d. El a scris \u00een postare c\u0103<\/p>\n<p>\u201dTrecem printr-o perioad\u0103 extrem de dificil\u0103, iar lipsa salariilor luni la r\u00e2nd este o situa\u021bie inacceptabil\u0103 pentru voi \u0219i pentru familiile voastre. V\u0103 \u00een\u021beleg perfect frustrarea \u0219i nemul\u021bumirea, iar protestele din fa\u021ba Guvernului sunt o expresie fireasc\u0103 a acestei realit\u0103\u021bi.\u201d<\/p>\n<p>Acesta a venit cu scuze cu privire la situa\u021bia creat\u0103 \u0219i a promis solu\u021bii pentru achitarea salariilor.<\/p>\n<p>\u201dVreau s\u0103 fiu sincer cu voi: situa\u021bia actual\u0103 a CFM nu este una pe care am creat-o noi, dar este responsabilitatea noastr\u0103 s\u0103 o rezolv\u0103m. \u00centreprinderea a fost gestionat\u0103 defectuos ani la r\u00e2nd, iar consecin\u021bele acestei lipse de viziune sunt acum pe umerii no\u0219tri. Cu toate acestea, nu suntem neputincio\u0219i \u0219i nu ne vom opri p\u00e2n\u0103 c\u00e2nd vom g\u0103si solu\u021bii reale \u0219i sustenabile\u201d , a mai scris Tom\u0219a.<\/p>\n<p>Nici el nu le spune \u00eens\u0103 oamenilor cu ce s\u0103 tr\u0103iasc\u0103 \u00een perioada de c\u0103utare a banilor.<br \/>\nPrin urmare, cum era \u0219i de a\u0219teptat, comentariile critice la reac\u021bia directorului general interimat al CFM, nu au \u00eent\u00e2rziat s\u0103 apar\u0103. Un utilizator pe nume Costel, a scris c\u0103, cit\u0103m:<\/p>\n<p>\u201dMult\u0103 minciun\u0103, b\u0103taie de joc fa\u021b\u0103 de biata lume, familie cu copii, rate la b\u0103nci n-au un ban s\u0103 cumpere ceva de m\u00e2ncare, acum toate sunt scumpe, lumina, gaze, apa, voi nu da\u021bi bani de 6 luni. Sindicatele \u00een loc sa \u021bin\u0103 cu bie\u021bii muncitori, ei mai r\u0103u ai \u00eengroap\u0103, MAR\u0218, HO\u021aILOR, v\u0103 g\u00e2ndi\u021bi numai la voi. Opri\u021bi-v\u0103 toat\u0103 lumea, s\u0103 vezi cum g\u0103sesc bani,\u201d\u00a0 s-a ar\u0103tat convins b\u0103rbatul.<\/p>\n<p>O alt\u0103 utilizatoare, pe nume Irina \u021aurcanu a scris sub postarea lui<\/p>\n<p>Serghei Tom\u0219a c\u0103 oamenii au nevoie de fapte concrete, nu vorbe frumoase.<\/p>\n<p>\u201dDeja de ani buni c\u0103uta\u021bi solu\u021bii \u0219i rezultatele zero. Oamenii au ajuns la disperare, nu au cu ce \u00ee\u0219i hr\u0103ni familiile, nu au cu ce achita serviciile comunale. La acordarea compensa\u021biilor s-a g\u0103sit repede c\u0103 au de primit salariile, dar c\u0103 nu le-au primit de fapt nu se vede? Le-au fost acordate compensa\u021bii mizere.\u201d<\/p>\n<p>\u00cen r\u0103spuns la comentariul Irinei \u021aurcanu, un alt utilizator al re\u021belei de socializare, Vasilii Leu, a scris c\u0103 singurele solu\u021bii ale celor de la conducerea \u00eentreprinderilor este\u00a0 \u201ds\u0103 dezvolte firme c\u0103pu\u0219e, care s\u0103 absoarb\u0103 resursele \u00eentreprinderilor\u201d.<\/p>\n<p>Un alt utilizator pe nume Vlad se \u00eentreab\u0103 de ce \u201dCei care au distrus Calea Ferat\u0103 \u0219i au furat-o, nu r\u0103spund \u00een fa\u021ba legii?\u201d.<\/p>\n<p>Directorul general interimar al CFM, Serghei Tom\u0219a a mai scris c\u0103 \u00een cur\u00e2nd va oferi \u201ddetalii clare\u201d cu privire la urm\u0103torii pa\u0219i pe care \u00eei va \u00eentreprinde pentru a \u00eencepe plata restan\u021belor salariale, care \u00een prezent se ridic\u0103 la aproximativ 190 de milioane de lei.<\/p>\n<\/div>\n","protected":false},"excerpt":{"rendered":"<div><img decoding=\"async\" width=\"696\" height=\"392\" src=\"https:\/\/canal5.md\/wp-content\/uploads\/2025\/02\/photo_2025-02-14_11-23-01-2-1024x577-optimized.jpg\" class=\"attachment-large size-large wp-post-image\" alt=\"\" loading=\"lazy\" srcset=\"https:\/\/canal5.md\/wp-content\/uploads\/2025\/02\/photo_2025-02-14_11-23-01-2-1024x577-optimized.jpg 1024w, https:\/\/canal5.md\/wp-content\/uploads\/2025\/02\/photo_2025-02-14_11-23-01-2-300x169-optimized.jpg 300w, https:\/\/canal5.md\/wp-content\/uploads\/2025\/02\/photo_2025-02-14_11-23-01-2-768x433-optimized.jpg 768w, https:\/\/canal5.md\/wp-content\/uploads\/2025\/02\/photo_2025-02-14_11-23-01-2-696x392-optimized.jpg 696w, https:\/\/canal5.md\/wp-content\/uploads\/2025\/02\/photo_2025-02-14_11-23-01-2-1068x602-optimized.jpg 1068w, https:\/\/canal5.md\/wp-content\/uploads\/2025\/02\/photo_2025-02-14_11-23-01-2-optimized.jpg 1280w\">\u00cen timp ce angaja\u021bi \u00centreprinderii de Stat \u201dCalea Ferat\u0103 din Moldova\u201d \u00eenghe\u021bau \u00een strad\u0103, protest\u00e2nd fa\u021b\u0103 de restan\u021bele salariale, ministrul Infrastructurii, Vladimir Bolea, \u0219i directorul general interimar al C\u0103ii Ferate, Serghei Tom\u0219a, le-au r\u0103spuns acestora pe Facebook. Au recunoscut c\u0103 exist\u0103 probleme \u0219i c\u0103 sunt \u00een c\u0103utare de solu\u021bii. Niciunul nu a dat \u00eens\u0103 un [\u2026]<\/div>\n","protected":false},"author":1,"featured_media":67148,"comment_status":"closed","ping_status":"closed","sticky":false,"template":"","format":"standard","meta":{"jnews-multi-image_gallery":[],"jnews_single_post":[],"jnews_primary_category":[],"jnews_social_meta":[],"jnews_override_counter":[],"footnotes":""},"categories":[23],"tags":[],"class_list":["post-67147","post","type-post","status-publish","format-standard","has-post-thumbnail","hentry","category-politica_ro"],"_links":{"self":[{"href":"https:\/\/orheifm.live\/index.php\/wp-json\/wp\/v2\/posts\/67147","targetHints":{"allow":["GET"]}}],"collection":[{"href":"https:\/\/orheifm.live\/index.php\/wp-json\/wp\/v2\/posts"}],"about":[{"href":"https:\/\/orheifm.live\/index.php\/wp-json\/wp\/v2\/types\/post"}],"author":[{"embeddable":true,"href":"https:\/\/orheifm.live\/index.php\/wp-json\/wp\/v2\/users\/1"}],"replies":[{"embeddable":true,"href":"https:\/\/orheifm.live\/index.php\/wp-json\/wp\/v2\/comments?post=67147"}],"version-history":[{"count":0,"href":"https:\/\/orheifm.live\/index.php\/wp-json\/wp\/v2\/posts\/67147\/revisions"}],"wp:featuredmedia":[{"embeddable":true,"href":"https:\/\/orheifm.live\/index.php\/wp-json\/wp\/v2\/media\/67148"}],"wp:attachment":[{"href":"https:\/\/orheifm.live\/index.php\/wp-json\/wp\/v2\/media?parent=67147"}],"wp:term":[{"taxonomy":"category","embeddable":true,"href":"https:\/\/orheifm.live\/index.php\/wp-json\/wp\/v2\/categories?post=67147"},{"taxonomy":"post_tag","embeddable":true,"href":"https:\/\/orheifm.live\/index.php\/wp-json\/wp\/v2\/tags?post=67147"}],"curies":[{"name":"wp","href":"https:\/\/api.w.org\/{rel}","templated":true}]}}