{"id":67145,"date":"2025-02-14T21:25:14","date_gmt":"2025-02-14T19:25:14","guid":{"rendered":"https:\/\/orheifm.live\/index.php\/2025\/02\/14\/dorin-recean-republica-moldova-va-denunta-acordul-de-prietenie-cu-rusia-si-va-inchide-centrul-rus-de-stiinta-si-cultura-video\/"},"modified":"2025-02-14T21:25:14","modified_gmt":"2025-02-14T19:25:14","slug":"dorin-recean-republica-moldova-va-denunta-acordul-de-prietenie-cu-rusia-si-va-inchide-centrul-rus-de-stiinta-si-cultura-video","status":"publish","type":"post","link":"https:\/\/orheifm.live\/index.php\/2025\/02\/14\/dorin-recean-republica-moldova-va-denunta-acordul-de-prietenie-cu-rusia-si-va-inchide-centrul-rus-de-stiinta-si-cultura-video\/","title":{"rendered":"Dorin Recean: Republica Moldova va denun\u021ba Acordul de prietenie cu Rusia \u0219i va \u00eenchide Centrul Rus de \u0218tiin\u021b\u0103 \u0219i Cultur\u0103 |VIDEO"},"content":{"rendered":"<div>\n<p><strong>Republica Moldova se preg\u0103te\u0219te s\u0103 denun\u021be Acordul de prietenie \u0219i cooperare cu Federa\u021bia Rus\u0103. Despre acest lucru a anun\u021bat prim- ministrul, Dorin Recean \u00een cadrul unui interviu de la postul de televiziune Jurnal TV, referindu-se la Strategia de Securitate Na\u021bional\u0103 adoptat\u0103 de PAS, \u00een care Rusia este declarat\u0103 o amenin\u021bare existen\u021bial\u0103 pentru Republica Moldova. <\/strong><br \/>\n<iframe loading=\"lazy\" title=\"YouTube video player\" src=\"https:\/\/www.youtube.com\/embed\/1MF0Av84n1I?si=LOV02BTEoQ6dqUKL\" width=\"560\" height=\"315\" frameborder=\"0\" allowfullscreen=\"allowfullscreen\"><\/iframe><br \/>\n\u00centre timp, comentatorii politici amintesc c\u0103 Acordul semnat \u00eentre Moldova \u0219i Rusia \u00een 2001 stipuleaz\u0103, printre altele, c\u0103 p\u0103r\u021bile sunt \u201eangajate \u00een procesul de solu\u021bionare politic\u0103 a problemei transnistrene, \u00een care Federa\u021bia Rus\u0103 joac\u0103 rolul de mediator \u0219i garant, respect\u00e2nd suveranitatea \u0219i integritatea teritorial\u0103 a Republicii Moldova\u201d.<\/p>\n<p>Astfel, denun\u021barea acestui acord ar putea oferi Rusiei un pretext pentru a nu mai recunoa\u0219te integritatea teritorial\u0103 a Moldovei, sus\u021bin unii exper\u021bi.<\/p>\n<p>\u00cen contextul acestei decizii, Ministerul Afacerilor Externe al Moldovei a anun\u021bat, de asemenea, \u00eenchiderea Centrului Rus de \u0218tiin\u021b\u0103 \u0219i Cultur\u0103 din Chi\u0219in\u0103u, invoc\u00e2nd \u00eenc\u0103lcarea spa\u021biului aerian \u0219i pr\u0103bu\u0219irea dronelor ruse\u0219ti pe teritoriul na\u021bional. Ambasadorul Rusiei \u00een Moldova, Oleg Ozerov, a respins aceste acuza\u021bii, consider\u00e2ndu-le nefondate.<\/p>\n<p>DORIN RECEAN, premierul Republicii Moldova<\/p>\n<p>Republica Moldova deja \u00eentreprinde pa\u0219ii necesari pentru a ne asigura c\u0103 strategia este implementat\u0103, \u0219i toate angajamentele, tratatele care contravin acestei amenin\u021b\u0103ri s\u0103 poat\u0103 s\u0103 fie denun\u021bate.<\/p>\n<\/div>\n","protected":false},"excerpt":{"rendered":"<div><img loading=\"lazy\" decoding=\"async\" width=\"696\" height=\"392\" src=\"https:\/\/canal5.md\/wp-content\/uploads\/2023\/12\/dorin-recean_58152600-optimized.jpg\" class=\"attachment-large size-large wp-post-image\" alt=\"\" srcset=\"https:\/\/canal5.md\/wp-content\/uploads\/2023\/12\/dorin-recean_58152600-optimized.jpg 992w, https:\/\/canal5.md\/wp-content\/uploads\/2023\/12\/dorin-recean_58152600-300x169-optimized.jpg 300w, https:\/\/canal5.md\/wp-content\/uploads\/2023\/12\/dorin-recean_58152600-768x432-optimized.jpg 768w, https:\/\/canal5.md\/wp-content\/uploads\/2023\/12\/dorin-recean_58152600-696x392-optimized.jpg 696w\">Republica Moldova se preg\u0103te\u0219te s\u0103 denun\u021be Acordul de prietenie \u0219i cooperare cu Federa\u021bia Rus\u0103. Despre acest lucru a anun\u021bat prim- ministrul, Dorin Recean \u00een cadrul unui interviu de la postul de televiziune Jurnal TV, referindu-se la Strategia de Securitate Na\u021bional\u0103 adoptat\u0103 de PAS, \u00een care Rusia este declarat\u0103 o amenin\u021bare existen\u021bial\u0103 pentru Republica Moldova. \u00centre [\u2026]<\/div>\n","protected":false},"author":1,"featured_media":67146,"comment_status":"closed","ping_status":"closed","sticky":false,"template":"","format":"standard","meta":{"jnews-multi-image_gallery":[],"jnews_single_post":[],"jnews_primary_category":[],"jnews_social_meta":[],"jnews_override_counter":[],"footnotes":""},"categories":[23],"tags":[],"class_list":["post-67145","post","type-post","status-publish","format-standard","has-post-thumbnail","hentry","category-politica_ro"],"_links":{"self":[{"href":"https:\/\/orheifm.live\/index.php\/wp-json\/wp\/v2\/posts\/67145","targetHints":{"allow":["GET"]}}],"collection":[{"href":"https:\/\/orheifm.live\/index.php\/wp-json\/wp\/v2\/posts"}],"about":[{"href":"https:\/\/orheifm.live\/index.php\/wp-json\/wp\/v2\/types\/post"}],"author":[{"embeddable":true,"href":"https:\/\/orheifm.live\/index.php\/wp-json\/wp\/v2\/users\/1"}],"replies":[{"embeddable":true,"href":"https:\/\/orheifm.live\/index.php\/wp-json\/wp\/v2\/comments?post=67145"}],"version-history":[{"count":0,"href":"https:\/\/orheifm.live\/index.php\/wp-json\/wp\/v2\/posts\/67145\/revisions"}],"wp:featuredmedia":[{"embeddable":true,"href":"https:\/\/orheifm.live\/index.php\/wp-json\/wp\/v2\/media\/67146"}],"wp:attachment":[{"href":"https:\/\/orheifm.live\/index.php\/wp-json\/wp\/v2\/media?parent=67145"}],"wp:term":[{"taxonomy":"category","embeddable":true,"href":"https:\/\/orheifm.live\/index.php\/wp-json\/wp\/v2\/categories?post=67145"},{"taxonomy":"post_tag","embeddable":true,"href":"https:\/\/orheifm.live\/index.php\/wp-json\/wp\/v2\/tags?post=67145"}],"curies":[{"name":"wp","href":"https:\/\/api.w.org\/{rel}","templated":true}]}}