{"id":67143,"date":"2025-02-14T21:22:49","date_gmt":"2025-02-14T19:22:49","guid":{"rendered":"https:\/\/orheifm.live\/index.php\/2025\/02\/14\/feroviarii-protesteaza-pentru-salariile-restante-in-timp-ce-maia-sandu-citeste-poezii-printre-nori-video\/"},"modified":"2025-02-14T21:22:49","modified_gmt":"2025-02-14T19:22:49","slug":"feroviarii-protesteaza-pentru-salariile-restante-in-timp-ce-maia-sandu-citeste-poezii-printre-nori-video","status":"publish","type":"post","link":"https:\/\/orheifm.live\/index.php\/2025\/02\/14\/feroviarii-protesteaza-pentru-salariile-restante-in-timp-ce-maia-sandu-citeste-poezii-printre-nori-video\/","title":{"rendered":"Feroviarii protesteaz\u0103 pentru salariile restante, \u00een timp ce Maia Sandu cite\u0219te poezii printre nori |VIDEO"},"content":{"rendered":"<div>\n<p><strong>Voi protesta\u021bi, da eu plec \u00een Germania. \u00cen ziua \u00een care feroviarii \u0219i-au cerut salariile \u00een stard\u0103, Maia Sandu \u0219i-a luat zborul spre Munchen. Pre\u0219edintele particip\u0103 la Conferin\u021ba de Securitate, la care se va discuta despre securitatea regional\u0103 \u0219i restabilirea p\u0103cii \u00een Ucraina.\u00a0<\/strong><br \/>\n<iframe loading=\"lazy\" title=\"YouTube video player\" src=\"https:\/\/www.youtube.com\/embed\/EiwmKBaaYOU?si=RNhvVUFFXKo4Mslv\" width=\"560\" height=\"315\" frameborder=\"0\" allowfullscreen=\"allowfullscreen\"><\/iframe><br \/>\nSandu a publicat pe pagina sa de Facebook o poz\u0103, evident regizat\u0103, \u00een care al\u0103turi de alte dou\u0103 femei, arat\u0103 demonstrativ c\u0103 lectureaz\u0103 c\u00e2te o carte. \u201eDe Ziua Na\u021bional\u0103 a Lecturii, \u00een anul \u00een care Grigore Vieru ar fi \u00eemplinit 90 de ani, s\u0103 ne amintim de for\u021ba cuvintelor\u201d, a scris \u0219eful statului.<\/p>\n<p>Astfel c\u0103, Maia Sandu a preferat s\u0103 citeasc\u0103 poezii de dragoste la \u00een\u0103l\u021bime, dec\u00e2t s\u0103 asculte necazurile \u0219i problemele cu care se confrunt\u0103 angaja\u021bii de la Calea Ferat\u0103 care nu \u0219i-au primit lefurile de aproape jum\u0103tate de an.<\/p>\n<p>\u0218i nu este pentru prima dat\u0103 c\u00e2nd la u\u0219a Pre\u0219edin\u021biei se protesteaz\u0103, iar \u0219eful statului se afl\u0103 \u00een vizite peste hotare. La fel a fost \u00een cazul profesorilor, a medicilor sau a fermierilor.<\/p>\n<\/div>\n","protected":false},"excerpt":{"rendered":"<div><img decoding=\"async\" width=\"664\" height=\"331\" src=\"https:\/\/canal5.md\/wp-content\/uploads\/2025\/02\/photo_2025-02-14_11-12-40-optimized.jpg\" class=\"attachment-large size-large wp-post-image\" alt=\"\" loading=\"lazy\" srcset=\"https:\/\/canal5.md\/wp-content\/uploads\/2025\/02\/photo_2025-02-14_11-12-40-optimized.jpg 664w, https:\/\/canal5.md\/wp-content\/uploads\/2025\/02\/photo_2025-02-14_11-12-40-300x150-optimized.jpg 300w\">Voi protesta\u021bi, da eu plec \u00een Germania. \u00cen ziua \u00een care feroviarii \u0219i-au cerut salariile \u00een stard\u0103, Maia Sandu \u0219i-a luat zborul spre Munchen. Pre\u0219edintele particip\u0103 la Conferin\u021ba de Securitate, la care se va discuta despre securitatea regional\u0103 \u0219i restabilirea p\u0103cii \u00een Ucraina.\u00a0 Sandu a publicat pe pagina sa de Facebook o poz\u0103, evident regizat\u0103, [\u2026]<\/div>\n","protected":false},"author":1,"featured_media":67144,"comment_status":"closed","ping_status":"closed","sticky":false,"template":"","format":"standard","meta":{"jnews-multi-image_gallery":[],"jnews_single_post":[],"jnews_primary_category":[],"jnews_social_meta":[],"jnews_override_counter":[],"footnotes":""},"categories":[23],"tags":[],"class_list":["post-67143","post","type-post","status-publish","format-standard","has-post-thumbnail","hentry","category-politica_ro"],"_links":{"self":[{"href":"https:\/\/orheifm.live\/index.php\/wp-json\/wp\/v2\/posts\/67143","targetHints":{"allow":["GET"]}}],"collection":[{"href":"https:\/\/orheifm.live\/index.php\/wp-json\/wp\/v2\/posts"}],"about":[{"href":"https:\/\/orheifm.live\/index.php\/wp-json\/wp\/v2\/types\/post"}],"author":[{"embeddable":true,"href":"https:\/\/orheifm.live\/index.php\/wp-json\/wp\/v2\/users\/1"}],"replies":[{"embeddable":true,"href":"https:\/\/orheifm.live\/index.php\/wp-json\/wp\/v2\/comments?post=67143"}],"version-history":[{"count":0,"href":"https:\/\/orheifm.live\/index.php\/wp-json\/wp\/v2\/posts\/67143\/revisions"}],"wp:featuredmedia":[{"embeddable":true,"href":"https:\/\/orheifm.live\/index.php\/wp-json\/wp\/v2\/media\/67144"}],"wp:attachment":[{"href":"https:\/\/orheifm.live\/index.php\/wp-json\/wp\/v2\/media?parent=67143"}],"wp:term":[{"taxonomy":"category","embeddable":true,"href":"https:\/\/orheifm.live\/index.php\/wp-json\/wp\/v2\/categories?post=67143"},{"taxonomy":"post_tag","embeddable":true,"href":"https:\/\/orheifm.live\/index.php\/wp-json\/wp\/v2\/tags?post=67143"}],"curies":[{"name":"wp","href":"https:\/\/api.w.org\/{rel}","templated":true}]}}