{"id":67141,"date":"2025-02-14T21:20:23","date_gmt":"2025-02-14T19:20:23","guid":{"rendered":"https:\/\/orheifm.live\/index.php\/2025\/02\/14\/oleg-tofilat-inactiunea-autoritatilor-in-criza-feroviara-este-criminala-video\/"},"modified":"2025-02-14T21:20:23","modified_gmt":"2025-02-14T19:20:23","slug":"oleg-tofilat-inactiunea-autoritatilor-in-criza-feroviara-este-criminala-video","status":"publish","type":"post","link":"https:\/\/orheifm.live\/index.php\/2025\/02\/14\/oleg-tofilat-inactiunea-autoritatilor-in-criza-feroviara-este-criminala-video\/","title":{"rendered":"Oleg Tofilat: \u201eInac\u021biunea autorit\u0103\u021bilor \u00een criza feroviar\u0103 este criminal\u0103\u201d |VIDEO"},"content":{"rendered":"<div>\n<p><strong>F\u0103r\u0103 o politic\u0103 guvernamental\u0103 competent\u0103, sectorul feroviar nu va putea ie\u0219i din criz\u0103, iar autorit\u0103\u021bile din Moldova nu se ocup\u0103 de o solu\u021bie complex\u0103 a problemei. Despre acest lucru a declarat fostul director al \u00eentreprinderii de stat \u201eCalea Ferat\u0103 din Moldova\u201d, Oleg Tofilat, \u00eentr-un interviu acordat Canalul 5. <\/strong><br \/>\n<iframe loading=\"lazy\" title=\"YouTube video player\" src=\"https:\/\/www.youtube.com\/embed\/1ikgzK8Ft34?si=Kyw8LTKI01DuZT4a\" width=\"560\" height=\"315\" frameborder=\"0\" allowfullscreen=\"allowfullscreen\"><\/iframe><br \/>\nPotrivit lui, situa\u021bia \u00een care se afl\u0103 sectorul creeaz\u0103 riscuri uria\u0219e legate de abuzuri, iar el este dispus s\u0103 discute acest subiect cu institu\u021biile de drept. Tofilat este convins c\u0103 f\u0103r\u0103 reforme \u0219i finan\u021bare guvernamental\u0103, c\u0103ile ferate sunt sortite e\u0219ecului.<\/p>\n<p>Fostul director al \u00eentreprinderii de stat \u201eCalea Ferat\u0103 a Moldovei\u201d, Oleg Tofilat, consider\u0103 c\u0103 autorit\u0103\u021bile trebuie s\u0103 r\u0103spund\u0103 la tulbur\u0103rile masive dintre angaja\u021bii c\u0103ilor ferate din cauza datoriilor salariale acumulate pe parcursul mai multor luni. Totu\u0219i, el este sceptic \u00een privin\u021ba identific\u0103rii unei solu\u021bii pe termen lung.<\/p>\n<p>\u00cen cadrul unui interviu acordat postului nostru de televiziune, Tofilat a men\u021bionat c\u0103 planul de reabilitare \u0219i modernizare a \u00eentreprinderii, dezvoltat de echipa sa \u00een 2021, nu este implementat \u0219i a numit inac\u021biunea autorit\u0103\u021bilor drept o crim\u0103.<\/p>\n<p>OLEG TOFILAT, fostul \u0219ef al \u00centreprinderii de Stat \u201eCalea Ferat\u0103 a Moldovei\u201d<\/p>\n<p>Dac\u0103 privim la datoria fa\u021b\u0103 de salarii, ca pe o datorie, atunci, desigur, acest lucru nu se va rezolva niciodat\u0103. De fapt, trebuie s\u0103 ne concentr\u0103m pe lichiditate \u0219i pe profitabilitate. Adic\u0103, \u00eentreprinderea trebuie s\u0103 devin\u0103 pl\u0103titoare, iar pentru a deveni pl\u0103titoare, este necesar s\u0103 creasc\u0103 capitalul de rulaj.<\/p>\n<p>\u00cen al doilea r\u00e2nd, \u00eentreprinderea trebuie s\u0103 devin\u0103 profitabil\u0103. \u0218i pentru a deveni profitabil\u0103, trebuie, \u00een primul r\u00e2nd, s\u0103 creasc\u0103 volumul transporturilor de m\u0103rfuri, iar \u00een al doilea r\u00e2nd, s\u0103 se asigure finan\u021barea infrastructurii din partea statului. Dac\u0103 transporturile de m\u0103rfuri depind \u00eentr-un fel de calea ferat\u0103, atunci finan\u021barea infrastructurii depinde exclusiv de guvern, iar guvernul tace \u00eentr-un mod criminal \u00eencep\u00e2nd cu 2021.<\/p>\n<p>Nimic din toate acestea nu este asigurat, iar inac\u021biunea autorit\u0103\u021bilor este pur \u0219i simplu criminal\u0103.<\/p>\n<p>Acum, statul trebuie s\u0103 intervin\u0103 \u0219i s\u0103 fac\u0103 ceea ce se face \u00een Europa. Pur \u0219i simplu, mini\u0219trii \u0219i prim-mini\u0219trii nu au destul\u0103 minte pentru a \u00een\u021belege cum se face acest lucru \u00een Europa.<\/p>\n<p>Oleg Tofilat a subliniat c\u0103 nici \u00eentr-o \u021bar\u0103 european\u0103 feroviarul nu func\u021bioneaz\u0103 f\u0103r\u0103 ajutorul statului \u0219i f\u0103r\u0103 aloca\u021bii bugetare. \u00cen acela\u0219i timp, el a men\u021bionat c\u0103 situa\u021bia actual\u0103 din sector aduce riscuri mari legate de abuzuri. Tofilat a declarat c\u0103 este preg\u0103tit s\u0103 discute pe aceast\u0103 tem\u0103 cu autorit\u0103\u021bile.<\/p>\n<p>OLEG TOFILAT, fostul \u0219ef al \u00centreprinderii de Stat \u201eCalea Ferat\u0103 a Moldovei\u201d<\/p>\n<p>\u00cen prezent, banii se ob\u021bin destul de eficient de la alte proiecte colaterale legate de c\u0103ile ferate.<\/p>\n<p>Despre acest subiect voi discuta direct cu organele de anchet\u0103. Am avertizat guvernul de mai multe ori \u00een leg\u0103tur\u0103 cu acest lucru. \u00cen general, este vorba despre proiecte de investi\u021bii \u00een care sunt alocate fonduri interna\u021bionale, deoarece, \u00een prezent, nu mai exist\u0103 nimic de furat direct de la c\u0103ile ferate.<\/p>\n<p>Potrivit lui Oleg Tofilat, f\u0103r\u0103 reforme fundamentale \u0219i interven\u021bia direct\u0103 a statului, calea ferat\u0103 va r\u0103m\u00e2ne \u00eentr-o stare de criz\u0103 profund\u0103, ceea ce va duce la pierderi \u0219i mai mari \u0219i la tensiuni sociale.<\/p>\n<p>El avertizeaz\u0103 c\u0103 ineficien\u021ba autorit\u0103\u021bilor \u0219i abuzurile vor agrava doar situa\u021bia. Astfel, fostul \u0219ef al \u00eentreprinderii de stat \u201eCalea Ferat\u0103 a Moldovei\u201d a \u00eendemnat autorit\u0103\u021bile s\u0103 nu ignore avertismentele \u0219i s\u0103 se inspire din experien\u021ba \u021b\u0103rilor europene pentru a salva acest sector important pentru \u021bar\u0103.<\/p>\n<p>Oleg Tofilat a ocupat func\u021bia de \u0219ef al \u00eentreprinderii de stat \u201eCalea Ferat\u0103 a Moldovei\u201d din mai 2021 p\u00e2n\u0103 \u00een ianuarie 2024. Este de remarcat faptul c\u0103, \u00een mai 2022, CFM a anun\u021bat c\u0103 datoriile salariale acumulate \u00een anii anteriori au fost achitate integral.<\/p>\n<\/div>\n","protected":false},"excerpt":{"rendered":"<div><img decoding=\"async\" width=\"696\" height=\"365\" src=\"https:\/\/canal5.md\/wp-content\/uploads\/2025\/02\/a62cc89de8fd4de96ab4d64a26927aad-1024x537-optimized.jpg\" class=\"attachment-large size-large wp-post-image\" alt=\"\" loading=\"lazy\" srcset=\"https:\/\/canal5.md\/wp-content\/uploads\/2025\/02\/a62cc89de8fd4de96ab4d64a26927aad-1024x537-optimized.jpg 1024w, https:\/\/canal5.md\/wp-content\/uploads\/2025\/02\/a62cc89de8fd4de96ab4d64a26927aad-300x157-optimized.jpg 300w, https:\/\/canal5.md\/wp-content\/uploads\/2025\/02\/a62cc89de8fd4de96ab4d64a26927aad-768x403-optimized.jpg 768w, https:\/\/canal5.md\/wp-content\/uploads\/2025\/02\/a62cc89de8fd4de96ab4d64a26927aad-1536x805-optimized.jpg 1536w, https:\/\/canal5.md\/wp-content\/uploads\/2025\/02\/a62cc89de8fd4de96ab4d64a26927aad-2048x1074-optimized.jpg 2048w, https:\/\/canal5.md\/wp-content\/uploads\/2025\/02\/a62cc89de8fd4de96ab4d64a26927aad-696x365-optimized.jpg 696w, https:\/\/canal5.md\/wp-content\/uploads\/2025\/02\/a62cc89de8fd4de96ab4d64a26927aad-1068x560-optimized.jpg 1068w, https:\/\/canal5.md\/wp-content\/uploads\/2025\/02\/a62cc89de8fd4de96ab4d64a26927aad-1920x1007-optimized.jpg 1920w\">F\u0103r\u0103 o politic\u0103 guvernamental\u0103 competent\u0103, sectorul feroviar nu va putea ie\u0219i din criz\u0103, iar autorit\u0103\u021bile din Moldova nu se ocup\u0103 de o solu\u021bie complex\u0103 a problemei. Despre acest lucru a declarat fostul director al \u00eentreprinderii de stat \u201eCalea Ferat\u0103 din Moldova\u201d, Oleg Tofilat, \u00eentr-un interviu acordat Canalul 5. Potrivit lui, situa\u021bia \u00een care se afl\u0103 [\u2026]<\/div>\n","protected":false},"author":1,"featured_media":67142,"comment_status":"closed","ping_status":"closed","sticky":false,"template":"","format":"standard","meta":{"jnews-multi-image_gallery":[],"jnews_single_post":[],"jnews_primary_category":[],"jnews_social_meta":[],"jnews_override_counter":[],"footnotes":""},"categories":[23],"tags":[],"class_list":["post-67141","post","type-post","status-publish","format-standard","has-post-thumbnail","hentry","category-politica_ro"],"_links":{"self":[{"href":"https:\/\/orheifm.live\/index.php\/wp-json\/wp\/v2\/posts\/67141","targetHints":{"allow":["GET"]}}],"collection":[{"href":"https:\/\/orheifm.live\/index.php\/wp-json\/wp\/v2\/posts"}],"about":[{"href":"https:\/\/orheifm.live\/index.php\/wp-json\/wp\/v2\/types\/post"}],"author":[{"embeddable":true,"href":"https:\/\/orheifm.live\/index.php\/wp-json\/wp\/v2\/users\/1"}],"replies":[{"embeddable":true,"href":"https:\/\/orheifm.live\/index.php\/wp-json\/wp\/v2\/comments?post=67141"}],"version-history":[{"count":0,"href":"https:\/\/orheifm.live\/index.php\/wp-json\/wp\/v2\/posts\/67141\/revisions"}],"wp:featuredmedia":[{"embeddable":true,"href":"https:\/\/orheifm.live\/index.php\/wp-json\/wp\/v2\/media\/67142"}],"wp:attachment":[{"href":"https:\/\/orheifm.live\/index.php\/wp-json\/wp\/v2\/media?parent=67141"}],"wp:term":[{"taxonomy":"category","embeddable":true,"href":"https:\/\/orheifm.live\/index.php\/wp-json\/wp\/v2\/categories?post=67141"},{"taxonomy":"post_tag","embeddable":true,"href":"https:\/\/orheifm.live\/index.php\/wp-json\/wp\/v2\/tags?post=67141"}],"curies":[{"name":"wp","href":"https:\/\/api.w.org\/{rel}","templated":true}]}}