{"id":67139,"date":"2025-02-14T17:50:53","date_gmt":"2025-02-14T15:50:53","guid":{"rendered":"https:\/\/orheifm.live\/index.php\/2025\/02\/14\/stare-de-urgenta-la-munchen-dupa-un-atac-cu-masina-asupra-protestatarilor\/"},"modified":"2025-02-14T17:50:53","modified_gmt":"2025-02-14T15:50:53","slug":"stare-de-urgenta-la-munchen-dupa-un-atac-cu-masina-asupra-protestatarilor","status":"publish","type":"post","link":"https:\/\/orheifm.live\/index.php\/2025\/02\/14\/stare-de-urgenta-la-munchen-dupa-un-atac-cu-masina-asupra-protestatarilor\/","title":{"rendered":"Stare de urgen\u021b\u0103 la M\u00fcnchen dup\u0103 un atac cu ma\u0219ina asupra protestatarilor"},"content":{"rendered":"<div>\n<p data-start=\"81\" data-end=\"376\"><strong>Un t\u00e2n\u0103r afgan de 24 de ani a intrat cu ma\u0219ina \u00eentr-un grup de protestatari la M\u00fcnchen, r\u0103nind 28 de persoane. Incidentul a avut loc \u00een apropierea Conferin\u021bei de Securitate, unde urmeaz\u0103 s\u0103 participe oficiali interna\u021bionali, inclusiv vicepre\u0219edintele SUA, J.D. Vance, \u0219i pre\u0219edinta Maia Sandu.<\/strong><\/p>\n<p data-start=\"378\" data-end=\"553\">Atacatorul a lovit mul\u021bimea cu o vitez\u0103 de aproximativ 80 km\/h, t\u00e2r\u00e2nd victimele aproape 200 de metri p\u00e2n\u0103 c\u00e2nd poli\u021bi\u0219tii au deschis focul asupra vehiculului \u0219i l-au oprit.<\/p>\n<p data-start=\"555\" data-end=\"909\">Printre r\u0103ni\u021bi se num\u0103r\u0103 \u0219i c\u00e2\u021biva copii, iar dou\u0103 persoane sunt \u00een stare grav\u0103. Agresorul, originar din Kabul, era deja \u00een aten\u021bia poli\u021biei pentru furt, t\u00e2lh\u0103rie \u0219i trafic de droguri. Cererea sa de azil fusese respins\u0103 \u00eenc\u0103 din 2016, dar r\u0103m\u0103sese \u00een Germania pe baza unui permis de toleran\u021b\u0103. Cancelarul Olaf Scholz a anun\u021bat c\u0103 acesta va fi deportat.<\/p>\n<p data-start=\"911\" data-end=\"1100\" data-is-last-node=\"\">Atacul s-a petrecut la pu\u021bin peste un kilometru de locul unde vor fi caza\u021bi liderii politici pentru Conferin\u021ba de Securitate, \u00eens\u0103 autorit\u0103\u021bile exclud o leg\u0103tur\u0103 \u00eentre cele dou\u0103 evenimente.<\/p>\n<\/div>\n","protected":false},"excerpt":{"rendered":"<div><img loading=\"lazy\" decoding=\"async\" width=\"696\" height=\"392\" src=\"https:\/\/canal5.md\/wp-content\/uploads\/2025\/02\/ea77fb5abdd7c6fe9a01bfbc50b03259afeeaec52b1fd66f0e38e5585c5bbd02-optimized.png\" class=\"attachment-large size-large wp-post-image\" alt=\"\" srcset=\"https:\/\/canal5.md\/wp-content\/uploads\/2025\/02\/ea77fb5abdd7c6fe9a01bfbc50b03259afeeaec52b1fd66f0e38e5585c5bbd02-optimized.png 800w, https:\/\/canal5.md\/wp-content\/uploads\/2025\/02\/ea77fb5abdd7c6fe9a01bfbc50b03259afeeaec52b1fd66f0e38e5585c5bbd02-300x169-optimized.png 300w, https:\/\/canal5.md\/wp-content\/uploads\/2025\/02\/ea77fb5abdd7c6fe9a01bfbc50b03259afeeaec52b1fd66f0e38e5585c5bbd02-768x432-optimized.png 768w, https:\/\/canal5.md\/wp-content\/uploads\/2025\/02\/ea77fb5abdd7c6fe9a01bfbc50b03259afeeaec52b1fd66f0e38e5585c5bbd02-696x392-optimized.png 696w\">Un t\u00e2n\u0103r afgan de 24 de ani a intrat cu ma\u0219ina \u00eentr-un grup de protestatari la M\u00fcnchen, r\u0103nind 28 de persoane. Incidentul a avut loc \u00een apropierea Conferin\u021bei de Securitate, unde urmeaz\u0103 s\u0103 participe oficiali interna\u021bionali, inclusiv vicepre\u0219edintele SUA, J.D. Vance, \u0219i pre\u0219edinta Maia Sandu. Atacatorul a lovit mul\u021bimea cu o vitez\u0103 de aproximativ 80 [\u2026]<\/div>\n","protected":false},"author":1,"featured_media":67140,"comment_status":"closed","ping_status":"closed","sticky":false,"template":"","format":"standard","meta":{"jnews-multi-image_gallery":[],"jnews_single_post":[],"jnews_primary_category":[],"jnews_social_meta":[],"jnews_override_counter":[],"footnotes":""},"categories":[29],"tags":[],"class_list":["post-67139","post","type-post","status-publish","format-standard","has-post-thumbnail","hentry","category-externe_ro"],"_links":{"self":[{"href":"https:\/\/orheifm.live\/index.php\/wp-json\/wp\/v2\/posts\/67139","targetHints":{"allow":["GET"]}}],"collection":[{"href":"https:\/\/orheifm.live\/index.php\/wp-json\/wp\/v2\/posts"}],"about":[{"href":"https:\/\/orheifm.live\/index.php\/wp-json\/wp\/v2\/types\/post"}],"author":[{"embeddable":true,"href":"https:\/\/orheifm.live\/index.php\/wp-json\/wp\/v2\/users\/1"}],"replies":[{"embeddable":true,"href":"https:\/\/orheifm.live\/index.php\/wp-json\/wp\/v2\/comments?post=67139"}],"version-history":[{"count":0,"href":"https:\/\/orheifm.live\/index.php\/wp-json\/wp\/v2\/posts\/67139\/revisions"}],"wp:featuredmedia":[{"embeddable":true,"href":"https:\/\/orheifm.live\/index.php\/wp-json\/wp\/v2\/media\/67140"}],"wp:attachment":[{"href":"https:\/\/orheifm.live\/index.php\/wp-json\/wp\/v2\/media?parent=67139"}],"wp:term":[{"taxonomy":"category","embeddable":true,"href":"https:\/\/orheifm.live\/index.php\/wp-json\/wp\/v2\/categories?post=67139"},{"taxonomy":"post_tag","embeddable":true,"href":"https:\/\/orheifm.live\/index.php\/wp-json\/wp\/v2\/tags?post=67139"}],"curies":[{"name":"wp","href":"https:\/\/api.w.org\/{rel}","templated":true}]}}