{"id":67135,"date":"2025-02-14T15:40:45","date_gmt":"2025-02-14T13:40:45","guid":{"rendered":"https:\/\/orheifm.live\/index.php\/2025\/02\/14\/tanar-din-chile-inghitit-de-o-balena-dar-reuseste-sa-scape\/"},"modified":"2025-02-14T15:40:45","modified_gmt":"2025-02-14T13:40:45","slug":"tanar-din-chile-inghitit-de-o-balena-dar-reuseste-sa-scape","status":"publish","type":"post","link":"https:\/\/orheifm.live\/index.php\/2025\/02\/14\/tanar-din-chile-inghitit-de-o-balena-dar-reuseste-sa-scape\/","title":{"rendered":"T\u00e2n\u0103r din Chile \u00eenghi\u021bit de o balen\u0103, dar reu\u0219e\u0219te s\u0103 scape"},"content":{"rendered":"<div>\n<p><strong>O balen\u0103 cu cocoa\u0219\u0103 era c\u00e2t pe ce s\u0103 \u00eenghit\u0103 un t\u00e2n\u0103r din Chile, care f\u0103cea kayaking al\u0103turi de tat\u0103l s\u0103u. Gigantul marin l-a \u00eenghi\u021bit pe b\u0103iat, dar l-a scuipat imediat.<\/strong><\/p>\n<p>Adri\u00e1n Simancas, \u00een v\u00e2rst\u0103 de 24 de ani, a tr\u0103it un adev\u0103rat co\u0219mar: a povestit c\u0103 s-a aflat \u00een gura balenei \u0219i a auzit sunete ciudate. Dup\u0103 ce a fost aruncat \u00een ap\u0103, t\u00e2n\u0103rul s-a temut c\u0103 balena \u00eel va \u201egusta\u201d \u0219i pe tat\u0103l s\u0103u.<\/p>\n<p>Dup\u0103 acest incident, mai bine nu ne aventur\u0103m prea departe pe mare.<\/p>\n<\/div>\n","protected":false},"excerpt":{"rendered":"<div><img loading=\"lazy\" decoding=\"async\" width=\"696\" height=\"464\" src=\"https:\/\/canal5.md\/wp-content\/uploads\/2025\/02\/77f5ba093ba1e6ec57f4a239eb51db95_ce_810x540x75x0-optimized.jpg\" class=\"attachment-large size-large wp-post-image\" alt=\"\" srcset=\"https:\/\/canal5.md\/wp-content\/uploads\/2025\/02\/77f5ba093ba1e6ec57f4a239eb51db95_ce_810x540x75x0-optimized.jpg 810w, https:\/\/canal5.md\/wp-content\/uploads\/2025\/02\/77f5ba093ba1e6ec57f4a239eb51db95_ce_810x540x75x0-300x200-optimized.jpg 300w, https:\/\/canal5.md\/wp-content\/uploads\/2025\/02\/77f5ba093ba1e6ec57f4a239eb51db95_ce_810x540x75x0-768x512-optimized.jpg 768w, https:\/\/canal5.md\/wp-content\/uploads\/2025\/02\/77f5ba093ba1e6ec57f4a239eb51db95_ce_810x540x75x0-696x464-optimized.jpg 696w\">O balen\u0103 cu cocoa\u0219\u0103 era c\u00e2t pe ce s\u0103 \u00eenghit\u0103 un t\u00e2n\u0103r din Chile, care f\u0103cea kayaking al\u0103turi de tat\u0103l s\u0103u. Gigantul marin l-a \u00eenghi\u021bit pe b\u0103iat, dar l-a scuipat imediat. Adri\u00e1n Simancas, \u00een v\u00e2rst\u0103 de 24 de ani, a tr\u0103it un adev\u0103rat co\u0219mar: a povestit c\u0103 s-a aflat \u00een gura balenei \u0219i a auzit [\u2026]<\/div>\n","protected":false},"author":1,"featured_media":67136,"comment_status":"closed","ping_status":"closed","sticky":false,"template":"","format":"standard","meta":{"jnews-multi-image_gallery":[],"jnews_single_post":[],"jnews_primary_category":[],"jnews_social_meta":[],"jnews_override_counter":[],"footnotes":""},"categories":[30],"tags":[],"class_list":["post-67135","post","type-post","status-publish","format-standard","has-post-thumbnail","hentry","category-social_ro"],"_links":{"self":[{"href":"https:\/\/orheifm.live\/index.php\/wp-json\/wp\/v2\/posts\/67135","targetHints":{"allow":["GET"]}}],"collection":[{"href":"https:\/\/orheifm.live\/index.php\/wp-json\/wp\/v2\/posts"}],"about":[{"href":"https:\/\/orheifm.live\/index.php\/wp-json\/wp\/v2\/types\/post"}],"author":[{"embeddable":true,"href":"https:\/\/orheifm.live\/index.php\/wp-json\/wp\/v2\/users\/1"}],"replies":[{"embeddable":true,"href":"https:\/\/orheifm.live\/index.php\/wp-json\/wp\/v2\/comments?post=67135"}],"version-history":[{"count":0,"href":"https:\/\/orheifm.live\/index.php\/wp-json\/wp\/v2\/posts\/67135\/revisions"}],"wp:featuredmedia":[{"embeddable":true,"href":"https:\/\/orheifm.live\/index.php\/wp-json\/wp\/v2\/media\/67136"}],"wp:attachment":[{"href":"https:\/\/orheifm.live\/index.php\/wp-json\/wp\/v2\/media?parent=67135"}],"wp:term":[{"taxonomy":"category","embeddable":true,"href":"https:\/\/orheifm.live\/index.php\/wp-json\/wp\/v2\/categories?post=67135"},{"taxonomy":"post_tag","embeddable":true,"href":"https:\/\/orheifm.live\/index.php\/wp-json\/wp\/v2\/tags?post=67135"}],"curies":[{"name":"wp","href":"https:\/\/api.w.org\/{rel}","templated":true}]}}