{"id":67127,"date":"2025-02-14T14:57:00","date_gmt":"2025-02-14T12:57:00","guid":{"rendered":"https:\/\/orheifm.live\/index.php\/2025\/02\/14\/proteste-de-amploare-in-intreaga-tara-angajatii-caii-ferate-cer-plata-salariilor-restante\/"},"modified":"2025-02-14T14:57:00","modified_gmt":"2025-02-14T12:57:00","slug":"proteste-de-amploare-in-intreaga-tara-angajatii-caii-ferate-cer-plata-salariilor-restante","status":"publish","type":"post","link":"https:\/\/orheifm.live\/index.php\/2025\/02\/14\/proteste-de-amploare-in-intreaga-tara-angajatii-caii-ferate-cer-plata-salariilor-restante\/","title":{"rendered":"Proteste de amploare \u00een \u00eentreaga \u021bar\u0103: Angaja\u021bii C\u0103ii Ferate cer plata salariilor restante"},"content":{"rendered":"<div>\n<p><strong>Nu mai pot tr\u0103i f\u0103r\u0103 salarii, a\u0219a c\u0103 r\u0103bdarea le-a ajuns la limit\u0103. Angaja\u021bii \u00eentreprinderii Calea Ferat\u0103 din \u00eentregaa \u021bar\u0103 au ie\u0219it \u00een strad\u0103 s\u0103-\u0219i cear\u0103 lefile restante, pe care nu le-au mai primit de mai bine de jum\u0103tate de an. Proteste de amploare au loc \u00een fa\u021ba Guvernului, Parlamentului \u0219i Pre\u0219edin\u021biei, dar \u0219i \u00een nodurile feroviare din Moldova. Oamenii au venit cu pancarte cu \u00eenscrisuri \u201eVrem salarii achitate, nu promisiuni de\u0219arte\u201d, \u201eCum s\u0103 tr\u0103im f\u0103r\u0103 salarii\u201d, \u201eCu ce s\u0103 ne hr\u0103nim familia \u0219i s\u0103 achit\u0103m facturile?\u201d, \u201eDar \u0219i \u00eentoarce\u021bi banii c\u00e2\u0219tiga\u021bi\u201d. Potrivit sindicatelor, aproximativ 5000 de angaja\u021bi ai CFM nu au bani pentru a-\u0219i \u00eentre\u021bine familia \u0219i nici pentru a cump\u0103ra o bucat\u0103 de p\u00e2ine.<\/strong><br \/>\n<iframe loading=\"lazy\" title=\"YouTube video player\" src=\"https:\/\/www.youtube.com\/embed\/CtK6OsaJACI?si=YW8tcV2unwPBhQbc\" width=\"560\" height=\"315\" frameborder=\"0\" allowfullscreen=\"allowfullscreen\"><\/iframe><\/p>\n<p>IGOR ZUBCU, pre\u0219edintele Confedera\u021biei Na\u021bionale a Sindicatelor din Moldova<\/p>\n<p>Eu vin cu un apel c\u0103tre guvernare ca s\u0103 coboare aici la noi, nu doar atunci c\u00e2nd au nevoie de voturile noastre, dar \u0219i atunci c\u00e2nd avem nevoie de a solu\u021biona problemele muncitorilor pe care \u00eei reprezent\u0103m noi.\u00a0 Cineva \u00eenc\u0103 de mult a zis c\u0103: lan\u021bul de la g\u00e2tul unui rob \u00eent\u0103re\u0219te mai pu\u021bin dec\u00e2t armura unui osta\u0219. De aceea eu zic c\u0103 gata, stop r\u0103bd\u0103rii pentru c\u0103 r\u0103bdarea este la limit\u0103 deja pentru to\u021bi.\u00a0 Chiar ieri, \u00eent\u00e2lnindu-m\u0103 cu reprezentan\u021bii Confedera\u021biei din teritoriu am fost suplimentar informat c\u0103 deja la magazinele din ora\u0219ele \u00een care activa\u021bi sunt f\u0103cute liste cu datorii ale familiilor feroviarelor, trebuie s\u0103 fie achitat\u0103 p\u00e2ine, produsele alimentare, oare aceasta este cred c\u0103 o form\u0103 nou\u0103 de robie \u00een secolul XXI-lea c\u00e2nd omul munce\u0219te, dar salariul nu prime\u0219te.<\/p>\n<p>Feroviarii au declarat c\u0103 au ajuns la limita disper\u0103rii, fiind incapabili s\u0103-\u0219i hr\u0103neasc\u0103 copiii, s\u0103 pl\u0103teasc\u0103 facturile la utilit\u0103\u021bi \u0219i s\u0103-\u0219i achite creditele. \u00cen aceast\u0103 situa\u021bie extrem\u0103, ei au cerut cu disperare ajutor autorit\u0103\u021bilor, solicit\u00e2nd plata banilor munci\u021bi, deoarece nu mai pot supravie\u021bui f\u0103r\u0103 resurse financiare.<\/p>\n<p>Mie \u00eemi trebuie salariu s\u0103-mi dea, s\u0103 am ce pune \u00een geant\u0103 \u0219i s\u0103 trimit copiii la \u0219coal\u0103. Eu am doi copii de \u0219coal\u0103, \u00een\u021belege\u021bi? Am \u0219apte luni de zile nu am m\u00e2ncat fierbinte acas\u0103, femeia m\u0103 \u00eentreab\u0103 cum s\u0103-\u021bi pun \u00een geant\u0103 dac\u0103 nu-\u021bi d\u0103 salariul. Unde este Maia Sandu s\u0103 vin\u0103 aici \u0219i s\u0103-mi spun\u0103. Am noroc c\u0103 femeia mea este la pensie \u0219i are 4000 de lei pensia. Unde este dreptatea, eu nu v\u0103d, unde sunt to\u021bi, unde e Recean, Bolea, unde este Bolea, da ce a murit Bolea, nu a murit, las\u0103-l s\u0103 vin\u0103 s\u0103 ne spun\u0103: oameni buni o s\u0103 v\u0103 d\u0103m, \u00een fiecare lun\u0103 c\u00e2te un pic, dou\u0103, trei luni.<\/p>\n<p>Avem comunale, credite, avem copii la \u0219coli, gr\u0103dini\u021be, universit\u0103\u021bi, cum s\u0103 tr\u0103im? Domnule premier da ie\u0219i\u021bi aici, ie\u0219i\u021bi s\u0103 vede\u021bi.<\/p>\n<p>\u00cemp\u0103r\u021bi-\u021bi 4000 de lei salariu pentru dou\u0103 luni, achita\u021bi credite, cump\u0103ra\u021bi produse, hr\u0103ni\u021bi-v\u0103 copii, de mine deja tac. S\u0103 v\u0103 fie ru\u0219ine! Ru\u0219ine! Ru\u0219ine!<\/p>\n<p>Unii oameni sunt bolnavi, sufer\u0103, nu au bani pentru o p\u00e2ine, dar voi sta\u021bi \u00een cabinete luxoase. V\u0103 p\u0103zesc din toate p\u0103r\u021bile, oamenii v\u0103 pl\u0103tesc \u0219ui tr\u0103i\u021bi din banii acestor oameni muncitori foarte bine, ca boierii. Cobor\u00e2\u021bi-v\u0103 jos, vorbi\u021bi, sus\u021bine\u021bi-ne.\u00a0 Nu v\u0103 iubi\u021bi poporul, nu v\u0103 pot numi ai no\u0219tri deoarece sunte\u021bi \u00eempotriva poporului. Uita\u021bi-v\u0103, 5000 de oameni care lucreaz\u0103 la Calea Ferat\u0103, \u00een spatele fiec\u0103ruia st\u0103 \u00eenc\u0103 c\u00e2te cinci persoane \u2013 25 000 de persoane duc foame, nu au cu ce achita comunalele, s\u0103 cumpere o bucat\u0103 de ca\u0219caval, ne mai vorbind c\u0103 carne tot m\u00e2nc\u0103m.<\/p>\n<p>\u00cen fa\u021ba protestatarilor a ie\u0219it secretarul de stat \u00een domeniul transporturilor, Mircea P\u0103sc\u0103lu\u021b\u0103, \u00eens\u0103 care nu pre i-a lini\u0219tit pe feroviari.<\/p>\n<p>MIRCEA P\u0102SC\u0102LU\u021a\u0102, secretarul de stat \u00een domeniul transporturilor<\/p>\n<p>Pute\u021bi s\u0103 lua\u021bi \u0219i reprezentan\u021bi din partea feroviarilor s\u0103 vin\u0103 s\u0103 vad\u0103 planul de ac\u021biuni concret care dorim s\u0103-l implement\u0103m pentru solu\u021bionarea problemei \u0219i prioritatea noatsr\u0103 r\u0103m\u00e2ne \u00een continuare plata salariilor. Salarii, salarii!<\/p>\n<p>S-a protestat \u0219i la Basarabeasca. Pe pancartele manifestan\u021bilor de la sud scria: \u201eAuzi\u021bi-ne, da\u021bi-ne salariile noastre\u201d, \u201eCerem plata imediat\u0103 a datoriilor salariale\u201d, \u201e7 luni f\u0103r\u0103 salariu, copiii no\u0219tri \u00eenfometa\u021bi\u201d.<\/p>\n<p>IURII UZUN, pre\u0219edintele Comitetului Sindical, Basarabeasca<\/p>\n<p>Trebuie s\u0103 avem un salariu decent, dar nu ni-l dau. Oamenii au uitat de bani de mai bine de jum\u0103tate de an. Fiecare vine acas\u0103, unde trebuie s\u0103 \u00eentre\u021bin\u0103 familia, are o careva putere, dar este nevoit s\u0103 cear\u0103 bani de la mam\u0103 sau bunic\u0103 pentru a pl\u0103ti comunalele, a cump\u0103ra m\u00e2ncare. Mul\u021bi au credite de pl\u0103tit, pe care au crezut c\u0103 le vor putea achita.<\/p>\n<p>\u00cen ciuda vremii reci, \u0219i la nord, la fel, au fost revolte. Nici frigul nu i-a oprit pe angaja\u021bii din Ungheni se ias\u0103 \u00een fa\u021ba G\u0103rii pentru a-\u0219i striga nemul\u021bumirea.<\/p>\n<p>Iat\u0103 a 7-a lun\u0103 leafa nu este. Cu ce s\u0103 tr\u0103im, cu ce s\u0103 venim la lucru.\u00a0 Unde e leafa, a 7-a lun\u0103 f\u0103r\u0103 leaf\u0103 tr\u0103im pe spatele femeii \u0219i a copuilului bolnav de grupa a II-a.<\/p>\n<p>Ei nu au nevoie. Ei se spal\u0103 unul pe altul, ce nu auzi\u021bi ce a spus Bolea, el se d\u0103 la o parte, el a spus c\u0103 nu are nimic. Sunt al\u021bii care stau aolo. este Cojocaru acolo unu. El \u021bie aici nu o s\u0103-\u021bi vin\u0103.<\/p>\n<p>Proteste au mai avut loc la Ocni\u021ba, B\u0103l\u021bi, Bender \u0219i Giurgiule\u0219ti.<\/p>\n<\/div>\n","protected":false},"excerpt":{"rendered":"<div><img loading=\"lazy\" decoding=\"async\" width=\"696\" height=\"392\" src=\"https:\/\/canal5.md\/wp-content\/uploads\/2025\/02\/photo_2025-02-14_11-23-01-2-1024x577-optimized.jpg\" class=\"attachment-large size-large wp-post-image\" alt=\"\" srcset=\"https:\/\/canal5.md\/wp-content\/uploads\/2025\/02\/photo_2025-02-14_11-23-01-2-1024x577-optimized.jpg 1024w, https:\/\/canal5.md\/wp-content\/uploads\/2025\/02\/photo_2025-02-14_11-23-01-2-300x169-optimized.jpg 300w, https:\/\/canal5.md\/wp-content\/uploads\/2025\/02\/photo_2025-02-14_11-23-01-2-768x433-optimized.jpg 768w, https:\/\/canal5.md\/wp-content\/uploads\/2025\/02\/photo_2025-02-14_11-23-01-2-696x392-optimized.jpg 696w, https:\/\/canal5.md\/wp-content\/uploads\/2025\/02\/photo_2025-02-14_11-23-01-2-1068x602-optimized.jpg 1068w, https:\/\/canal5.md\/wp-content\/uploads\/2025\/02\/photo_2025-02-14_11-23-01-2-optimized.jpg 1280w\">Nu mai pot tr\u0103i f\u0103r\u0103 salarii, a\u0219a c\u0103 r\u0103bdarea le-a ajuns la limit\u0103. Angaja\u021bii \u00eentreprinderii Calea Ferat\u0103 din \u00eentregaa \u021bar\u0103 au ie\u0219it \u00een strad\u0103 s\u0103-\u0219i cear\u0103 lefile restante, pe care nu le-au mai primit de mai bine de jum\u0103tate de an. Proteste de amploare au loc \u00een fa\u021ba Guvernului, Parlamentului \u0219i Pre\u0219edin\u021biei, dar \u0219i \u00een [\u2026]<\/div>\n","protected":false},"author":1,"featured_media":67128,"comment_status":"closed","ping_status":"closed","sticky":false,"template":"","format":"standard","meta":{"jnews-multi-image_gallery":[],"jnews_single_post":[],"jnews_primary_category":[],"jnews_social_meta":[],"jnews_override_counter":[],"footnotes":""},"categories":[23],"tags":[],"class_list":["post-67127","post","type-post","status-publish","format-standard","has-post-thumbnail","hentry","category-politica_ro"],"_links":{"self":[{"href":"https:\/\/orheifm.live\/index.php\/wp-json\/wp\/v2\/posts\/67127","targetHints":{"allow":["GET"]}}],"collection":[{"href":"https:\/\/orheifm.live\/index.php\/wp-json\/wp\/v2\/posts"}],"about":[{"href":"https:\/\/orheifm.live\/index.php\/wp-json\/wp\/v2\/types\/post"}],"author":[{"embeddable":true,"href":"https:\/\/orheifm.live\/index.php\/wp-json\/wp\/v2\/users\/1"}],"replies":[{"embeddable":true,"href":"https:\/\/orheifm.live\/index.php\/wp-json\/wp\/v2\/comments?post=67127"}],"version-history":[{"count":0,"href":"https:\/\/orheifm.live\/index.php\/wp-json\/wp\/v2\/posts\/67127\/revisions"}],"wp:featuredmedia":[{"embeddable":true,"href":"https:\/\/orheifm.live\/index.php\/wp-json\/wp\/v2\/media\/67128"}],"wp:attachment":[{"href":"https:\/\/orheifm.live\/index.php\/wp-json\/wp\/v2\/media?parent=67127"}],"wp:term":[{"taxonomy":"category","embeddable":true,"href":"https:\/\/orheifm.live\/index.php\/wp-json\/wp\/v2\/categories?post=67127"},{"taxonomy":"post_tag","embeddable":true,"href":"https:\/\/orheifm.live\/index.php\/wp-json\/wp\/v2\/tags?post=67127"}],"curies":[{"name":"wp","href":"https:\/\/api.w.org\/{rel}","templated":true}]}}