{"id":67117,"date":"2025-02-14T13:00:57","date_gmt":"2025-02-14T11:00:57","guid":{"rendered":"https:\/\/orheifm.live\/index.php\/2025\/02\/14\/grigore-vieru-90-de-ani-de-la-nasterea-celui-care-a-lasat-un-legat-de-neuitat\/"},"modified":"2025-02-14T13:00:57","modified_gmt":"2025-02-14T11:00:57","slug":"grigore-vieru-90-de-ani-de-la-nasterea-celui-care-a-lasat-un-legat-de-neuitat","status":"publish","type":"post","link":"https:\/\/orheifm.live\/index.php\/2025\/02\/14\/grigore-vieru-90-de-ani-de-la-nasterea-celui-care-a-lasat-un-legat-de-neuitat\/","title":{"rendered":"Grigore Vieru: 90 de ani de la na\u0219terea celui care a l\u0103sat un legat de neuitat"},"content":{"rendered":"<div>\n<p><strong>Ast\u0103zi, marele poet Grigore Vieru ar fi \u00eemplinit 90 de ani.<\/strong><\/p>\n<p>N\u0103scut pe 14 februarie 1935, \u00een satul Perer\u00eeta, raionul Briceni, Grigore Vieru a debutat editorial \u00een perioada studen\u021biei cu volumul pentru copii <em>\u201eAlarma\u201d<\/em> (1957). Ulterior, a publicat numeroase c\u0103r\u021bi destinate celor mici, precum <em>\u201eMuzicu\u021be\u201d<\/em> (1958), <em>\u201eBun\u0103 ziua, fulgilor\u201d<\/em> (1961), <em>\u201eMul\u021bumim pentru pace\u201d<\/em>, <em>\u201eSoarele cel mic\u201d<\/em>, <em>\u201eF\u0103gura\u0219ii\u201d<\/em> (toate trei ap\u0103rute \u00een 1963), <em>\u201eF\u0103t-Frumos, curcubeul\u201d<\/em> (1961) \u0219i <em>\u201eLa fereastra cu minuni\u201d<\/em> (1960).<\/p>\n<p>Versurile sale au fost traduse \u0219i publicate \u00een 15 \u021b\u0103ri, inclusiv Fran\u021ba, Macedonia, Bulgaria, Rusia, Ucraina \u0219i Georgia. De-a lungul carierei, Grigore Vieru a fost distins cu numeroase premii \u0219i distinc\u021bii, printre care <em>Diploma de Onoare \u201eH. Ch. Andersen\u201d<\/em> (1988), <em>Premiul Mare pentru literatur\u0103 al Funda\u021biei \u201eCrescent\u201d<\/em> (1999), <em>Premiul \u201eLucian Blaga\u201d<\/em> pentru poezie (1994), <em>Premiul \u201ePoetul anului\u201d<\/em> (1995) \u0219i <em>Premiul \u201eCartea de top\u201d<\/em> (2003).<\/p>\n<p>A primit titlurile de <em>Maestru Emerit al Artei<\/em> (1985) \u0219i <em>Scriitor al Poporului din Republica Moldova<\/em> (1992) \u0219i a fost decorat cu <em>Ordinul Republicii<\/em> (1996). \u00cen 1990, a devenit Membru de Onoare al Academiei Rom\u00e2ne, iar \u00een 1993 \u2013 membru corespondent activ.<\/p>\n<\/div>\n","protected":false},"excerpt":{"rendered":"<div><img loading=\"lazy\" decoding=\"async\" width=\"696\" height=\"458\" src=\"https:\/\/canal5.md\/wp-content\/uploads\/2025\/02\/344856-1-optimized.webp\" class=\"attachment-large size-large wp-post-image\" alt=\"\" srcset=\"https:\/\/canal5.md\/wp-content\/uploads\/2025\/02\/344856-1-optimized.webp 760w, https:\/\/canal5.md\/wp-content\/uploads\/2025\/02\/344856-1-300x197-optimized.webp 300w, https:\/\/canal5.md\/wp-content\/uploads\/2025\/02\/344856-1-696x458-optimized.webp 696w\">Ast\u0103zi, marele poet Grigore Vieru ar fi \u00eemplinit 90 de ani. N\u0103scut pe 14 februarie 1935, \u00een satul Perer\u00eeta, raionul Briceni, Grigore Vieru a debutat editorial \u00een perioada studen\u021biei cu volumul pentru copii \u201eAlarma\u201d (1957). Ulterior, a publicat numeroase c\u0103r\u021bi destinate celor mici, precum \u201eMuzicu\u021be\u201d (1958), \u201eBun\u0103 ziua, fulgilor\u201d (1961), \u201eMul\u021bumim pentru pace\u201d, \u201eSoarele cel [\u2026]<\/div>\n","protected":false},"author":1,"featured_media":67118,"comment_status":"closed","ping_status":"closed","sticky":false,"template":"","format":"standard","meta":{"jnews-multi-image_gallery":[],"jnews_single_post":[],"jnews_primary_category":[],"jnews_social_meta":[],"jnews_override_counter":[],"footnotes":""},"categories":[30],"tags":[],"class_list":["post-67117","post","type-post","status-publish","format-standard","has-post-thumbnail","hentry","category-social_ro"],"_links":{"self":[{"href":"https:\/\/orheifm.live\/index.php\/wp-json\/wp\/v2\/posts\/67117","targetHints":{"allow":["GET"]}}],"collection":[{"href":"https:\/\/orheifm.live\/index.php\/wp-json\/wp\/v2\/posts"}],"about":[{"href":"https:\/\/orheifm.live\/index.php\/wp-json\/wp\/v2\/types\/post"}],"author":[{"embeddable":true,"href":"https:\/\/orheifm.live\/index.php\/wp-json\/wp\/v2\/users\/1"}],"replies":[{"embeddable":true,"href":"https:\/\/orheifm.live\/index.php\/wp-json\/wp\/v2\/comments?post=67117"}],"version-history":[{"count":0,"href":"https:\/\/orheifm.live\/index.php\/wp-json\/wp\/v2\/posts\/67117\/revisions"}],"wp:featuredmedia":[{"embeddable":true,"href":"https:\/\/orheifm.live\/index.php\/wp-json\/wp\/v2\/media\/67118"}],"wp:attachment":[{"href":"https:\/\/orheifm.live\/index.php\/wp-json\/wp\/v2\/media?parent=67117"}],"wp:term":[{"taxonomy":"category","embeddable":true,"href":"https:\/\/orheifm.live\/index.php\/wp-json\/wp\/v2\/categories?post=67117"},{"taxonomy":"post_tag","embeddable":true,"href":"https:\/\/orheifm.live\/index.php\/wp-json\/wp\/v2\/tags?post=67117"}],"curies":[{"name":"wp","href":"https:\/\/api.w.org\/{rel}","templated":true}]}}