{"id":67115,"date":"2025-02-14T11:20:28","date_gmt":"2025-02-14T09:20:28","guid":{"rendered":"https:\/\/orheifm.live\/index.php\/2025\/02\/14\/doi-barbati-condamnati-la-8-ani-pentru-violul-unui-tanar-cu-dizabilitati\/"},"modified":"2025-02-14T11:20:28","modified_gmt":"2025-02-14T09:20:28","slug":"doi-barbati-condamnati-la-8-ani-pentru-violul-unui-tanar-cu-dizabilitati","status":"publish","type":"post","link":"https:\/\/orheifm.live\/index.php\/2025\/02\/14\/doi-barbati-condamnati-la-8-ani-pentru-violul-unui-tanar-cu-dizabilitati\/","title":{"rendered":"Doi b\u0103rba\u021bi, condamna\u021bi la 8 ani pentru violul unui t\u00e2n\u0103r cu dizabilit\u0103\u021bi"},"content":{"rendered":"<div>\n<p><strong>Doi b\u0103rba\u021bi din sudul Moldovei au fost condamna\u021bi la opt ani de \u00eenchisoare pentru violarea unui t\u00e2n\u0103r cu dizabilit\u0103\u021bi.<\/strong><\/p>\n<p>Potrivit procurorilor, \u00een februarie 2023, cei doi, \u00een v\u00e2rst\u0103 de 51 \u0219i 57 de ani, au ademenit un t\u00e2n\u0103r de 23 de ani, cu dizabilitate psihic\u0103, \u00een locuin\u021ba unuia dintre ei. Dup\u0103 ce i-au oferit alcool, l-au agresat sexual.<\/p>\n<p>Victima a reu\u0219it s\u0103 fug\u0103 a doua zi \u0219i a povestit totul mamei sale, care a alertat poli\u021bia.<\/p>\n<p>De\u0219i \u00een instan\u021b\u0103 inculpa\u021bii au pledat nevinova\u021bi, au fost g\u0103si\u021bi vinova\u021bi \u0219i condamna\u021bi la opt ani de deten\u021bie.<\/p>\n<\/div>\n","protected":false},"excerpt":{"rendered":"<div><img loading=\"lazy\" decoding=\"async\" width=\"696\" height=\"380\" src=\"https:\/\/canal5.md\/wp-content\/uploads\/2025\/02\/71f9a076b3504f6b14a062347f771a26-1024x559-optimized.jpg\" class=\"attachment-large size-large wp-post-image\" alt=\"\" srcset=\"https:\/\/canal5.md\/wp-content\/uploads\/2025\/02\/71f9a076b3504f6b14a062347f771a26-1024x559-optimized.jpg 1024w, https:\/\/canal5.md\/wp-content\/uploads\/2025\/02\/71f9a076b3504f6b14a062347f771a26-300x164-optimized.jpg 300w, https:\/\/canal5.md\/wp-content\/uploads\/2025\/02\/71f9a076b3504f6b14a062347f771a26-768x419-optimized.jpg 768w, https:\/\/canal5.md\/wp-content\/uploads\/2025\/02\/71f9a076b3504f6b14a062347f771a26-696x380-optimized.jpg 696w, https:\/\/canal5.md\/wp-content\/uploads\/2025\/02\/71f9a076b3504f6b14a062347f771a26-1068x583-optimized.jpg 1068w, https:\/\/canal5.md\/wp-content\/uploads\/2025\/02\/71f9a076b3504f6b14a062347f771a26-optimized.jpg 1280w\">Doi b\u0103rba\u021bi din sudul Moldovei au fost condamna\u021bi la opt ani de \u00eenchisoare pentru violarea unui t\u00e2n\u0103r cu dizabilit\u0103\u021bi. Potrivit procurorilor, \u00een februarie 2023, cei doi, \u00een v\u00e2rst\u0103 de 51 \u0219i 57 de ani, au ademenit un t\u00e2n\u0103r de 23 de ani, cu dizabilitate psihic\u0103, \u00een locuin\u021ba unuia dintre ei. Dup\u0103 ce i-au oferit alcool, [\u2026]<\/div>\n","protected":false},"author":1,"featured_media":67116,"comment_status":"closed","ping_status":"closed","sticky":false,"template":"","format":"standard","meta":{"jnews-multi-image_gallery":[],"jnews_single_post":[],"jnews_primary_category":[],"jnews_social_meta":[],"jnews_override_counter":[],"footnotes":""},"categories":[30],"tags":[],"class_list":["post-67115","post","type-post","status-publish","format-standard","has-post-thumbnail","hentry","category-social_ro"],"_links":{"self":[{"href":"https:\/\/orheifm.live\/index.php\/wp-json\/wp\/v2\/posts\/67115","targetHints":{"allow":["GET"]}}],"collection":[{"href":"https:\/\/orheifm.live\/index.php\/wp-json\/wp\/v2\/posts"}],"about":[{"href":"https:\/\/orheifm.live\/index.php\/wp-json\/wp\/v2\/types\/post"}],"author":[{"embeddable":true,"href":"https:\/\/orheifm.live\/index.php\/wp-json\/wp\/v2\/users\/1"}],"replies":[{"embeddable":true,"href":"https:\/\/orheifm.live\/index.php\/wp-json\/wp\/v2\/comments?post=67115"}],"version-history":[{"count":0,"href":"https:\/\/orheifm.live\/index.php\/wp-json\/wp\/v2\/posts\/67115\/revisions"}],"wp:featuredmedia":[{"embeddable":true,"href":"https:\/\/orheifm.live\/index.php\/wp-json\/wp\/v2\/media\/67116"}],"wp:attachment":[{"href":"https:\/\/orheifm.live\/index.php\/wp-json\/wp\/v2\/media?parent=67115"}],"wp:term":[{"taxonomy":"category","embeddable":true,"href":"https:\/\/orheifm.live\/index.php\/wp-json\/wp\/v2\/categories?post=67115"},{"taxonomy":"post_tag","embeddable":true,"href":"https:\/\/orheifm.live\/index.php\/wp-json\/wp\/v2\/tags?post=67115"}],"curies":[{"name":"wp","href":"https:\/\/api.w.org\/{rel}","templated":true}]}}