{"id":67107,"date":"2025-02-14T09:40:52","date_gmt":"2025-02-14T07:40:52","guid":{"rendered":"https:\/\/orheifm.live\/index.php\/2025\/02\/14\/cutremure-de-magnitudine-34-si-35-in-zona-vrancea\/"},"modified":"2025-02-14T09:40:52","modified_gmt":"2025-02-14T07:40:52","slug":"cutremure-de-magnitudine-34-si-35-in-zona-vrancea","status":"publish","type":"post","link":"https:\/\/orheifm.live\/index.php\/2025\/02\/14\/cutremure-de-magnitudine-34-si-35-in-zona-vrancea\/","title":{"rendered":"Cutremure de magnitudine 3,4 \u0219i 3,5 \u00een zona Vrancea"},"content":{"rendered":"<div>\n<p><strong>Dou\u0103 cutremure s-au produs ast\u0103zi, 14 februarie, \u00een zona seismic\u0103 Vrancea (Vrancea \u0219i Buz\u0103u), Rom\u00e2nia.<\/strong><\/p>\n<p>Primul seism a avut loc la ora 01:00, la o ad\u00e2ncime de 139,9 km \u0219i o magnitudine de 3,4, conform Institutului Na\u021bional de Cercetare-Dezvoltare pentru Fizica P\u0103m\u00e2ntului (INCDFP). Cutremurul a fost resim\u021bit \u00een apropierea ora\u0219elor Foc\u0219ani (46 km V), Buz\u0103u (60 km N), Sf\u00e2ntu-Gheorghe (66 km E), Bra\u0219ov (76 km E) \u0219i Ploie\u0219ti (91 km NE).<\/p>\n<p>Al doilea cutremur a avut loc la ora 06:53, la o ad\u00e2ncime de 124,5 km, cu o magnitudine de 3,5. Acesta a fost localizat \u00een apropierea ora\u0219elor Buz\u0103u (48 km NV), Foc\u0219ani (52 km V), Sf\u00e2ntu-Gheorghe (70 km SE), Bra\u0219ov (75 km E) \u0219i Ploie\u0219ti (77 km NE).<\/p>\n<\/div>\n","protected":false},"excerpt":{"rendered":"<div><img loading=\"lazy\" decoding=\"async\" width=\"696\" height=\"392\" src=\"https:\/\/canal5.md\/wp-content\/uploads\/2025\/02\/62ea10dcdc98ed4e08303938a3eeb57c-optimized.jpg\" class=\"attachment-large size-large wp-post-image\" alt=\"\" srcset=\"https:\/\/canal5.md\/wp-content\/uploads\/2025\/02\/62ea10dcdc98ed4e08303938a3eeb57c-optimized.jpg 778w, https:\/\/canal5.md\/wp-content\/uploads\/2025\/02\/62ea10dcdc98ed4e08303938a3eeb57c-300x169-optimized.jpg 300w, https:\/\/canal5.md\/wp-content\/uploads\/2025\/02\/62ea10dcdc98ed4e08303938a3eeb57c-768x432-optimized.jpg 768w, https:\/\/canal5.md\/wp-content\/uploads\/2025\/02\/62ea10dcdc98ed4e08303938a3eeb57c-696x392-optimized.jpg 696w\">Dou\u0103 cutremure s-au produs ast\u0103zi, 14 februarie, \u00een zona seismic\u0103 Vrancea (Vrancea \u0219i Buz\u0103u), Rom\u00e2nia. Primul seism a avut loc la ora 01:00, la o ad\u00e2ncime de 139,9 km \u0219i o magnitudine de 3,4, conform Institutului Na\u021bional de Cercetare-Dezvoltare pentru Fizica P\u0103m\u00e2ntului (INCDFP). Cutremurul a fost resim\u021bit \u00een apropierea ora\u0219elor Foc\u0219ani (46 km V), Buz\u0103u [\u2026]<\/div>\n","protected":false},"author":1,"featured_media":67108,"comment_status":"closed","ping_status":"closed","sticky":false,"template":"","format":"standard","meta":{"jnews-multi-image_gallery":[],"jnews_single_post":[],"jnews_primary_category":[],"jnews_social_meta":[],"jnews_override_counter":[],"footnotes":""},"categories":[30],"tags":[],"class_list":["post-67107","post","type-post","status-publish","format-standard","has-post-thumbnail","hentry","category-social_ro"],"_links":{"self":[{"href":"https:\/\/orheifm.live\/index.php\/wp-json\/wp\/v2\/posts\/67107","targetHints":{"allow":["GET"]}}],"collection":[{"href":"https:\/\/orheifm.live\/index.php\/wp-json\/wp\/v2\/posts"}],"about":[{"href":"https:\/\/orheifm.live\/index.php\/wp-json\/wp\/v2\/types\/post"}],"author":[{"embeddable":true,"href":"https:\/\/orheifm.live\/index.php\/wp-json\/wp\/v2\/users\/1"}],"replies":[{"embeddable":true,"href":"https:\/\/orheifm.live\/index.php\/wp-json\/wp\/v2\/comments?post=67107"}],"version-history":[{"count":0,"href":"https:\/\/orheifm.live\/index.php\/wp-json\/wp\/v2\/posts\/67107\/revisions"}],"wp:featuredmedia":[{"embeddable":true,"href":"https:\/\/orheifm.live\/index.php\/wp-json\/wp\/v2\/media\/67108"}],"wp:attachment":[{"href":"https:\/\/orheifm.live\/index.php\/wp-json\/wp\/v2\/media?parent=67107"}],"wp:term":[{"taxonomy":"category","embeddable":true,"href":"https:\/\/orheifm.live\/index.php\/wp-json\/wp\/v2\/categories?post=67107"},{"taxonomy":"post_tag","embeddable":true,"href":"https:\/\/orheifm.live\/index.php\/wp-json\/wp\/v2\/tags?post=67107"}],"curies":[{"name":"wp","href":"https:\/\/api.w.org\/{rel}","templated":true}]}}