{"id":67105,"date":"2025-02-14T09:40:38","date_gmt":"2025-02-14T07:40:38","guid":{"rendered":"https:\/\/orheifm.live\/index.php\/2025\/02\/14\/circulatia-pe-traseul-r-6-va-fi-blocata-30-de-minute-in-ivancea\/"},"modified":"2025-02-14T09:40:38","modified_gmt":"2025-02-14T07:40:38","slug":"circulatia-pe-traseul-r-6-va-fi-blocata-30-de-minute-in-ivancea","status":"publish","type":"post","link":"https:\/\/orheifm.live\/index.php\/2025\/02\/14\/circulatia-pe-traseul-r-6-va-fi-blocata-30-de-minute-in-ivancea\/","title":{"rendered":"Circula\u021bia pe traseul R-6 va fi blocat\u0103 30 de minute \u00een Ivancea"},"content":{"rendered":"<div>\n<p><strong>Poli\u021bia Na\u021bional\u0103 informeaz\u0103 c\u0103, \u00een aceast\u0103 sear\u0103, \u00eencep\u00e2nd cu ora 18:30, circula\u021bia pe o por\u021biune a traseului na\u021bional R-6, care trece prin localitatea Ivancea din Orhei, va fi oprit\u0103 timp de 30 de minute. Blocajul va afecta ambele sensuri de circula\u021bie, \u00een zona restaurantului \u201cDoi Haiduci\u201d.<\/strong><\/p>\n<p>Aceast\u0103 m\u0103sur\u0103 se ia \u00een cadrul unor ac\u021biuni de urm\u0103rire penal\u0103 \u00eentr-un dosar privind un accident rutier soldat cu deces, potrivit autorit\u0103\u021bilor.<\/p>\n<p>Poli\u021bia le cere \u0219oferilor s\u0103 aib\u0103 r\u0103bdare \u0219i s\u0103 manifeste calm.<\/p>\n<p>\u201eNe cerem scuze pentru disconfortul creat \u0219i apreciem \u00een\u021belegerea conduc\u0103torilor auto\u201d, transmit autorit\u0103\u021bile.<\/p>\n<\/div>\n","protected":false},"excerpt":{"rendered":"<div><img loading=\"lazy\" decoding=\"async\" width=\"696\" height=\"392\" src=\"https:\/\/canal5.md\/wp-content\/uploads\/2025\/02\/3deee3ecd8bc0d85c422b1df62f46dca-optimized.jpg\" class=\"attachment-large size-large wp-post-image\" alt=\"\" srcset=\"https:\/\/canal5.md\/wp-content\/uploads\/2025\/02\/3deee3ecd8bc0d85c422b1df62f46dca-optimized.jpg 809w, https:\/\/canal5.md\/wp-content\/uploads\/2025\/02\/3deee3ecd8bc0d85c422b1df62f46dca-300x169-optimized.jpg 300w, https:\/\/canal5.md\/wp-content\/uploads\/2025\/02\/3deee3ecd8bc0d85c422b1df62f46dca-768x433-optimized.jpg 768w, https:\/\/canal5.md\/wp-content\/uploads\/2025\/02\/3deee3ecd8bc0d85c422b1df62f46dca-696x392-optimized.jpg 696w\">Poli\u021bia Na\u021bional\u0103 informeaz\u0103 c\u0103, \u00een aceast\u0103 sear\u0103, \u00eencep\u00e2nd cu ora 18:30, circula\u021bia pe o por\u021biune a traseului na\u021bional R-6, care trece prin localitatea Ivancea din Orhei, va fi oprit\u0103 timp de 30 de minute. Blocajul va afecta ambele sensuri de circula\u021bie, \u00een zona restaurantului \u201cDoi Haiduci\u201d. Aceast\u0103 m\u0103sur\u0103 se ia \u00een cadrul unor ac\u021biuni de [\u2026]<\/div>\n","protected":false},"author":1,"featured_media":67106,"comment_status":"closed","ping_status":"closed","sticky":false,"template":"","format":"standard","meta":{"jnews-multi-image_gallery":[],"jnews_single_post":[],"jnews_primary_category":[],"jnews_social_meta":[],"jnews_override_counter":[],"footnotes":""},"categories":[30],"tags":[],"class_list":["post-67105","post","type-post","status-publish","format-standard","has-post-thumbnail","hentry","category-social_ro"],"_links":{"self":[{"href":"https:\/\/orheifm.live\/index.php\/wp-json\/wp\/v2\/posts\/67105","targetHints":{"allow":["GET"]}}],"collection":[{"href":"https:\/\/orheifm.live\/index.php\/wp-json\/wp\/v2\/posts"}],"about":[{"href":"https:\/\/orheifm.live\/index.php\/wp-json\/wp\/v2\/types\/post"}],"author":[{"embeddable":true,"href":"https:\/\/orheifm.live\/index.php\/wp-json\/wp\/v2\/users\/1"}],"replies":[{"embeddable":true,"href":"https:\/\/orheifm.live\/index.php\/wp-json\/wp\/v2\/comments?post=67105"}],"version-history":[{"count":0,"href":"https:\/\/orheifm.live\/index.php\/wp-json\/wp\/v2\/posts\/67105\/revisions"}],"wp:featuredmedia":[{"embeddable":true,"href":"https:\/\/orheifm.live\/index.php\/wp-json\/wp\/v2\/media\/67106"}],"wp:attachment":[{"href":"https:\/\/orheifm.live\/index.php\/wp-json\/wp\/v2\/media?parent=67105"}],"wp:term":[{"taxonomy":"category","embeddable":true,"href":"https:\/\/orheifm.live\/index.php\/wp-json\/wp\/v2\/categories?post=67105"},{"taxonomy":"post_tag","embeddable":true,"href":"https:\/\/orheifm.live\/index.php\/wp-json\/wp\/v2\/tags?post=67105"}],"curies":[{"name":"wp","href":"https:\/\/api.w.org\/{rel}","templated":true}]}}