{"id":67103,"date":"2025-02-14T09:10:48","date_gmt":"2025-02-14T07:10:48","guid":{"rendered":"https:\/\/orheifm.live\/index.php\/2025\/02\/14\/prognoza-meteo-vreme-variabila-astazi-si-racire-severa-maine\/"},"modified":"2025-02-14T09:10:48","modified_gmt":"2025-02-14T07:10:48","slug":"prognoza-meteo-vreme-variabila-astazi-si-racire-severa-maine","status":"publish","type":"post","link":"https:\/\/orheifm.live\/index.php\/2025\/02\/14\/prognoza-meteo-vreme-variabila-astazi-si-racire-severa-maine\/","title":{"rendered":"Prognoza meteo: Vreme variabil\u0103 ast\u0103zi \u0219i r\u0103cire sever\u0103 m\u00e2ine"},"content":{"rendered":"<div>\n<p data-start=\"0\" data-end=\"454\"><strong>Serviciul Hidrometeorologic de Stat anun\u021b\u0103 c\u0103 ast\u0103zi vremea \u00een Moldova va fi variabil\u0103, f\u0103r\u0103 fenomene severe, cu temperaturi moderate \u0219i cer par\u021bial noros. La Chi\u0219in\u0103u, temperatura maxim\u0103 va ajunge la 8,4 grade Celsius, iar cerul va fi \u00een mare parte acoperit pe parcursul zilei. Diminea\u021ba va \u00eencepe cu temperaturi negative, de aproximativ -1,8 grade Celsius \u0219i cer par\u021bial noros. Nu sunt prognozate precipita\u021bii, iar probabilitatea de ploaie este minim<\/strong>\u0103.<\/p>\n<p data-start=\"456\" data-end=\"759\">Pentru m\u00e2ine, s\u00e2mb\u0103t\u0103, se preconizeaz\u0103 o r\u0103cire semnificativ\u0103 a vremii fa\u021b\u0103 de ast\u0103zi. Temperaturile maxime vor ajunge la doar 2,3 grade Celsius, iar minimele nocturne vor cobor\u00ee p\u00e2n\u0103 la -5 grade Celsius. Vor fi posibile ninsori u\u0219oare pe parcursul a zece ore, cu o probabilitate de precipita\u021bii de 83%.<\/p>\n<p data-start=\"761\" data-end=\"1035\" data-is-last-node=\"\">Poim\u00e2ine, duminic\u0103, vremea va r\u0103m\u00e2ne rece \u0219i predominant \u00eennorat\u0103 la Chi\u0219in\u0103u. Temperaturile vor varia \u00eentre un maxim de -1,1 grade Celsius \u0219i un minim de -6,6 grade Celsius. Nu sunt prognozate precipita\u021bii semnificative \u0219i probabilitatea acestora va fi sc\u0103zut\u0103, de doar 8%.<\/p>\n<\/div>\n","protected":false},"excerpt":{"rendered":"<div><img loading=\"lazy\" decoding=\"async\" width=\"696\" height=\"392\" src=\"https:\/\/canal5.md\/wp-content\/uploads\/2025\/02\/650e05293773ea35301570d489ed550b-optimized.jpg\" class=\"attachment-large size-large wp-post-image\" alt=\"\" srcset=\"https:\/\/canal5.md\/wp-content\/uploads\/2025\/02\/650e05293773ea35301570d489ed550b-optimized.jpg 809w, https:\/\/canal5.md\/wp-content\/uploads\/2025\/02\/650e05293773ea35301570d489ed550b-300x169-optimized.jpg 300w, https:\/\/canal5.md\/wp-content\/uploads\/2025\/02\/650e05293773ea35301570d489ed550b-768x433-optimized.jpg 768w, https:\/\/canal5.md\/wp-content\/uploads\/2025\/02\/650e05293773ea35301570d489ed550b-696x392-optimized.jpg 696w\">Serviciul Hidrometeorologic de Stat anun\u021b\u0103 c\u0103 ast\u0103zi vremea \u00een Moldova va fi variabil\u0103, f\u0103r\u0103 fenomene severe, cu temperaturi moderate \u0219i cer par\u021bial noros. La Chi\u0219in\u0103u, temperatura maxim\u0103 va ajunge la 8,4 grade Celsius, iar cerul va fi \u00een mare parte acoperit pe parcursul zilei. Diminea\u021ba va \u00eencepe cu temperaturi negative, de aproximativ -1,8 grade Celsius [\u2026]<\/div>\n","protected":false},"author":1,"featured_media":67104,"comment_status":"closed","ping_status":"closed","sticky":false,"template":"","format":"standard","meta":{"jnews-multi-image_gallery":[],"jnews_single_post":[],"jnews_primary_category":[],"jnews_social_meta":[],"jnews_override_counter":[],"footnotes":""},"categories":[30],"tags":[],"class_list":["post-67103","post","type-post","status-publish","format-standard","has-post-thumbnail","hentry","category-social_ro"],"_links":{"self":[{"href":"https:\/\/orheifm.live\/index.php\/wp-json\/wp\/v2\/posts\/67103","targetHints":{"allow":["GET"]}}],"collection":[{"href":"https:\/\/orheifm.live\/index.php\/wp-json\/wp\/v2\/posts"}],"about":[{"href":"https:\/\/orheifm.live\/index.php\/wp-json\/wp\/v2\/types\/post"}],"author":[{"embeddable":true,"href":"https:\/\/orheifm.live\/index.php\/wp-json\/wp\/v2\/users\/1"}],"replies":[{"embeddable":true,"href":"https:\/\/orheifm.live\/index.php\/wp-json\/wp\/v2\/comments?post=67103"}],"version-history":[{"count":0,"href":"https:\/\/orheifm.live\/index.php\/wp-json\/wp\/v2\/posts\/67103\/revisions"}],"wp:featuredmedia":[{"embeddable":true,"href":"https:\/\/orheifm.live\/index.php\/wp-json\/wp\/v2\/media\/67104"}],"wp:attachment":[{"href":"https:\/\/orheifm.live\/index.php\/wp-json\/wp\/v2\/media?parent=67103"}],"wp:term":[{"taxonomy":"category","embeddable":true,"href":"https:\/\/orheifm.live\/index.php\/wp-json\/wp\/v2\/categories?post=67103"},{"taxonomy":"post_tag","embeddable":true,"href":"https:\/\/orheifm.live\/index.php\/wp-json\/wp\/v2\/tags?post=67103"}],"curies":[{"name":"wp","href":"https:\/\/api.w.org\/{rel}","templated":true}]}}