{"id":67097,"date":"2025-02-14T00:44:30","date_gmt":"2025-02-13T22:44:30","guid":{"rendered":"https:\/\/orheifm.live\/index.php\/2025\/02\/14\/reprezentanti-ai-sua-si-ai-rusiei-se-intalnesc-vineri-la-munchen-anunta-trump-ce-a-spus-despre-ucraina\/"},"modified":"2025-02-14T00:44:30","modified_gmt":"2025-02-13T22:44:30","slug":"reprezentanti-ai-sua-si-ai-rusiei-se-intalnesc-vineri-la-munchen-anunta-trump-ce-a-spus-despre-ucraina","status":"publish","type":"post","link":"https:\/\/orheifm.live\/index.php\/2025\/02\/14\/reprezentanti-ai-sua-si-ai-rusiei-se-intalnesc-vineri-la-munchen-anunta-trump-ce-a-spus-despre-ucraina\/","title":{"rendered":"Reprezentan\u0163i ai SUA \u015fi ai Rusiei se \u00eent\u00e2lnesc vineri la Munchen, anun\u0163\u0103 Trump. Ce a spus despre Ucraina"},"content":{"rendered":"<div>\n<p><strong>Pre\u015fedinte american Donald Trump a anun\u0163at joi c\u0103 reprezentan\u0163i ai Statelor Unite \u015fi ai Rusiei urmeaz\u0103 s\u0103 se \u00eent\u00e2lneasc\u0103 vineri, la Munchen, \u00een Germania, relateaz\u0103 AFP.<\/strong><\/p>\n<p>\u201eUcraina este de asemenea invitat\u0103\u201d, a precizat liderul de la CAsa Alb\u0103. Trump a dat asigur\u0103ri anterior, \u00een fa\u0163a presei, la Casa Alb\u0103 c\u0103 Ucraina va fi parte la negocieri \u00een vederea opririi r\u0103zboiului cu Rusia.<\/p>\n<p>Pre\u015fedintele rus Vladimir Putin \u201evrea pacea\u201d, a dat asigur\u0103ri liderul american. \u201eCred c\u0103 mi-o va spune dac\u0103 nu o vrea\u201d, a declarat Trump presei, la Casa Alb\u0103, la o zi dup\u0103 ce a purtat o convorbire la telefon cu liderul de la Kremlin, noteaz\u0103 News.ro.<\/p>\n<p><strong>Zelenski, despre faptul c\u0103 Trump l-a sunat pe Putin primul: \u201eNu e foarte agreabil\u201d<\/strong><\/p>\n<p>Anterior, Zelenski a declarat c\u0103 \u201enu este foarte agreabil\u201d ca Donald Trump s\u0103 vorbeasc\u0103 mai \u00eent\u00e2i la telefon cu omologul s\u0103u rus Vladimir Putin \u0219i a dezv\u0103luit c\u0103 pre\u015fedintele american a vrut s\u0103 se adreseze simultan celor doi lideri rivali.<\/p>\n<p>Volodimir Zelenski a declarat c\u0103 el crede c\u0103 Ucraina este prioritatea lui Donald Trump, dar c\u0103 \u201e\u00een orice caz\u201d \u201enu este foarte agreabil\u201d c\u0103 liderul americanl l-a sunat mai \u00eent\u00e2i pe Vladimir Putin \u00eenainte s\u0103-l sune pe el.<\/p>\n<p>Pre\u0219edintele Ucrainei a dezv\u0103luit c\u0103 Donald Trump i-a spus c\u0103 a \u201evrut s\u0103 vorbeasc\u0103\u201d cu \u201ecu cei doi pre\u015fedin\u0163i \u00een acela\u0163i timp\u201d.<\/p>\n<p>Volodimir Zelenski a apreciat c\u0103 Ucraina \u015fi Statele Unite trebuie s\u0103 se pun\u0103 de acord asupra unui plan de \u201eoprire a lui Putin\u201d \u00eenaintea lans\u0103rii oric\u0103ror negocieri de pace cu Moscova<\/p>\n<p><strong> Kievul vrea ca Europa s\u0103 aib\u0103 un loc la masa negocierilor<\/strong><\/p>\n<p>El a subliniat c\u0103 europenii trebuie s\u0103 aib\u0103 un loc la \u201emasa negocierilor\u201d, un ecou al unui apel al mai multor lideri din uniunea European\u0103 (UE). \u201eNoi facem parte din Europa \u015fi vom fi cu siguran\u0163\u0103 membri ai Uniunii Europene. Acest lucru este important pentru noi. Ei ne-au ajutat mult\u201d, a pledat el.<\/p>\n<p>Ucraina se teme \u2013 la fel ca europenii \u2013 c\u0103 va fi \u0163inut\u0103 la o parte de rezultatul viitoarelor negocieri \u00eentre Vladimir Putin \u015fi Donald Trump, care urmeaz\u0103 s\u0103 aib\u0103 loc \u00eentr-un viitor apropiat. Statele Unite sunt de trei ani principalul sus\u0163in\u0103tor \u2013 militar \u015fi financiar \u2013 al Ucrainei \u00eempotriva invaziei Rusiei.<\/p>\n<p><a href=\"https:\/\/www.digi24.ro\/stiri\/externe\/reprezentanti-ai-sua-si-ai-rusiei-se-intalnesc-vineri-la-munchen-anunta-trump-ce-a-spus-despre-ucraina-3120519\"><strong>digi24.ro<\/strong><\/a><\/p>\n<\/div>\n","protected":false},"excerpt":{"rendered":"<div><img loading=\"lazy\" decoding=\"async\" width=\"696\" height=\"393\" src=\"https:\/\/canal5.md\/wp-content\/uploads\/2025\/02\/otgwntu4ode1njrmyzg5mdc5zdu1nweymge.thumb_-optimized.jpg\" class=\"attachment-large size-large wp-post-image\" alt=\"\" srcset=\"https:\/\/canal5.md\/wp-content\/uploads\/2025\/02\/otgwntu4ode1njrmyzg5mdc5zdu1nweymge.thumb_-optimized.jpg 780w, https:\/\/canal5.md\/wp-content\/uploads\/2025\/02\/otgwntu4ode1njrmyzg5mdc5zdu1nweymge.thumb_-300x169-optimized.jpg 300w, https:\/\/canal5.md\/wp-content\/uploads\/2025\/02\/otgwntu4ode1njrmyzg5mdc5zdu1nweymge.thumb_-768x433-optimized.jpg 768w, https:\/\/canal5.md\/wp-content\/uploads\/2025\/02\/otgwntu4ode1njrmyzg5mdc5zdu1nweymge.thumb_-696x393-optimized.jpg 696w\">Pre\u015fedinte american Donald Trump a anun\u0163at joi c\u0103 reprezentan\u0163i ai Statelor Unite \u015fi ai Rusiei urmeaz\u0103 s\u0103 se \u00eent\u00e2lneasc\u0103 vineri, la Munchen, \u00een Germania, relateaz\u0103 AFP. \u201eUcraina este de asemenea invitat\u0103\u201d, a precizat liderul de la CAsa Alb\u0103. Trump a dat asigur\u0103ri anterior, \u00een fa\u0163a presei, la Casa Alb\u0103 c\u0103 Ucraina va fi parte la [\u2026]<\/div>\n","protected":false},"author":1,"featured_media":67098,"comment_status":"closed","ping_status":"closed","sticky":false,"template":"","format":"standard","meta":{"jnews-multi-image_gallery":[],"jnews_single_post":[],"jnews_primary_category":[],"jnews_social_meta":[],"jnews_override_counter":[],"footnotes":""},"categories":[29],"tags":[],"class_list":["post-67097","post","type-post","status-publish","format-standard","has-post-thumbnail","hentry","category-externe_ro"],"_links":{"self":[{"href":"https:\/\/orheifm.live\/index.php\/wp-json\/wp\/v2\/posts\/67097","targetHints":{"allow":["GET"]}}],"collection":[{"href":"https:\/\/orheifm.live\/index.php\/wp-json\/wp\/v2\/posts"}],"about":[{"href":"https:\/\/orheifm.live\/index.php\/wp-json\/wp\/v2\/types\/post"}],"author":[{"embeddable":true,"href":"https:\/\/orheifm.live\/index.php\/wp-json\/wp\/v2\/users\/1"}],"replies":[{"embeddable":true,"href":"https:\/\/orheifm.live\/index.php\/wp-json\/wp\/v2\/comments?post=67097"}],"version-history":[{"count":0,"href":"https:\/\/orheifm.live\/index.php\/wp-json\/wp\/v2\/posts\/67097\/revisions"}],"wp:featuredmedia":[{"embeddable":true,"href":"https:\/\/orheifm.live\/index.php\/wp-json\/wp\/v2\/media\/67098"}],"wp:attachment":[{"href":"https:\/\/orheifm.live\/index.php\/wp-json\/wp\/v2\/media?parent=67097"}],"wp:term":[{"taxonomy":"category","embeddable":true,"href":"https:\/\/orheifm.live\/index.php\/wp-json\/wp\/v2\/categories?post=67097"},{"taxonomy":"post_tag","embeddable":true,"href":"https:\/\/orheifm.live\/index.php\/wp-json\/wp\/v2\/tags?post=67097"}],"curies":[{"name":"wp","href":"https:\/\/api.w.org\/{rel}","templated":true}]}}