{"id":67095,"date":"2025-02-13T23:37:52","date_gmt":"2025-02-13T21:37:52","guid":{"rendered":"https:\/\/orheifm.live\/index.php\/2025\/02\/13\/cutremur-cu-magnitudinea-42-in-zona-vrancea\/"},"modified":"2025-02-13T23:37:52","modified_gmt":"2025-02-13T21:37:52","slug":"cutremur-cu-magnitudinea-42-in-zona-vrancea","status":"publish","type":"post","link":"https:\/\/orheifm.live\/index.php\/2025\/02\/13\/cutremur-cu-magnitudinea-42-in-zona-vrancea\/","title":{"rendered":"Cutremur cu magnitudinea 4,2 \u00een zona Vrancea"},"content":{"rendered":"<div>\n<p><strong>Un cutremur cu magnitudinea 4,2 s-a produs joi sear\u0103, la ora 22:44, \u00een jude\u021bul Buz\u0103u, zona seismic\u0103 Vrancea, anun\u021b\u0103 Institutul Na\u0163ional pentru Fizica P\u0103m\u00e2ntului.<\/strong><\/p>\n<p>\u201e\u00cen ziua de 13 februarie 2025, la ora 22:44:55 (ora local\u0103 a Rom\u00e2niei), s-a produs \u00een zona seismic\u0103 Vrancea, Buz\u0103u, un cutremur mediu cu magnitudinea ml 4.2, la ad\u00e2ncimea de 140 km\u201d, a informat INFP.<\/p>\n<div id=\"div-billboard2\" class=\"inserted-position billboard-2\" data-google-query-id=\"COPRh8XNwYsDFf80VQgd4_k3MQ\">\n<div id=\"google_ads_iframe_\/22264327084\/hotnews_art\/billboard2_0__container__\"><\/div>\n<\/div>\n<p>Seismul s-a produs \u00een apropierea urm\u0103toarelor ora\u015fe: 55 km sud-est de Sf\u00e2ntu-Gheorghe, 60 km nord-vest de Buz\u0103u, 61 km est de Bra\u0219ov, 63 km vest de Foc\u0219ani, 77 km nord de Ploie\u0219ti.<\/p>\n<p>Ini\u021bial, INFP a anun\u021bat o magnitudine a cutremurului de 4,5, pe care a revizuit-o apoi la 4,2.<\/p>\n<p>P\u00e2n\u0103 acum \u00een acest an, \u00een \u021bara noastr\u0103 s-a mai \u00eenregistrat un seism cu aceea\u0219i magnitudine \u2013 4,2 \u2013 \u00een data de 4 februarie.<\/p>\n<p><a href=\"https:\/\/hotnews.ro\/cutremur-cu-magnitudinea-42-in-zona-vrancea-1901569\"><strong>hotnews.ro<\/strong><\/a><\/p>\n<\/div>\n","protected":false},"excerpt":{"rendered":"<div><img loading=\"lazy\" decoding=\"async\" width=\"696\" height=\"464\" src=\"https:\/\/canal5.md\/wp-content\/uploads\/2025\/02\/image-2023-02-16-26087412-41-seismograf_708aa9-optimized.webp\" class=\"attachment-large size-large wp-post-image\" alt=\"\" srcset=\"https:\/\/canal5.md\/wp-content\/uploads\/2025\/02\/image-2023-02-16-26087412-41-seismograf_708aa9-optimized.webp 800w, https:\/\/canal5.md\/wp-content\/uploads\/2025\/02\/image-2023-02-16-26087412-41-seismograf_708aa9-300x200-optimized.webp 300w, https:\/\/canal5.md\/wp-content\/uploads\/2025\/02\/image-2023-02-16-26087412-41-seismograf_708aa9-768x512-optimized.webp 768w, https:\/\/canal5.md\/wp-content\/uploads\/2025\/02\/image-2023-02-16-26087412-41-seismograf_708aa9-696x464-optimized.webp 696w\">Un cutremur cu magnitudinea 4,2 s-a produs joi sear\u0103, la ora 22:44, \u00een jude\u021bul Buz\u0103u, zona seismic\u0103 Vrancea, anun\u021b\u0103 Institutul Na\u0163ional pentru Fizica P\u0103m\u00e2ntului. \u201e\u00cen ziua de 13 februarie 2025, la ora 22:44:55 (ora local\u0103 a Rom\u00e2niei), s-a produs \u00een zona seismic\u0103 Vrancea, Buz\u0103u, un cutremur mediu cu magnitudinea ml 4.2, la ad\u00e2ncimea de 140 [\u2026]<\/div>\n","protected":false},"author":1,"featured_media":67096,"comment_status":"closed","ping_status":"closed","sticky":false,"template":"","format":"standard","meta":{"jnews-multi-image_gallery":[],"jnews_single_post":[],"jnews_primary_category":[],"jnews_social_meta":[],"jnews_override_counter":[],"footnotes":""},"categories":[29],"tags":[],"class_list":["post-67095","post","type-post","status-publish","format-standard","has-post-thumbnail","hentry","category-externe_ro"],"_links":{"self":[{"href":"https:\/\/orheifm.live\/index.php\/wp-json\/wp\/v2\/posts\/67095","targetHints":{"allow":["GET"]}}],"collection":[{"href":"https:\/\/orheifm.live\/index.php\/wp-json\/wp\/v2\/posts"}],"about":[{"href":"https:\/\/orheifm.live\/index.php\/wp-json\/wp\/v2\/types\/post"}],"author":[{"embeddable":true,"href":"https:\/\/orheifm.live\/index.php\/wp-json\/wp\/v2\/users\/1"}],"replies":[{"embeddable":true,"href":"https:\/\/orheifm.live\/index.php\/wp-json\/wp\/v2\/comments?post=67095"}],"version-history":[{"count":0,"href":"https:\/\/orheifm.live\/index.php\/wp-json\/wp\/v2\/posts\/67095\/revisions"}],"wp:featuredmedia":[{"embeddable":true,"href":"https:\/\/orheifm.live\/index.php\/wp-json\/wp\/v2\/media\/67096"}],"wp:attachment":[{"href":"https:\/\/orheifm.live\/index.php\/wp-json\/wp\/v2\/media?parent=67095"}],"wp:term":[{"taxonomy":"category","embeddable":true,"href":"https:\/\/orheifm.live\/index.php\/wp-json\/wp\/v2\/categories?post=67095"},{"taxonomy":"post_tag","embeddable":true,"href":"https:\/\/orheifm.live\/index.php\/wp-json\/wp\/v2\/tags?post=67095"}],"curies":[{"name":"wp","href":"https:\/\/api.w.org\/{rel}","templated":true}]}}