{"id":67091,"date":"2025-02-13T22:28:13","date_gmt":"2025-02-13T20:28:13","guid":{"rendered":"https:\/\/orheifm.live\/index.php\/2025\/02\/13\/stopari-temporare-ale-livrarii-apei-potabile-adresele-din-capitala\/"},"modified":"2025-02-13T22:28:13","modified_gmt":"2025-02-13T20:28:13","slug":"stopari-temporare-ale-livrarii-apei-potabile-adresele-din-capitala","status":"publish","type":"post","link":"https:\/\/orheifm.live\/index.php\/2025\/02\/13\/stopari-temporare-ale-livrarii-apei-potabile-adresele-din-capitala\/","title":{"rendered":"Stop\u0103ri temporare ale livr\u0103rii apei potabile: Adresele din capital\u0103"},"content":{"rendered":"<div>\n<p>SA \u201eAp\u0103-Canal Chi\u0219in\u0103u\u201d informeaz\u0103 c\u0103 unii locuitori ai capitalei vor fi viza\u021bi de stop\u0103ri temporare ale livr\u0103rii apei potabile, noteaz\u0103<a href=\"https:\/\/noi.md\/md\/capitala\/stopari-temporare-ale-livrarii-apei-potabile-adresele-din-capitala\"> Noi.md.<\/a><\/p>\n<p>Astfel, vor r\u0103m\u00eene pe14 februarie, f\u0103r\u0103 ap\u0103 consumatorii de pe urm\u0103toarele adrese: -strada E. Coca, 15, 17, 19, 19\/1. Vineri, \u00een intervalul 09:40 \u2013 17:00, este posibil\u0103 deconectarea energiei electrice, un proces care va avea ca rezultat furnizarea de ap\u0103 cu presiune joas\u0103, \u00een leg\u0103tur\u0103 cu executarea unor lucr\u0103ri de c\u0103tre \u00ce.C.S. \u201ePremier Energy Distribution\u201d.<\/p>\n<p>To\u0163i consumatorii de la adresele men\u021bionate s\u00eent ruga\u021bi s\u0103-\u015fi asigure rezerva minim\u0103 de ap\u0103 pentru consum \u015fi uz casnic pe perioada \u00eentreruperii furniz\u0103rii apei.<\/p>\n<\/div>\n","protected":false},"excerpt":{"rendered":"<div><img loading=\"lazy\" decoding=\"async\" width=\"696\" height=\"458\" src=\"https:\/\/canal5.md\/wp-content\/uploads\/2025\/02\/797563-optimized.webp\" class=\"attachment-large size-large wp-post-image\" alt=\"\" srcset=\"https:\/\/canal5.md\/wp-content\/uploads\/2025\/02\/797563-optimized.webp 760w, https:\/\/canal5.md\/wp-content\/uploads\/2025\/02\/797563-300x197-optimized.webp 300w, https:\/\/canal5.md\/wp-content\/uploads\/2025\/02\/797563-696x458-optimized.webp 696w\">SA \u201eAp\u0103-Canal Chi\u0219in\u0103u\u201d informeaz\u0103 c\u0103 unii locuitori ai capitalei vor fi viza\u021bi de stop\u0103ri temporare ale livr\u0103rii apei potabile, noteaz\u0103 Noi.md. Astfel, vor r\u0103m\u00eene pe14 februarie, f\u0103r\u0103 ap\u0103 consumatorii de pe urm\u0103toarele adrese: -strada E. Coca, 15, 17, 19, 19\/1. Vineri, \u00een intervalul 09:40 \u2013 17:00, este posibil\u0103 deconectarea energiei electrice, un proces care va [\u2026]<\/div>\n","protected":false},"author":1,"featured_media":67092,"comment_status":"closed","ping_status":"closed","sticky":false,"template":"","format":"standard","meta":{"jnews-multi-image_gallery":[],"jnews_single_post":[],"jnews_primary_category":[],"jnews_social_meta":[],"jnews_override_counter":[],"footnotes":""},"categories":[30],"tags":[],"class_list":["post-67091","post","type-post","status-publish","format-standard","has-post-thumbnail","hentry","category-social_ro"],"_links":{"self":[{"href":"https:\/\/orheifm.live\/index.php\/wp-json\/wp\/v2\/posts\/67091","targetHints":{"allow":["GET"]}}],"collection":[{"href":"https:\/\/orheifm.live\/index.php\/wp-json\/wp\/v2\/posts"}],"about":[{"href":"https:\/\/orheifm.live\/index.php\/wp-json\/wp\/v2\/types\/post"}],"author":[{"embeddable":true,"href":"https:\/\/orheifm.live\/index.php\/wp-json\/wp\/v2\/users\/1"}],"replies":[{"embeddable":true,"href":"https:\/\/orheifm.live\/index.php\/wp-json\/wp\/v2\/comments?post=67091"}],"version-history":[{"count":0,"href":"https:\/\/orheifm.live\/index.php\/wp-json\/wp\/v2\/posts\/67091\/revisions"}],"wp:featuredmedia":[{"embeddable":true,"href":"https:\/\/orheifm.live\/index.php\/wp-json\/wp\/v2\/media\/67092"}],"wp:attachment":[{"href":"https:\/\/orheifm.live\/index.php\/wp-json\/wp\/v2\/media?parent=67091"}],"wp:term":[{"taxonomy":"category","embeddable":true,"href":"https:\/\/orheifm.live\/index.php\/wp-json\/wp\/v2\/categories?post=67091"},{"taxonomy":"post_tag","embeddable":true,"href":"https:\/\/orheifm.live\/index.php\/wp-json\/wp\/v2\/tags?post=67091"}],"curies":[{"name":"wp","href":"https:\/\/api.w.org\/{rel}","templated":true}]}}