{"id":67089,"date":"2025-02-13T22:26:40","date_gmt":"2025-02-13T20:26:40","guid":{"rendered":"https:\/\/orheifm.live\/index.php\/2025\/02\/13\/a-vazut-lumina-zilei-in-ambulanta-o-femeie-din-hincesti-a-nascut-in-drum-spre-maternitate-cum-se-simt-mama-si-bebelusul\/"},"modified":"2025-02-13T22:26:40","modified_gmt":"2025-02-13T20:26:40","slug":"a-vazut-lumina-zilei-in-ambulanta-o-femeie-din-hincesti-a-nascut-in-drum-spre-maternitate-cum-se-simt-mama-si-bebelusul","status":"publish","type":"post","link":"https:\/\/orheifm.live\/index.php\/2025\/02\/13\/a-vazut-lumina-zilei-in-ambulanta-o-femeie-din-hincesti-a-nascut-in-drum-spre-maternitate-cum-se-simt-mama-si-bebelusul\/","title":{"rendered":"A v\u0103zut lumina zilei \u00een ambulan\u021b\u0103: O femeie din H\u00eence\u0219ti a n\u0103scut \u00een drum spre maternitate. Cum se simt mama \u0219i bebelu\u0219ul"},"content":{"rendered":"<div>\n<p><strong>O femeie 28 de ani din H\u00eence\u0219ti a n\u0103scut \u00een timp ce era transportat\u0103 spre maternitate, \u00een ma\u0219ina ambulan\u021bei. Femeia se afla \u00een a 38-a s\u0103pt\u0103m\u00e2n\u0103 de sarcin\u0103, la a doua na\u0219tere, potrivit reprezentan\u021bilor CNAMUP.<\/strong><\/p>\n<p>\u201e\u00cen diminea\u021ba zilei de 12 februarie, la Dispeceratul comun de urgen\u021b\u0103 a IMSP CNAMUP a parvenit un apel pentru acordarea asisten\u021bei medicale de urgen\u021b\u0103 unei gravide de 28 ani pe motivul solicit\u0103rii \u201econtrac\u021bii uterine\u201d \u00eentr-o localitate din raionul H\u00eence\u0219ti.<\/p>\n<p>\u00cen scurt timp, la domiciliul pacientei a ajuns echipa PAMU C\u0103rpineni din cadrul SAMU H\u00eence\u0219ti. Personalul medical a preluat de urgen\u021b\u0103 femeia la a II-a sarcin\u0103 \u00een 38 s\u0103pt\u0103m\u00e2ni cu semne de debut al travaliului. \u00cen timpul transport\u0103rii la spital, la ora 07:00 a survenit na\u0219terea. Astfel, venirea pe lume a feti\u021bei de 3600 gr. a fost asistat\u0103 \u00een ambulan\u021b\u0103 de c\u0103tre echipa AMU.<\/p>\n<p>Ulterior, mama \u0219i micu\u021ba cu monitorizarea permanent\u0103 a parametrilor vitali, \u00een siguran\u021b\u0103 \u0219i cu grij\u0103 au fost transportate \u0219i transmise speciali\u0219tilor maternit\u0103\u021bii din cadrul IMSP Spitalul Raional H\u00eence\u0219ti\u201d, se arat\u0103 \u00een comunicatul emis de CNAMUP.<\/p>\n<p><a href=\"https:\/\/unimedia.info\/ro\/news\/6fb9b98e31e33b8a\/a-vazut-lumina-zilei-in-ambulanta-o-femeie-din-hincesti-a-nascut-in-drum-spre-maternitate-cum-se-simt-mama-si-bebelusul.html\">Unimedia.info<\/a><\/p>\n<\/div>\n","protected":false},"excerpt":{"rendered":"<div><img loading=\"lazy\" decoding=\"async\" width=\"696\" height=\"392\" src=\"https:\/\/canal5.md\/wp-content\/uploads\/2025\/02\/60ae590cb157d0010361b232275c9d067c17942069095e70d0370a0c958c26e0-optimized.png\" class=\"attachment-large size-large wp-post-image\" alt=\"\" srcset=\"https:\/\/canal5.md\/wp-content\/uploads\/2025\/02\/60ae590cb157d0010361b232275c9d067c17942069095e70d0370a0c958c26e0-optimized.png 800w, https:\/\/canal5.md\/wp-content\/uploads\/2025\/02\/60ae590cb157d0010361b232275c9d067c17942069095e70d0370a0c958c26e0-300x169-optimized.png 300w, https:\/\/canal5.md\/wp-content\/uploads\/2025\/02\/60ae590cb157d0010361b232275c9d067c17942069095e70d0370a0c958c26e0-768x432-optimized.png 768w, https:\/\/canal5.md\/wp-content\/uploads\/2025\/02\/60ae590cb157d0010361b232275c9d067c17942069095e70d0370a0c958c26e0-696x392-optimized.png 696w\">O femeie 28 de ani din H\u00eence\u0219ti a n\u0103scut \u00een timp ce era transportat\u0103 spre maternitate, \u00een ma\u0219ina ambulan\u021bei. Femeia se afla \u00een a 38-a s\u0103pt\u0103m\u00e2n\u0103 de sarcin\u0103, la a doua na\u0219tere, potrivit reprezentan\u021bilor CNAMUP. \u201e\u00cen diminea\u021ba zilei de 12 februarie, la Dispeceratul comun de urgen\u021b\u0103 a IMSP CNAMUP a parvenit un apel pentru acordarea [\u2026]<\/div>\n","protected":false},"author":1,"featured_media":67090,"comment_status":"closed","ping_status":"closed","sticky":false,"template":"","format":"standard","meta":{"jnews-multi-image_gallery":[],"jnews_single_post":[],"jnews_primary_category":[],"jnews_social_meta":[],"jnews_override_counter":[],"footnotes":""},"categories":[30],"tags":[],"class_list":["post-67089","post","type-post","status-publish","format-standard","has-post-thumbnail","hentry","category-social_ro"],"_links":{"self":[{"href":"https:\/\/orheifm.live\/index.php\/wp-json\/wp\/v2\/posts\/67089","targetHints":{"allow":["GET"]}}],"collection":[{"href":"https:\/\/orheifm.live\/index.php\/wp-json\/wp\/v2\/posts"}],"about":[{"href":"https:\/\/orheifm.live\/index.php\/wp-json\/wp\/v2\/types\/post"}],"author":[{"embeddable":true,"href":"https:\/\/orheifm.live\/index.php\/wp-json\/wp\/v2\/users\/1"}],"replies":[{"embeddable":true,"href":"https:\/\/orheifm.live\/index.php\/wp-json\/wp\/v2\/comments?post=67089"}],"version-history":[{"count":0,"href":"https:\/\/orheifm.live\/index.php\/wp-json\/wp\/v2\/posts\/67089\/revisions"}],"wp:featuredmedia":[{"embeddable":true,"href":"https:\/\/orheifm.live\/index.php\/wp-json\/wp\/v2\/media\/67090"}],"wp:attachment":[{"href":"https:\/\/orheifm.live\/index.php\/wp-json\/wp\/v2\/media?parent=67089"}],"wp:term":[{"taxonomy":"category","embeddable":true,"href":"https:\/\/orheifm.live\/index.php\/wp-json\/wp\/v2\/categories?post=67089"},{"taxonomy":"post_tag","embeddable":true,"href":"https:\/\/orheifm.live\/index.php\/wp-json\/wp\/v2\/tags?post=67089"}],"curies":[{"name":"wp","href":"https:\/\/api.w.org\/{rel}","templated":true}]}}