{"id":67087,"date":"2025-02-13T22:23:10","date_gmt":"2025-02-13T20:23:10","guid":{"rendered":"https:\/\/orheifm.live\/index.php\/2025\/02\/13\/accident-violent-in-raionul-orhei-trei-persoane-printre-care-doi-copii-au-ajuns-la-spital\/"},"modified":"2025-02-13T22:23:10","modified_gmt":"2025-02-13T20:23:10","slug":"accident-violent-in-raionul-orhei-trei-persoane-printre-care-doi-copii-au-ajuns-la-spital","status":"publish","type":"post","link":"https:\/\/orheifm.live\/index.php\/2025\/02\/13\/accident-violent-in-raionul-orhei-trei-persoane-printre-care-doi-copii-au-ajuns-la-spital\/","title":{"rendered":"Accident violent \u00een raionul Orhei. Trei persoane, printre care doi copii, au ajuns la spital"},"content":{"rendered":"<div>\n<p><strong>Trei persoane, printre care doi minori de 10 \u0219i 4 ani au avut nevoie de ajutorul medicilor, dup\u0103 ce au fost implica\u021bi \u00eentr-un accident rutier. Cazul a fost \u00eenregistrat \u00een dup\u0103-amiaza zilei de joi, 13 februarie, pe traseul R6, cu direc\u021bia Chi\u0219in\u0103u spre B\u0103l\u021bi.<\/strong><\/p>\n<section class=\"single-post-article headline-article\">\n<article id=\"post-500690\" class=\"500690 post-500690 post type-post status-publish format-standard has-post-thumbnail hentry category-homepage category-slider category-actualitate tag-victime tag-orhei tag-accident\">\n<div class=\"container222\">\n<div class=\"row row-flex\">\n<div class=\"col-12 col-lg-7 article-container\">\n<div class=\"container article-content\">\n<div class=\"row\">\n<div class=\"col-12 col-lg-10 content-col\">\n<div class=\"content-text\">\n<p>\u201e\u00cen urma primelor investiga\u021bii la fa\u021ba locului, s-a stabilit c\u0103, la data de 13 februarie 2025, \u00een jurul orei 15:35, un conduc\u0103tor auto, cu v\u00e2rsta de 68 de ani, aflat la volanul unui Renault Megane, ce se deplasa pe traseul R-6, cu direc\u021bia Chi\u0219in\u0103u spre B\u0103l\u021bi ar fi ie\u0219it pe contrasens, unde a tamponat dou\u0103 autovehicule de model Nissan Qashqai \u0219i un Mercedes Sprinter, care circulau regulamentar spre Chi\u0219in\u0103u\u201d, a declarat Elena B\u0103etr\u0103u, ofi\u021berul de pres\u0103 al Inspectoratului de Poli\u021bie Orhei.<\/p>\n<blockquote>\n<div class=\"margin-auto\">\n<div id=\"admixer-hb-216-637568592982450705\"><\/div>\n<\/div>\n<\/blockquote>\n<p>\u00cen urma impactului, echipajul de ambulan\u021b\u0103 a preluat \u0219i transportat la Spitalul Raional Orhei trei persoane r\u0103nite: conduc\u0103torul vehiculului Renault \u0219i doi copii.<\/p>\n<p>Conduc\u0103torii auto au fost supu\u0219i testului alcooscopic, rezultatul fiind 0,00 mg\/l alcool \u00een aerul expirat.<\/p>\n<p>Oamenii legii stabilesc toate circumstan\u021bele producerii accidentului.<img loading=\"lazy\" decoding=\"async\" src=\"https:\/\/inv-nets.admixer.net\/ev_view.aspx?cc=MD\/CU\/618426&amp;am-uid=819099825bf84fbc85c2cbe8f7ad7975&amp;zone=68299C7C-14C4-4B7D-9B2A-3CD34654C188&amp;device=28&amp;rule=131E4E57-AC99-4758-8596-6D7AC9681F4B&amp;requestId=9b9c02b7-9efb-485b-8156-73ff2f0a35b3&amp;hp=-1089594562&amp;page=realitatea.md\/video-accident-violent-in-raionul-orhei-trei-persoane-printre-care-doi-copii-au-ajuns-la-spital\/&amp;segments=7132,7151,1,15,241&amp;ts=638750748636365001&amp;ap=MS44NQ==&amp;asign=-2025397352&amp;markups=ZG1wZj0wJmRtcHA9dHJ1ZSZjcnRmPTAmY3J0cD10cnVlJmNydGF0cz0wJmFkbWY9MCZhZG1wPXRydWUmdGRmPTAmdGRwPXRydWUmdG90Zj0wJnRvdHA9dHJ1ZQ==&amp;sync=88&amp;bt=12&amp;carr=Arax-Impex s.r.l.&amp;connt=1&amp;devt=2&amp;ua=Mozilla\/5.0 (Windows NT 10.0; Win64; x64) AppleWebKit\/537.36 (KHTML, like Gecko) Chrome\/133.0.0.0 Safari\/537.36 Edg\/133.0.0.0&amp;isapp=0&amp;os=Windows 10&amp;osv=NT 10.0&amp;adtype=2&amp;extpubid=1352904E-491A-4783-AD66-03B8837A7D5A&amp;inst=ADS-HETZ-2&amp;pxl=0&amp;pvid=3836354f-2613-4827-bc1b-edf825400bed&amp;ip=87.255.86.132&amp;item=47F7EC69-45D3-4EB4-BCE3-D6DA9652ACFC&amp;crid=47F7EC69-45D3-4EB4-BCE3-D6DA9652ACFC&amp;size=50x50&amp;profile=80ECD4E6-B853-4A88-983B-5283A89AE421&amp;isopt=0&amp;adv=N\/A&amp;dsp=ADMIXER Moldova&amp;dmp_pr=MA==&amp;dstUrl=https:\/\/linella.md\/ro\/promotii\/mega_oferta\/?utm_source=admixer&#038;utm_medium=ads&#038;utm_campaign={campaignid}&#038;utm_content={adgroupid}&amp;schain=,0!admixer.md,1352904e-491a-4783-ad66-03b8837a7d5a,0,,,&amp;cet=9&amp;sw=[e=screen.width]&amp;sh=[e=screen.height]&amp;sf=0\" width=\"1\" height=\"1\"><\/p>\n<\/div>\n<\/div>\n<\/div>\n<\/div>\n<\/div>\n<\/div>\n<\/div>\n<\/article>\n<\/section>\n<\/div>\n","protected":false},"excerpt":{"rendered":"<div><img loading=\"lazy\" decoding=\"async\" width=\"696\" height=\"391\" src=\"https:\/\/canal5.md\/wp-content\/uploads\/2024\/11\/accident-poza-simbol-900x505-1-optimized.jpg\" class=\"attachment-large size-large wp-post-image\" alt=\"\" srcset=\"https:\/\/canal5.md\/wp-content\/uploads\/2024\/11\/accident-poza-simbol-900x505-1-optimized.jpg 900w, https:\/\/canal5.md\/wp-content\/uploads\/2024\/11\/accident-poza-simbol-900x505-1-300x168-optimized.jpg 300w, https:\/\/canal5.md\/wp-content\/uploads\/2024\/11\/accident-poza-simbol-900x505-1-768x431-optimized.jpg 768w, https:\/\/canal5.md\/wp-content\/uploads\/2024\/11\/accident-poza-simbol-900x505-1-696x391-optimized.jpg 696w\">Trei persoane, printre care doi minori de 10 \u0219i 4 ani au avut nevoie de ajutorul medicilor, dup\u0103 ce au fost implica\u021bi \u00eentr-un accident rutier. Cazul a fost \u00eenregistrat \u00een dup\u0103-amiaza zilei de joi, 13 februarie, pe traseul R6, cu direc\u021bia Chi\u0219in\u0103u spre B\u0103l\u021bi. \u201e\u00cen urma primelor investiga\u021bii la fa\u021ba locului, s-a stabilit c\u0103, la [\u2026]<\/div>\n","protected":false},"author":1,"featured_media":67088,"comment_status":"closed","ping_status":"closed","sticky":false,"template":"","format":"standard","meta":{"jnews-multi-image_gallery":[],"jnews_single_post":[],"jnews_primary_category":[],"jnews_social_meta":[],"jnews_override_counter":[],"footnotes":""},"categories":[30],"tags":[],"class_list":["post-67087","post","type-post","status-publish","format-standard","has-post-thumbnail","hentry","category-social_ro"],"_links":{"self":[{"href":"https:\/\/orheifm.live\/index.php\/wp-json\/wp\/v2\/posts\/67087","targetHints":{"allow":["GET"]}}],"collection":[{"href":"https:\/\/orheifm.live\/index.php\/wp-json\/wp\/v2\/posts"}],"about":[{"href":"https:\/\/orheifm.live\/index.php\/wp-json\/wp\/v2\/types\/post"}],"author":[{"embeddable":true,"href":"https:\/\/orheifm.live\/index.php\/wp-json\/wp\/v2\/users\/1"}],"replies":[{"embeddable":true,"href":"https:\/\/orheifm.live\/index.php\/wp-json\/wp\/v2\/comments?post=67087"}],"version-history":[{"count":0,"href":"https:\/\/orheifm.live\/index.php\/wp-json\/wp\/v2\/posts\/67087\/revisions"}],"wp:featuredmedia":[{"embeddable":true,"href":"https:\/\/orheifm.live\/index.php\/wp-json\/wp\/v2\/media\/67088"}],"wp:attachment":[{"href":"https:\/\/orheifm.live\/index.php\/wp-json\/wp\/v2\/media?parent=67087"}],"wp:term":[{"taxonomy":"category","embeddable":true,"href":"https:\/\/orheifm.live\/index.php\/wp-json\/wp\/v2\/categories?post=67087"},{"taxonomy":"post_tag","embeddable":true,"href":"https:\/\/orheifm.live\/index.php\/wp-json\/wp\/v2\/tags?post=67087"}],"curies":[{"name":"wp","href":"https:\/\/api.w.org\/{rel}","templated":true}]}}