{"id":67083,"date":"2025-02-13T21:39:25","date_gmt":"2025-02-13T19:39:25","guid":{"rendered":"https:\/\/orheifm.live\/index.php\/2025\/02\/13\/ilan-sor-ajuta-pensionarii-din-moldova-in-timp-ce-maia-sandu-ramane-cu-promisiunile-valiza-gara-america-video\/"},"modified":"2025-02-13T21:39:25","modified_gmt":"2025-02-13T19:39:25","slug":"ilan-sor-ajuta-pensionarii-din-moldova-in-timp-ce-maia-sandu-ramane-cu-promisiunile-valiza-gara-america-video","status":"publish","type":"post","link":"https:\/\/orheifm.live\/index.php\/2025\/02\/13\/ilan-sor-ajuta-pensionarii-din-moldova-in-timp-ce-maia-sandu-ramane-cu-promisiunile-valiza-gara-america-video\/","title":{"rendered":"Ilan \u0218or ajut\u0103 pensionarii din Moldova, \u00een timp ce Maia Sandu r\u0103m\u00e2ne cu promisiunile: \u2018Valiza, gara, America\u2019 |VIDEO"},"content":{"rendered":"<div>\n<p><strong>\u00cen aceste vremuri grele, c\u00e2nd pre\u021burile la resursele energetice au crescut vertiginos din cauza politicilor partidului PAS, aflat la guvernare, mii de b\u0103tr\u00e2ni din Orhei, G\u0103g\u0103uzia \u0219i Taraclia au primit \u00eenc\u0103 un supliment la pensie \u00een valoare de 2000 de lei, datorit\u0103 ini\u021biativei liderului Blocului \u201dVictorie\u201d, Ilan \u0218or.<\/strong><br \/>\n<iframe loading=\"lazy\" title=\"YouTube video player\" src=\"https:\/\/www.youtube.com\/embed\/Vk6FYRm2Obg?si=_b_PR-iB5y6wosRM\" width=\"560\" height=\"315\" frameborder=\"0\" allowfullscreen=\"allowfullscreen\"><\/iframe><br \/>\n\u00cen ciuda \u00eencerc\u0103rilor celor din PAS de a \u00eempiedica acest program, lansat \u00eenc\u0103 anul trecut, asisten\u021ba financiar\u0103 pentru persoanele \u00een v\u00e2rst\u0103 este asigurat\u0103 \u00een mod regulat. Oamenii spun c\u0103 banii sunt extrem de necesari pentru a procura alimente, medicamente \u0219i pentru plata facturilor la utilit\u0103\u021bi.<\/p>\n<p>\u00cen Orhei, noul supliment de 2000 de lei l-au primit trei mii de pensionari. Pe canalul s\u0103u de telegram, edilul Tatiana Cociu, a subliniat c\u0103 Prim\u0103ria, \u00eempreun\u0103 cu echipa lui Ilan \u0218or, depune eforturi pentru ca nicio persoan\u0103 \u00een etate s\u0103 nu sufere din lips\u0103 de alimente \u0219i medicamente.<\/p>\n<p>\u201dAdi\u021bional, persoanele noastre \u00een etate, pe parcursul lunilor de iarn\u0103, primesc compensa\u021bii pentru gaz \u00een sum\u0103 de 1000 de lei \u2013 \u00een condi\u021biile cre\u0219terii tarifelor pentru servicii comunale.<\/p>\n<p>Datorit\u0103 grijii filantropului, sute de familii din ora\u0219ul nostru au reu\u0219it s\u0103 achite facturile pentru c\u0103ldur\u0103 \u0219i lumin\u0103, f\u0103r\u0103 ca s\u0103 r\u0103m\u00e2n\u0103 f\u0103r\u0103 surse de existen\u021b\u0103.<\/p>\n<p>V\u0103 asigur, \u00een Orhei, toate familiile vulnerabile, vor beneficia de sprijinul echipei noastre. Vom avea grij\u0103 ca fiecare orheian s\u0103 fie protejat \u0219i s\u0103 aib\u0103 un trai decent\u201d , a declarat Tatiana Cociu.<\/p>\n<p>TATIANA COCIU, primarul municipiului Orhei<\/p>\n<p>\u201dAdi\u021bional, persoanele noastre \u00een etate, pe parcursul lunilor de iarn\u0103, primesc compensa\u021bii pentru gaz \u00een sum\u0103 de 1000 de lei \u2013 \u00een condi\u021biile cre\u0219terii tarifelor pentru servicii comunale. Datorit\u0103 grijii filantropului, sute de familii din ora\u0219ul nostru au reu\u0219it s\u0103 achite facturile pentru c\u0103ldur\u0103 \u0219i lumin\u0103, f\u0103r\u0103 ca s\u0103 r\u0103m\u00e2n\u0103 f\u0103r\u0103 surse de existen\u021b\u0103.<\/p>\n<p>V\u0103 asigur, \u00een Orhei, toate familiile vulnerabile, vor beneficia de sprijinul echipei noastre. Vom avea grij\u0103 ca fiecare orheian s\u0103 fie protejat \u0219i s\u0103 aib\u0103 un trai decent.\u201d<\/p>\n<p>Pensionarii din cele trei raioane \u00eei mul\u021bumesc lui Ilan \u0218or pentru suplimentul oferit \u0219i afirm\u0103 c\u0103, f\u0103r\u0103 ace\u0219ti bani, nu \u00ee\u0219i pot imagina cum ar fi reu\u0219it s\u0103 fac\u0103 fa\u021b\u0103 cheltuielilor, av\u00e2nd \u00een vedere c\u0103 au ajuns s\u0103 lege tei de curmei, mai ales c\u0103 \u0219i compensa\u021biile acordate de guvernare sunt \u00eens\u0103 \u201do b\u0103taie de joc\u201d, mai spun oamenii.<\/p>\n<p>Am primit ajutor, \u00eei mul\u021bumesc foarte mult lui \u0218or, el m-a ajutat, nimeni altcineva nu a f\u0103cut-o \u00een felul acesta. Toat\u0103 bucuria mea e doar din partea lui. De la Sandu\u2026 Dumnezeu s-o p\u0103zeasc\u0103 acolo \u0219i s\u0103n\u0103tate ei. Dac\u0103 \u0219i-ar lua \u201ebagajul\u201d \u0219i ar pleca\u2026Valiza, Sandu \u2013 America\u2026<\/p>\n<p>F\u0103r\u0103 acest supliment de la \u0218or, ce a\u0219 fi f\u0103cut\u2026 Sandu mi-a dat 500 de lei la dou\u0103 familii, compensa\u021bii. Ce putem face noi cu 500 de lei? Fiul meu are soba lui, eu am soba mea, dar compensa\u021bii au dat doar la o ograd\u0103. Am luat 500 de lei? Asta e compensa\u021bie? Asta e b\u0103taie de joc!<\/p>\n<p>Bogdaproste Domnului, iat\u0103 am luat lemnele, dar a\u0219a, altfel\u2026 Iat\u0103 mi s-au terminat lemnele pe anul acesta \u0219i am mai luat c\u00e2teva.<\/p>\n<p>Bogdaproste de medicamente \u0219i de pu\u021bin\u0103 m\u00e2ncare, c\u0103 de altfel o s\u0103 murim de foame cu pensia lor care ne-o dau. Ne-au dat 700 de lei pe dou\u0103 gospod\u0103rii, copii \u0219i noi, 700 de lei ne-au dat compensa\u021bia. Ce faci cu 350? Iat\u0103 am dat 350 la copii \u0219i 350 mi-o r\u0103mas mie. Nou\u0103, ce s\u0103 facem noi?<\/p>\n<p>S\u0103-i dea Domnul s\u0103n\u0103tate lui \u0218or \u0219i familiei lui, \u0219i la tot partidul lui care ne ajut\u0103 pu\u021bin, altfel\u2026 pensia e mic\u0103, nici 3000 nu am, cu ce s\u0103 tr\u0103ie\u0219ti?<\/p>\n<p>M\u00e2ncarea e scump\u0103, mul\u021bi bani trebuie. Acum nu ajunge nici 4, nici 5000 la m\u00e2ncare, totul este scump. Te duci \u00een pia\u021b\u0103 cu 500 de lei \u0219i te \u00eentorci acas\u0103 cu nimic. Totul este foarte scump. Cum era \u00eenainte\u2026 noi am tr\u0103it \u00eentr-o alt\u0103 vreme. Atunci era bine, dar ce s\u0103 faci acum \u00een \u021bar\u0103? Oamenii mor de foame. Eu merg pe la b\u0103tr\u00e2ni, acolo este o s\u0103r\u0103cie adev\u0103rat\u0103. Nu le ajunge nici m\u0103car de cartofi. Statul ar trebui s\u0103 ajute. Dar ajut\u0103 Ilan \u0218or, de\u0219i banii ar trebui s\u0103 vin\u0103 de la stat. Am muncit 40 de ani, iar pensia mea este doar 649 de lei. Asta e normal?<\/p>\n<p>\u201d\u00cen fiecare diminea\u021b\u0103 fac un du\u0219 rece \u0219i \u00eemi amintesc de Sandu.\u201d Asta ne-a spus o pensionar\u0103 din Orhei, care s-a ar\u0103tat indignat\u0103 de indiferen\u021ba autorit\u0103\u021bilor. V\u00e2rstnicii \u00eei mul\u021bumesc lui Ilan \u0218or pentru ajutorul oferit.<\/p>\n<p>Sunt pensionar\u0103 cu dizabilitate. Banii pe care \u00eei primesc nu \u00eemi ajung. Stau \u00een frig, iar f\u0103r\u0103 acest supliment mi-ar fi \u0219i mai greu. Sincer v\u0103 zic. \u00cen fiecare diminea\u021b\u0103, f\u0103c\u00e2nd du\u0219, \u00eemi amintesc de Maia Sandu \u0219i \u00eei mul\u021bumesc ca de la o femeie. Ne sp\u0103l\u0103m \u00een ap\u0103 rece, iar pentru asta \u201dun mare mul\u021bumesc\u201d, \u00een frig, \u00eemi tremur\u0103 picioarele, \u00eemi tremur\u0103 m\u00e2inile.<\/p>\n<p>Ei parc\u0103 fac asta inten\u021bionat. Este o distrugere planificat\u0103 a noastr\u0103, a cet\u0103\u021benilor simpli. Dar tot ceea ce \u00eencearc\u0103 s\u0103 fac\u0103 Ilan \u0218or, ei \u00eencearc\u0103 s\u0103 distrug\u0103 din r\u0103d\u0103cin\u0103.<\/p>\n<p>Normal c\u0103 e foarte de folos \u0219i e la timp, fiindc\u0103 timpul de iarn\u0103<br \/>\nvede\u021bi c\u0103 e foarte geros \u0219i mul\u021bumesc din suflet, desigur c\u0103, altfel nu \u0219tiu cum ne-am descurca. Via\u021ba la noi, la Moldova e foarte grea, e foarte supid s\u0103 zicem a\u0219a \u0219i e greu, ce mai este de spus, e foarte greu \u0219i \u00eei mul\u021bumim frumos, din suflet lui Ilan Mironovici, s\u0103 fie s\u0103n\u0103tos \u0219i s\u0103 poat\u0103 ajuta!<\/p>\n<p>\u00cen G\u0103g\u0103uzia, aproximativ 30.000 de pensionari primesc, de asemenea, ajutorul financiar. Potrivit ba\u0219canului Evghenia Gu\u021bul, aceast\u0103 m\u0103sur\u0103 este necesar\u0103 mai ales acum, c\u00e2nd persoanele \u00een v\u00e2rst\u0103 se confrunt\u0103 cu multe probleme din cauza politicii incompetente a PAS.<\/p>\n<p>\u201d\u00cen timp ce autorit\u0103\u021bile centrale au abandonat de fapt cei mai vulnerabili oameni \u00eentr-un moment dificil, sprijinul din partea lui Ilan \u0218or a devenit o adev\u0103rat\u0103 salvare pentru oamenii no\u0219tri. \u00cempreun\u0103 construim un viitor mai bun pentru G\u0103g\u0103uzia.\u201d, a spus ba\u0219canul.<\/p>\n<p>EVGHENIA GU\u021aUL, ba\u0219canul autonomiei G\u0103g\u0103uze<\/p>\n<p>\u201d\u00cen timp ce autorit\u0103\u021bile centrale au abandonat de fapt cei mai vulnerabili oameni \u00eentr-un moment dificil, sprijinul din partea lui Ilan \u0218or a devenit o adev\u0103rat\u0103 salvare pentru oamenii no\u0219tri. \u00cempreun\u0103 construim un viitor mai bun pentru G\u0103g\u0103uzia.\u201d<\/p>\n<p>De asemene, de suplimentul de 2000 de lei la pensia au beneficiat \u0219i pensionarii din ora\u0219ul Taraclia, precum \u0219i din satul Cairaclia \u0219i comunele Bud\u0103i \u0219i Ceal\u00eec. Primarul ora\u0219ului Taraclia, Veaceslav Lupov, a declarat c\u0103 datorit\u0103 ajutorului oferit de Ilan \u015eor, pensionarii sunt capabili s\u0103-\u0219i gestioneze nevoile \u0219i cerin\u021bele de baz\u0103.<\/p>\n<p>La r\u00e2ndul s\u0103u, liderul Blocului \u201dVictorie\u201d, Ilan \u0218or a declarat c\u0103 va continua s\u0103 lupte ca s\u0103 asigure o via\u021b\u0103 mai bun\u0103 pentru pensionarii moldoveni, promi\u021b\u00e2nd s\u0103 extind\u0103 asisten\u021ba \u0219i \u00een alte localit\u0103\u021bi.\u00a0 \u201dLucr\u0103m neobosit pentru a oferi \u00eengrijire, respect \u0219i sprijin real pensionarilor din G\u0103g\u0103uzia, Orhei \u0219i Taraclia.<\/p>\n<p>Sunt convins c\u0103 absolut to\u021bi b\u0103tr\u00e2nii din Moldova trebuie s\u0103 beneficieze de o astfel de asisten\u021b\u0103\u201d\u00a0 a declarat liderul blocului Victorie.<\/p>\n<p>ILAN \u0218OR, liderul Blocului \u201dVictorie\u201d<\/p>\n<p>\u201dLucr\u0103m neobosit pentru a oferi \u00eengrijire, respect \u0219i sprijin real pensionarilor din G\u0103g\u0103uzia, Orhei \u0219i Taraclia. Sunt convins c\u0103 absolut to\u021bi b\u0103tr\u00e2nii din Moldova trebuie s\u0103 beneficieze de o astfel de asisten\u021b\u0103.\u201d<\/p>\n<p>\u021ainem s\u0103 preciz\u0103m c\u0103, suportul a fost lansat de Ilan \u0218or \u00een prim\u0103vara anului trecut. Astfel, mii de oameni beneficiaz\u0103 s\u0103 compensa\u021bia de 2 mii de lei, la pensie. Num\u0103rul beneficiarilor continu\u0103 s\u0103 creasc\u0103. De asemenea, \u00een acest sezon de \u00eenc\u0103lzire, Ilan \u0218or a \u00eenceput acordarea de compensa\u021bii de 1000 de lei gospod\u0103riilor cu venituri mici, pentru resursele energetice.<\/p>\n<p>\u00cen campania electoral\u0103 de acum patru ani, Maia Sandu a promis majorarea pensiilor, lucru care nu a fost realizat. \u00cen loc de 2000 de lei, a\u0219a cum a f\u0103g\u0103duit \u0219efa statului, pensionarii s-au ales doar cu un adaos de circa 200 de lei. Chiar \u0219i ace\u0219ti bani nu au fost acorda\u021bi tuturor v\u00e2rstnicilor, ci doar celor care au stagiu complet de cotizare. Astfel, \u00een prezent, \u00een Moldova exist\u0103 pensionari care primesc o pensie mai mic\u0103 de 2.000 de lei.<\/p>\n<\/div>\n","protected":false},"excerpt":{"rendered":"<div><img loading=\"lazy\" decoding=\"async\" width=\"696\" height=\"388\" src=\"https:\/\/canal5.md\/wp-content\/uploads\/2023\/12\/ilan-sor-1-1024x571-optimized.webp\" class=\"attachment-large size-large wp-post-image\" alt=\"\" srcset=\"https:\/\/canal5.md\/wp-content\/uploads\/2023\/12\/ilan-sor-1-1024x571-optimized.webp 1024w, https:\/\/canal5.md\/wp-content\/uploads\/2023\/12\/ilan-sor-1-300x167-optimized.webp 300w, https:\/\/canal5.md\/wp-content\/uploads\/2023\/12\/ilan-sor-1-768x428-optimized.webp 768w, https:\/\/canal5.md\/wp-content\/uploads\/2023\/12\/ilan-sor-1-696x388-optimized.webp 696w, https:\/\/canal5.md\/wp-content\/uploads\/2023\/12\/ilan-sor-1-1068x595-optimized.webp 1068w, https:\/\/canal5.md\/wp-content\/uploads\/2023\/12\/ilan-sor-1-jpg-optimized.webp 1080w\">\u00cen aceste vremuri grele, c\u00e2nd pre\u021burile la resursele energetice au crescut vertiginos din cauza politicilor partidului PAS, aflat la guvernare, mii de b\u0103tr\u00e2ni din Orhei, G\u0103g\u0103uzia \u0219i Taraclia au primit \u00eenc\u0103 un supliment la pensie \u00een valoare de 2000 de lei, datorit\u0103 ini\u021biativei liderului Blocului \u201dVictorie\u201d, Ilan \u0218or. \u00cen ciuda \u00eencerc\u0103rilor celor din PAS de [\u2026]<\/div>\n","protected":false},"author":1,"featured_media":67084,"comment_status":"closed","ping_status":"closed","sticky":false,"template":"","format":"standard","meta":{"jnews-multi-image_gallery":[],"jnews_single_post":[],"jnews_primary_category":[],"jnews_social_meta":[],"jnews_override_counter":[],"footnotes":""},"categories":[30],"tags":[],"class_list":["post-67083","post","type-post","status-publish","format-standard","has-post-thumbnail","hentry","category-social_ro"],"_links":{"self":[{"href":"https:\/\/orheifm.live\/index.php\/wp-json\/wp\/v2\/posts\/67083","targetHints":{"allow":["GET"]}}],"collection":[{"href":"https:\/\/orheifm.live\/index.php\/wp-json\/wp\/v2\/posts"}],"about":[{"href":"https:\/\/orheifm.live\/index.php\/wp-json\/wp\/v2\/types\/post"}],"author":[{"embeddable":true,"href":"https:\/\/orheifm.live\/index.php\/wp-json\/wp\/v2\/users\/1"}],"replies":[{"embeddable":true,"href":"https:\/\/orheifm.live\/index.php\/wp-json\/wp\/v2\/comments?post=67083"}],"version-history":[{"count":0,"href":"https:\/\/orheifm.live\/index.php\/wp-json\/wp\/v2\/posts\/67083\/revisions"}],"wp:featuredmedia":[{"embeddable":true,"href":"https:\/\/orheifm.live\/index.php\/wp-json\/wp\/v2\/media\/67084"}],"wp:attachment":[{"href":"https:\/\/orheifm.live\/index.php\/wp-json\/wp\/v2\/media?parent=67083"}],"wp:term":[{"taxonomy":"category","embeddable":true,"href":"https:\/\/orheifm.live\/index.php\/wp-json\/wp\/v2\/categories?post=67083"},{"taxonomy":"post_tag","embeddable":true,"href":"https:\/\/orheifm.live\/index.php\/wp-json\/wp\/v2\/tags?post=67083"}],"curies":[{"name":"wp","href":"https:\/\/api.w.org\/{rel}","templated":true}]}}