{"id":67081,"date":"2025-02-13T21:36:29","date_gmt":"2025-02-13T19:36:29","guid":{"rendered":"https:\/\/orheifm.live\/index.php\/2025\/02\/13\/tiraspolul-indeplineste-o-alta-conditie-a-guvernului-moldovei-demontarea-posturilor-de-control-in-zona-de-securitate-video\/"},"modified":"2025-02-13T21:36:29","modified_gmt":"2025-02-13T19:36:29","slug":"tiraspolul-indeplineste-o-alta-conditie-a-guvernului-moldovei-demontarea-posturilor-de-control-in-zona-de-securitate-video","status":"publish","type":"post","link":"https:\/\/orheifm.live\/index.php\/2025\/02\/13\/tiraspolul-indeplineste-o-alta-conditie-a-guvernului-moldovei-demontarea-posturilor-de-control-in-zona-de-securitate-video\/","title":{"rendered":"Tiraspolul \u00eendepline\u0219te o alt\u0103 condi\u021bie a Guvernului Moldovei: demontarea posturilor de control \u00een Zona de Securitate |VIDEO"},"content":{"rendered":"<div>\n<p><strong>Tiraspolul a \u00eenceput procesul de demontare a posturilor de control instalate \u00een Zona de Securitate. Reprezentan\u021bii regiunii transnistrene \u00een Comisia Unificat\u0103 de Control au comunicat despre reducerea num\u0103rului acestora \u00een cadrul \u0219edin\u021bei structurii. <\/strong><br \/>\n<iframe loading=\"lazy\" title=\"YouTube video player\" src=\"https:\/\/www.youtube.com\/embed\/sZMZLSHB9aY?si=6UDz2B4RZFKSUucJ\" width=\"560\" height=\"315\" frameborder=\"0\" allowfullscreen=\"allowfullscreen\"><\/iframe><br \/>\nInforma\u021bia urmeaz\u0103 a fi verificat\u0103 \u00een teren de c\u0103tre observatorii militari din cadrul For\u021belor Mixte de Men\u021binere a P\u0103cii care se vor deplasa conform rutelor planificate \u0219i vor prezenta rapoarte detaliate. Preciz\u0103m c\u0103, scoaterea posturilor de control a fost una din condi\u021biile impuse de Chi\u0219in\u0103u \u0219i UE pentru ca regiunea transnistrean\u0103 s\u0103 fie asigurat\u0103 cu gaze naturale, dup\u0103 ce Rusia a sistat livr\u0103rile de la 1 ianuarie.<\/p>\n<p>Alte condi\u021bii au fost eliberarea de\u021binu\u021bilor politici, rezolvarea problemei liceului din R\u00eebni\u021ba \u0219i p\u0103strarea televiziunii publice moldovene\u0219ti \u00een gril\u0103. Totu\u0219i, \u00een loc de de\u021binu\u021bi politici se elibereaz\u0103 trafican\u021bi de droguri. Mar\u021bi, 11 februarie, autorit\u0103\u021bile de la Tiraspol l- au eliberat pe Anton Mal\u00ee\u0219ev, traficant de stupefiante, condamnat la 8 ani de \u00eenchisoare.<\/p>\n<p>Dup\u0103 ce a ie\u0219it de dup\u0103 gratii, acesta a fost imediat re\u021binut de poli\u021bi\u0219tii moldoveni pentru o infrac\u021biune similar\u0103, comis\u0103 pe teritoriul \u021b\u0103rii. Avocatul Promo-LEX, Vadim Vieru a recunoscut c\u0103 ceea ce s-a \u00eent\u00e2mplat \u00een acest caz a fost o criz\u0103 de comunicare, lucru ce trebuie recunoscut.<\/p>\n<\/div>\n","protected":false},"excerpt":{"rendered":"<div><img decoding=\"async\" width=\"696\" height=\"372\" src=\"https:\/\/canal5.md\/wp-content\/uploads\/2025\/02\/blob-11-1-1024x548-optimized.jpg\" class=\"attachment-large size-large wp-post-image\" alt=\"\" loading=\"lazy\" srcset=\"https:\/\/canal5.md\/wp-content\/uploads\/2025\/02\/blob-11-1-1024x548-optimized.jpg 1024w, https:\/\/canal5.md\/wp-content\/uploads\/2025\/02\/blob-11-1-300x161-optimized.jpg 300w, https:\/\/canal5.md\/wp-content\/uploads\/2025\/02\/blob-11-1-768x411-optimized.jpg 768w, https:\/\/canal5.md\/wp-content\/uploads\/2025\/02\/blob-11-1-696x373-optimized.jpg 696w, https:\/\/canal5.md\/wp-content\/uploads\/2025\/02\/blob-11-1-1068x572-optimized.jpg 1068w, https:\/\/canal5.md\/wp-content\/uploads\/2025\/02\/blob-11-1-optimized.jpg 1098w\">Tiraspolul a \u00eenceput procesul de demontare a posturilor de control instalate \u00een Zona de Securitate. Reprezentan\u021bii regiunii transnistrene \u00een Comisia Unificat\u0103 de Control au comunicat despre reducerea num\u0103rului acestora \u00een cadrul \u0219edin\u021bei structurii. Informa\u021bia urmeaz\u0103 a fi verificat\u0103 \u00een teren de c\u0103tre observatorii militari din cadrul For\u021belor Mixte de Men\u021binere a P\u0103cii care se vor [\u2026]<\/div>\n","protected":false},"author":1,"featured_media":67082,"comment_status":"closed","ping_status":"closed","sticky":false,"template":"","format":"standard","meta":{"jnews-multi-image_gallery":[],"jnews_single_post":[],"jnews_primary_category":[],"jnews_social_meta":[],"jnews_override_counter":[],"footnotes":""},"categories":[30],"tags":[],"class_list":["post-67081","post","type-post","status-publish","format-standard","has-post-thumbnail","hentry","category-social_ro"],"_links":{"self":[{"href":"https:\/\/orheifm.live\/index.php\/wp-json\/wp\/v2\/posts\/67081","targetHints":{"allow":["GET"]}}],"collection":[{"href":"https:\/\/orheifm.live\/index.php\/wp-json\/wp\/v2\/posts"}],"about":[{"href":"https:\/\/orheifm.live\/index.php\/wp-json\/wp\/v2\/types\/post"}],"author":[{"embeddable":true,"href":"https:\/\/orheifm.live\/index.php\/wp-json\/wp\/v2\/users\/1"}],"replies":[{"embeddable":true,"href":"https:\/\/orheifm.live\/index.php\/wp-json\/wp\/v2\/comments?post=67081"}],"version-history":[{"count":0,"href":"https:\/\/orheifm.live\/index.php\/wp-json\/wp\/v2\/posts\/67081\/revisions"}],"wp:featuredmedia":[{"embeddable":true,"href":"https:\/\/orheifm.live\/index.php\/wp-json\/wp\/v2\/media\/67082"}],"wp:attachment":[{"href":"https:\/\/orheifm.live\/index.php\/wp-json\/wp\/v2\/media?parent=67081"}],"wp:term":[{"taxonomy":"category","embeddable":true,"href":"https:\/\/orheifm.live\/index.php\/wp-json\/wp\/v2\/categories?post=67081"},{"taxonomy":"post_tag","embeddable":true,"href":"https:\/\/orheifm.live\/index.php\/wp-json\/wp\/v2\/tags?post=67081"}],"curies":[{"name":"wp","href":"https:\/\/api.w.org\/{rel}","templated":true}]}}