{"id":67079,"date":"2025-02-13T21:30:44","date_gmt":"2025-02-13T19:30:44","guid":{"rendered":"https:\/\/orheifm.live\/index.php\/2025\/02\/13\/rusia-critica-decizia-moldovei-de-a-inchide-centrul-rus-de-stiinta-si-cultura-acuzand-o-ruptura-a-legaturilor-traditionale-video\/"},"modified":"2025-02-13T21:30:44","modified_gmt":"2025-02-13T19:30:44","slug":"rusia-critica-decizia-moldovei-de-a-inchide-centrul-rus-de-stiinta-si-cultura-acuzand-o-ruptura-a-legaturilor-traditionale-video","status":"publish","type":"post","link":"https:\/\/orheifm.live\/index.php\/2025\/02\/13\/rusia-critica-decizia-moldovei-de-a-inchide-centrul-rus-de-stiinta-si-cultura-acuzand-o-ruptura-a-legaturilor-traditionale-video\/","title":{"rendered":"Rusia critic\u0103 decizia Moldovei de a \u00eenchide Centrul Rus de \u0218tiin\u021b\u0103 \u0219i Cultur\u0103, acuz\u00e2nd o ruptur\u0103 a leg\u0103turilor tradi\u021bionale |VIDEO"},"content":{"rendered":"<div>\n<p><strong>Chi\u0219in\u0103ul continu\u0103 s\u0103 agraveze tensiunile \u0219i s\u0103 rup\u0103 leg\u0103turile tradi\u021bionale cu Rusia, potrivit unei declara\u021bii a Ambasadei Federa\u021biei Ruse \u00een leg\u0103tur\u0103 cu decizia Moldovei de a \u00eenchide Centrul Rus de \u0218tiin\u021b\u0103 \u0219i Cultur\u0103, drept r\u0103spuns la c\u0103derea a dou\u0103 drone, orininea c\u0103rora nu a fost stabilit\u0103 \u00eenc\u0103. <\/strong><br \/>\n<iframe loading=\"lazy\" title=\"YouTube video player\" src=\"https:\/\/www.youtube.com\/embed\/JheeMu-sIpo?si=apwYujgL9i1UrTfq\" width=\"560\" height=\"315\" frameborder=\"0\" allowfullscreen=\"allowfullscreen\"><\/iframe><br \/>\nAmbasada a criticat aceast\u0103 ac\u021biune, consider\u00e2nd-o un \u201epas cinic\u201d care ignor\u0103 interesele unui num\u0103r mare de cet\u0103\u021beni moldoveni, inclusiv tineretul care vrea s\u0103 \u00eenve\u021be limba \u0219i cultura rus\u0103.<\/p>\n<p>De asemenea, Ambasada atrage aten\u021bia autorit\u0103\u021bilor moldovene\u0219ti asupra unei condi\u021bii prev\u0103zute \u00een Acord, care stipuleaz\u0103 prelungirea automat\u0103 a acestuia pe o perioad\u0103 de cinci ani, perioada actual\u0103 urm\u00e2nd s\u0103 expire \u00een 2026.<\/p>\n<p>\u00cen acest context, se subliniaz\u0103 importan\u021ba respect\u0103rii articolului 17 din document, conform c\u0103ruia p\u0103r\u021bile trebuie s\u0103 se notifice reciproc \u00een scris cu cel pu\u021bin \u0219ase luni \u00eenainte de expirarea perioadei relevante despre inten\u021bia de a rezilia \u00een\u021belegerea. De asemenea, se men\u021bioneaz\u0103 c\u0103, p\u00e2n\u0103 \u00een prezent, Rusia nu a primit o astfel de notificare.<\/p>\n<\/div>\n","protected":false},"excerpt":{"rendered":"<div><img loading=\"lazy\" decoding=\"async\" width=\"480\" height=\"320\" src=\"https:\/\/canal5.md\/wp-content\/uploads\/2025\/02\/i-1-1-optimized.webp\" class=\"attachment-large size-large wp-post-image\" alt=\"\" srcset=\"https:\/\/canal5.md\/wp-content\/uploads\/2025\/02\/i-1-1-optimized.webp 480w, https:\/\/canal5.md\/wp-content\/uploads\/2025\/02\/i-1-1-300x200-optimized.webp 300w\">Chi\u0219in\u0103ul continu\u0103 s\u0103 agraveze tensiunile \u0219i s\u0103 rup\u0103 leg\u0103turile tradi\u021bionale cu Rusia, potrivit unei declara\u021bii a Ambasadei Federa\u021biei Ruse \u00een leg\u0103tur\u0103 cu decizia Moldovei de a \u00eenchide Centrul Rus de \u0218tiin\u021b\u0103 \u0219i Cultur\u0103, drept r\u0103spuns la c\u0103derea a dou\u0103 drone, orininea c\u0103rora nu a fost stabilit\u0103 \u00eenc\u0103. Ambasada a criticat aceast\u0103 ac\u021biune, consider\u00e2nd-o un \u201epas [\u2026]<\/div>\n","protected":false},"author":1,"featured_media":67080,"comment_status":"closed","ping_status":"closed","sticky":false,"template":"","format":"standard","meta":{"jnews-multi-image_gallery":[],"jnews_single_post":[],"jnews_primary_category":[],"jnews_social_meta":[],"jnews_override_counter":[],"footnotes":""},"categories":[29],"tags":[],"class_list":["post-67079","post","type-post","status-publish","format-standard","has-post-thumbnail","hentry","category-externe_ro"],"_links":{"self":[{"href":"https:\/\/orheifm.live\/index.php\/wp-json\/wp\/v2\/posts\/67079","targetHints":{"allow":["GET"]}}],"collection":[{"href":"https:\/\/orheifm.live\/index.php\/wp-json\/wp\/v2\/posts"}],"about":[{"href":"https:\/\/orheifm.live\/index.php\/wp-json\/wp\/v2\/types\/post"}],"author":[{"embeddable":true,"href":"https:\/\/orheifm.live\/index.php\/wp-json\/wp\/v2\/users\/1"}],"replies":[{"embeddable":true,"href":"https:\/\/orheifm.live\/index.php\/wp-json\/wp\/v2\/comments?post=67079"}],"version-history":[{"count":0,"href":"https:\/\/orheifm.live\/index.php\/wp-json\/wp\/v2\/posts\/67079\/revisions"}],"wp:featuredmedia":[{"embeddable":true,"href":"https:\/\/orheifm.live\/index.php\/wp-json\/wp\/v2\/media\/67080"}],"wp:attachment":[{"href":"https:\/\/orheifm.live\/index.php\/wp-json\/wp\/v2\/media?parent=67079"}],"wp:term":[{"taxonomy":"category","embeddable":true,"href":"https:\/\/orheifm.live\/index.php\/wp-json\/wp\/v2\/categories?post=67079"},{"taxonomy":"post_tag","embeddable":true,"href":"https:\/\/orheifm.live\/index.php\/wp-json\/wp\/v2\/tags?post=67079"}],"curies":[{"name":"wp","href":"https:\/\/api.w.org\/{rel}","templated":true}]}}