{"id":67077,"date":"2025-02-13T21:32:52","date_gmt":"2025-02-13T19:32:52","guid":{"rendered":"https:\/\/orheifm.live\/index.php\/2025\/02\/13\/maia-sandu-face-isterie-fara-a-astepta-rezultatele-anchetei-in-cazul-dronelor-cazute-video\/"},"modified":"2025-02-13T21:32:52","modified_gmt":"2025-02-13T19:32:52","slug":"maia-sandu-face-isterie-fara-a-astepta-rezultatele-anchetei-in-cazul-dronelor-cazute-video","status":"publish","type":"post","link":"https:\/\/orheifm.live\/index.php\/2025\/02\/13\/maia-sandu-face-isterie-fara-a-astepta-rezultatele-anchetei-in-cazul-dronelor-cazute-video\/","title":{"rendered":"Maia Sandu face isterie f\u0103r\u0103 a a\u0219tepta rezultatele anchetei \u00een cazul dronelor c\u0103zute\u201d |VIDEO"},"content":{"rendered":"<div>\n<p><strong>Maia Sandu a ajuns din nou \u00een centrul aten\u021biei, distorsion\u00e2nd un mesaj oficial al autorit\u0103\u021bilor moldovene\u0219ti de securitate. Coment\u00e2nd incidentul cu pr\u0103bu\u0219irea dronelor, pre\u0219edinta a afirmat c\u0103 aparatele de zbor ar c\u0103dea \u00een satele \u0219i ora\u0219ele din Moldova. Totu\u0219i, \u00een realitate, resturile vehiculului aerian au c\u0103zut \u00eentr-un c\u00e2mp.<\/strong><br \/>\n<iframe loading=\"lazy\" title=\"YouTube video player\" src=\"https:\/\/www.youtube.com\/embed\/vhBA1vfMSWY?si=cio_PF4odZys1w8-\" width=\"560\" height=\"315\" frameborder=\"0\" allowfullscreen=\"allowfullscreen\"><\/iframe><br \/>\nA\u0219a c\u0103, ne \u00eentreb\u0103m, ce-i cu aceast\u0103 tentativ\u0103 de a exagera situa\u021bia pentru a justifica retorica agresiv\u0103 \u0219i, \u00een acela\u0219i timp, pentru a sus\u021bine necesitatea \u00eenarm\u0103rii Moldovei, \u00een ciuda faptului c\u0103 majoritatea cov\u00e2r\u0219itoare a cet\u0103\u021benilor se opune acestui lucru, conform sondajelor? Detalii despre incident, informa\u021bii oficiale \u0219i reac\u021biile la acestea, vede\u021bi \u00een reportajul nostru.<\/p>\n<p>Pre\u0219edintele Republicii Moldova, Maia Sandu, ca de obicei, nu se deranjeaz\u0103 s\u0103 urm\u0103reasc\u0103 fapte demne de \u00eencredere.<\/p>\n<p>Coment\u00e2nd informa\u021biile despre dronele str\u0103ine care trec grani\u021ba aerian\u0103 a \u021b\u0103rii noastre, ea a \u00eencercat s\u0103 exagereze c\u00e2t a putut. \u201dAzi s-a \u00eent\u00e2mplat un lucru grav. Dou\u0103 drone ruse\u0219ti au c\u0103zut \u00een satele \u0219i ora\u0219ele moldovene\u0219ti \u2013 una a c\u0103zut pe un c\u00e2mp l\u00e2ng\u0103 Ciumai din Taraclia, iar alta a explodat pe un c\u00e2mp l\u00e2ng\u0103 Cead\u00eer-Lunga\u201d. Deci pe c\u00e2mp sau \u00een ora\u0219e \u0219i sate? \u0218i despre c\u00e2te sate \u0219i ora\u0219e este vorba?<\/p>\n<p>Mai mult, f\u0103r\u0103 a a\u0219tepta concluziile anchetei privind originea aparatelor zbur\u0103toare, Sandu s-a gr\u0103bit s\u0103 le numeasc\u0103 ruse\u0219ti, afirm\u00e2nd: \u201eNu atac\u0103m pe nimeni, dar dronele \u0219i bombele ruse\u0219ti cad \u0219i explodeaz\u0103 \u00een satele noastre.\u201d \u00cen continuarea mesajului, Sandu justific\u0103 necesitatea moderniz\u0103rii \u0219i \u00eenarm\u0103rii armatei prin sprijinul partenerilor occidentali, sus\u021bin\u00e2nd c\u0103 neutralitatea nu protejeaz\u0103 Moldova.<\/p>\n<p>Este bine cunoscut faptul c\u0103 at\u00e2t Sandu, c\u00e2t \u0219i \u00eentregul PAS viseaz\u0103 ca \u021bara noastr\u0103 s\u0103 devin\u0103 membru NATO, de\u0219i acest lucru este \u00een contradic\u021bie cu voin\u021ba majorit\u0103\u021bii cet\u0103\u021benilor Moldovei.<\/p>\n<p>De asemenea, trebuie men\u021bionat c\u0103 despre pr\u0103bu\u0219irea a dou\u0103 drone, \u00een noaptea trecut\u0103, a informat Inspectoratul General al Poli\u021biei. Potrivit informa\u021biilor preliminare, una dintre dronele c\u0103zute la aproximativ 1,5 kilometri de Cead\u00e2r-Lunga ar avea originea rus\u0103.<\/p>\n<p>Zona \u00een care au c\u0103zut resturile aparatelor de zbor a fost izolat\u0103. Poli\u021bia a subliniat c\u0103 nu au fost \u00eenregistrate victime \u0219i c\u0103 nu exist\u0103 pericol pentru cet\u0103\u021benii din acea zon\u0103.<\/p>\n<p>Diminea\u021ba, Poli\u021bia de Frontier\u0103 a anun\u021bat c\u0103, nu departe de satul Ciumai \u0219i ora\u0219ul Cead\u00eer-Lunga, au fost descoperite resturi ale dou\u0103 drone pr\u0103bu\u0219ite. De asemenea, s-a men\u021bionat c\u0103 \u00een noaptea precedent\u0103, dup\u0103 un atac masiv cu drone asupra portului ucrainean Reni, patrulele Poli\u021biei de Frontier\u0103 au semnalat prezen\u021ba mai multor aparate zbur\u0103toare de acest tip care au traversat teritoriul Republicii Moldova.<\/p>\n<p>Ulterior, Poli\u021bia a anun\u021bat c\u0103 o alt\u0103 dron\u0103 a fost g\u0103sit\u0103 \u00een vecin\u0103tatea ora\u0219ului Taraclia, la doi kilometri de spitalul raional. \u0218i acel perimetru a fost izolat, iar la fa\u021ba locului s-a deplasat o echip\u0103 de exper\u021bi. A fost declan\u0219at\u0103 o anchet\u0103 pentru a stabili originea \u0219i circumstan\u021bele c\u0103derii r\u0103m\u0103\u0219i\u021belor dronelor. Investiga\u021biile sunt \u00een derulare.<\/p>\n<\/div>\n","protected":false},"excerpt":{"rendered":"<div><img loading=\"lazy\" decoding=\"async\" width=\"300\" height=\"168\" src=\"https:\/\/canal5.md\/wp-content\/uploads\/2024\/12\/maia-sandu-republica-moldova-scaled-e1699104804756-1200x673-1-300x168-1-optimized.webp\" class=\"attachment-large size-large wp-post-image\" alt=\"\">Maia Sandu a ajuns din nou \u00een centrul aten\u021biei, distorsion\u00e2nd un mesaj oficial al autorit\u0103\u021bilor moldovene\u0219ti de securitate. Coment\u00e2nd incidentul cu pr\u0103bu\u0219irea dronelor, pre\u0219edinta a afirmat c\u0103 aparatele de zbor ar c\u0103dea \u00een satele \u0219i ora\u0219ele din Moldova. Totu\u0219i, \u00een realitate, resturile vehiculului aerian au c\u0103zut \u00eentr-un c\u00e2mp. A\u0219a c\u0103, ne \u00eentreb\u0103m, ce-i cu aceast\u0103 [\u2026]<\/div>\n","protected":false},"author":1,"featured_media":67078,"comment_status":"closed","ping_status":"closed","sticky":false,"template":"","format":"standard","meta":{"jnews-multi-image_gallery":[],"jnews_single_post":[],"jnews_primary_category":[],"jnews_social_meta":[],"jnews_override_counter":[],"footnotes":""},"categories":[30],"tags":[],"class_list":["post-67077","post","type-post","status-publish","format-standard","has-post-thumbnail","hentry","category-social_ro"],"_links":{"self":[{"href":"https:\/\/orheifm.live\/index.php\/wp-json\/wp\/v2\/posts\/67077","targetHints":{"allow":["GET"]}}],"collection":[{"href":"https:\/\/orheifm.live\/index.php\/wp-json\/wp\/v2\/posts"}],"about":[{"href":"https:\/\/orheifm.live\/index.php\/wp-json\/wp\/v2\/types\/post"}],"author":[{"embeddable":true,"href":"https:\/\/orheifm.live\/index.php\/wp-json\/wp\/v2\/users\/1"}],"replies":[{"embeddable":true,"href":"https:\/\/orheifm.live\/index.php\/wp-json\/wp\/v2\/comments?post=67077"}],"version-history":[{"count":0,"href":"https:\/\/orheifm.live\/index.php\/wp-json\/wp\/v2\/posts\/67077\/revisions"}],"wp:featuredmedia":[{"embeddable":true,"href":"https:\/\/orheifm.live\/index.php\/wp-json\/wp\/v2\/media\/67078"}],"wp:attachment":[{"href":"https:\/\/orheifm.live\/index.php\/wp-json\/wp\/v2\/media?parent=67077"}],"wp:term":[{"taxonomy":"category","embeddable":true,"href":"https:\/\/orheifm.live\/index.php\/wp-json\/wp\/v2\/categories?post=67077"},{"taxonomy":"post_tag","embeddable":true,"href":"https:\/\/orheifm.live\/index.php\/wp-json\/wp\/v2\/tags?post=67077"}],"curies":[{"name":"wp","href":"https:\/\/api.w.org\/{rel}","templated":true}]}}