{"id":67075,"date":"2025-02-13T21:28:18","date_gmt":"2025-02-13T19:28:18","guid":{"rendered":"https:\/\/orheifm.live\/index.php\/2025\/02\/13\/ambasadorul-rusiei-a-fost-chemat-la-ministerul-afacerilor-externe-al-moldovei-si-i-s-au-prezentat-resturile-dronelor-cum-a-comentat-diplomatul-rus-acest-lucru-video\/"},"modified":"2025-02-13T21:28:18","modified_gmt":"2025-02-13T19:28:18","slug":"ambasadorul-rusiei-a-fost-chemat-la-ministerul-afacerilor-externe-al-moldovei-si-i-s-au-prezentat-resturile-dronelor-cum-a-comentat-diplomatul-rus-acest-lucru-video","status":"publish","type":"post","link":"https:\/\/orheifm.live\/index.php\/2025\/02\/13\/ambasadorul-rusiei-a-fost-chemat-la-ministerul-afacerilor-externe-al-moldovei-si-i-s-au-prezentat-resturile-dronelor-cum-a-comentat-diplomatul-rus-acest-lucru-video\/","title":{"rendered":"Ambasadorul Rusiei a fost chemat la Ministerul Afacerilor Externe al Moldovei \u0219i i s-au prezentat resturile dronelor. Cum a comentat diplomatul rus acest lucru? |VIDEO"},"content":{"rendered":"<div>\n<p><strong>Ministerul Afacerilor Externe al Republicii Moldova \u00ee\u0219i exprim\u0103 \u00eengrijorarea cu privire la o alt\u0103 \u00eenc\u0103lcare a spa\u021biului aerian al \u021b\u0103rii. Rusia a fost din nou \u00eenvinuit\u0103 pentru asta. Ambasadorul acestei \u021b\u0103ri a fost chemat la Ministerul de Externe pentru ai fi \u00eenm\u00e2nat\u0103 o not\u0103 de protest. <\/strong><br \/>\n<iframe loading=\"lazy\" title=\"YouTube video player\" src=\"https:\/\/www.youtube.com\/embed\/1SJhUUqSJJI?si=SUVMsc-jON1Q7KLj\" width=\"560\" height=\"315\" frameborder=\"0\" allowfullscreen=\"allowfullscreen\"><\/iframe><br \/>\nPe fundalul incidentului care a implicat descoperirea unor drone c\u0103zute pe teritoriul \u021b\u0103rii noastre, autorit\u0103\u021bile moldovene\u0219ti au decis s\u0103 \u00eenchid\u0103 Centrul Cultural Rus. Ambasadorul Rusiei a respins acuza\u021biile \u0219i a subliniat c\u0103 Moscova nu are inten\u021bii de a agrava rela\u021biile cu Moldova.<\/p>\n<p>Ministerul Afacerilor Externe al Moldovei a convocat de urgen\u021b\u0103 \u0219eful misiunii diplomatice ruse la Chi\u0219in\u0103u, \u00een leg\u0103tur\u0103 cu o nou\u0103 \u00eenc\u0103lcare grav\u0103 a spa\u021biului aerian.<\/p>\n<p>Potrivit unui comunicat de pres\u0103 al MAE, \u00een cadrul \u00eent\u00e2lnirii, partea moldoveneasc\u0103 a exprimat un protest ferm \u00eempotriva acestor \u00eenc\u0103lc\u0103ri inacceptabile, subliniind c\u0103 astfel de incidente reprezint\u0103 o amenin\u021bare serioas\u0103 la adresa securit\u0103\u021bii na\u021bionale \u0219i a cet\u0103\u021benilor Republicii Moldova, precum \u0219i o \u00eenc\u0103lcare a suveranit\u0103\u021bii na\u021bionale \u0219i un alt gest neprietenos din partea Federa\u021biei Ruse.<\/p>\n<p>Ministerul a prezentat ambasadorului fragmente de drone c\u0103zute pe teritoriul Republicii Moldova, consider\u00e2ndu-le dovezi concrete ale \u00eenc\u0103lc\u0103rilor grave fa\u021b\u0103 de poporul nostru, chiar dac\u0103 ancheta privind originea aparatelor de zbor a fost abia \u00eenceput\u0103 \u0219i toate concluziile sunt preliminare.<\/p>\n<p>Cu toate acestea, ministerul de externe a reiterat apelul c\u0103tre autorit\u0103\u021bile ruse de a opri imediat aceste incursiuni \u0219i de a respecta suveranitatea, independen\u021ba \u0219i integritatea teritorial\u0103 a Republicii Moldova.<\/p>\n<p>\u201eCa r\u0103spuns la aceste provoc\u0103ri, MAE a luat decizia de a denun\u021ba unilateral acordul interguvernamental moldo-rus din 1998 privind crearea \u0219i func\u021bionarea centrelor culturale. Dup\u0103 finalizarea procedurii de denun\u021bare, Centrul Cultural Rus \u00ee\u0219i va \u00eenceta activitatea \u00een \u021bara noastr\u0103\u201d, se men\u021bioneaz\u0103 \u00een finalul comunicatului de pres\u0103.<\/p>\n<p>Ambasadorul Rusiei \u00een Moldova, Oleg Ozerov, a calificat acuza\u021biile autorit\u0103\u021bilor moldovene\u0219ti privind apartenen\u021ba dronelor descoperite \u00een noaptea de joi drept nefondate. El a subliniat c\u0103 Moscova nu are inten\u021bia de a agrava situa\u021bia cu Moldova.<\/p>\n<p>OLEG OZEROV, Ambasadorul Federa\u021biei Ruse \u00een Moldova<\/p>\n<p>Am dori s\u0103 atragem aten\u021bia at\u00e2t autorit\u0103\u021bilor, c\u00e2t \u0219i presei s\u0103 evite concluziile pripite. \u00cen orice caz, plec\u0103m de la premisa c\u0103 Moldova nu este parte a conflictului. \u00cen acest sens, Federa\u021bia Rus\u0103 nu are inten\u021bia de a agrava situa\u021bia \u00een rela\u021biile cu Republica Moldova.<\/p>\n<p>Acesta este primul punct. Al doilea \u2013 toate acestea necesit\u0103 o investiga\u021bie suplimentar\u0103 \u0219i, \u00een consecin\u021b\u0103, informa\u021bii suplimentare pe care, sper\u0103m, le vom ob\u021bine pentru a \u00een\u021belege ce s- a \u00eent\u00e2mplat cu adev\u0103rat.<\/p>\n<p>Nu excludem provoc\u0103ri nici din partea unor ter\u021be p\u0103r\u021bi. Trebuie s\u0103 \u00een\u021belegem aceast\u0103 situa\u021bie. \u015eti\u0163i c\u0103 exist\u0103 \u015fi incidente \u00eent\u00e2mpl\u0103toare \u015fi, din p\u0103cate, ele au loc. Prin urmare, toate acestea necesit\u0103 o investiga\u021bie suplimentar\u0103.<\/p>\n<p>Men\u021bion\u0103m c\u0103 noul ambasador al Federa\u021biei Ruse la Chi\u0219in\u0103u, Oleg Ozerov, nu a fost \u00eenc\u0103 invitat s\u0103 prezente scrisorile de acreditare, pentru a putea \u00eencepe s\u0103-\u0219i \u00eendeplineasc\u0103 pe deplin atribu\u021biile.<\/p>\n<p>Pre\u0219edintele Maia Sandu a explicat refuzul de a-l primi prin declara\u021biile neprietenose ale Kremlinului la adresa Republicii Moldova. Centrul Cultural Rus a declarat pentru Canal 5 c\u0103 nu comenteaz\u0103 declara\u021bia Ministerului de Externe despre denun\u021barea acordului interguvernamental \u00een baza c\u0103ruia func\u021bioneaz\u0103.<\/p>\n<\/div>\n","protected":false},"excerpt":{"rendered":"<div><img loading=\"lazy\" decoding=\"async\" width=\"696\" height=\"362\" src=\"https:\/\/canal5.md\/wp-content\/uploads\/2025\/02\/blob-12-1024x532-optimized.jpg\" class=\"attachment-large size-large wp-post-image\" alt=\"\" srcset=\"https:\/\/canal5.md\/wp-content\/uploads\/2025\/02\/blob-12-1024x532-optimized.jpg 1024w, https:\/\/canal5.md\/wp-content\/uploads\/2025\/02\/blob-12-300x156-optimized.jpg 300w, https:\/\/canal5.md\/wp-content\/uploads\/2025\/02\/blob-12-768x399-optimized.jpg 768w, https:\/\/canal5.md\/wp-content\/uploads\/2025\/02\/blob-12-696x362-optimized.jpg 696w, https:\/\/canal5.md\/wp-content\/uploads\/2025\/02\/blob-12-optimized.jpg 1035w\">Ministerul Afacerilor Externe al Republicii Moldova \u00ee\u0219i exprim\u0103 \u00eengrijorarea cu privire la o alt\u0103 \u00eenc\u0103lcare a spa\u021biului aerian al \u021b\u0103rii. Rusia a fost din nou \u00eenvinuit\u0103 pentru asta. Ambasadorul acestei \u021b\u0103ri a fost chemat la Ministerul de Externe pentru ai fi \u00eenm\u00e2nat\u0103 o not\u0103 de protest. Pe fundalul incidentului care a implicat descoperirea unor drone [\u2026]<\/div>\n","protected":false},"author":1,"featured_media":67076,"comment_status":"closed","ping_status":"closed","sticky":false,"template":"","format":"standard","meta":{"jnews-multi-image_gallery":[],"jnews_single_post":[],"jnews_primary_category":[],"jnews_social_meta":[],"jnews_override_counter":[],"footnotes":""},"categories":[23],"tags":[],"class_list":["post-67075","post","type-post","status-publish","format-standard","has-post-thumbnail","hentry","category-politica_ro"],"_links":{"self":[{"href":"https:\/\/orheifm.live\/index.php\/wp-json\/wp\/v2\/posts\/67075","targetHints":{"allow":["GET"]}}],"collection":[{"href":"https:\/\/orheifm.live\/index.php\/wp-json\/wp\/v2\/posts"}],"about":[{"href":"https:\/\/orheifm.live\/index.php\/wp-json\/wp\/v2\/types\/post"}],"author":[{"embeddable":true,"href":"https:\/\/orheifm.live\/index.php\/wp-json\/wp\/v2\/users\/1"}],"replies":[{"embeddable":true,"href":"https:\/\/orheifm.live\/index.php\/wp-json\/wp\/v2\/comments?post=67075"}],"version-history":[{"count":0,"href":"https:\/\/orheifm.live\/index.php\/wp-json\/wp\/v2\/posts\/67075\/revisions"}],"wp:featuredmedia":[{"embeddable":true,"href":"https:\/\/orheifm.live\/index.php\/wp-json\/wp\/v2\/media\/67076"}],"wp:attachment":[{"href":"https:\/\/orheifm.live\/index.php\/wp-json\/wp\/v2\/media?parent=67075"}],"wp:term":[{"taxonomy":"category","embeddable":true,"href":"https:\/\/orheifm.live\/index.php\/wp-json\/wp\/v2\/categories?post=67075"},{"taxonomy":"post_tag","embeddable":true,"href":"https:\/\/orheifm.live\/index.php\/wp-json\/wp\/v2\/tags?post=67075"}],"curies":[{"name":"wp","href":"https:\/\/api.w.org\/{rel}","templated":true}]}}