{"id":67073,"date":"2025-02-13T21:21:05","date_gmt":"2025-02-13T19:21:05","guid":{"rendered":"https:\/\/orheifm.live\/index.php\/2025\/02\/13\/pas-ignora-opozitia-si-respinge-initiativele-grupului-parlamentar-victorie-o-noua-incalcare-a-drepturilor-parlamentare-video\/"},"modified":"2025-02-13T21:21:05","modified_gmt":"2025-02-13T19:21:05","slug":"pas-ignora-opozitia-si-respinge-initiativele-grupului-parlamentar-victorie-o-noua-incalcare-a-drepturilor-parlamentare-video","status":"publish","type":"post","link":"https:\/\/orheifm.live\/index.php\/2025\/02\/13\/pas-ignora-opozitia-si-respinge-initiativele-grupului-parlamentar-victorie-o-noua-incalcare-a-drepturilor-parlamentare-video\/","title":{"rendered":"PAS ignor\u0103 opozi\u021bia \u0219i respinge ini\u021biativele grupului parlamentar \u201eVictorie\u201d: O nou\u0103 \u00eenc\u0103lcare a drepturilor parlamentare |VIDEO"},"content":{"rendered":"<div>\n<p><strong>\u00a0Puterea PAS \u00eencalc\u0103 din nou drepturile opozi\u021biei. Majoritatea parlamentar\u0103 a respins mai multe ini\u0163iative legislative ale deputa\u021bilor Blocului \u201dVictorie\u201d, pentru ordinea de zi a \u0219edin\u021bei Parlamentului.<\/strong><br \/>\n<iframe loading=\"lazy\" title=\"YouTube video player\" src=\"https:\/\/www.youtube.com\/embed\/chJ-cpPG-4Y?si=r3ZXUpjdEFAVejFZ\" width=\"560\" height=\"315\" frameborder=\"0\" allowfullscreen=\"allowfullscreen\"><\/iframe><br \/>\nDeputatul Reghina Apostolova a cerut audierea \u0219efei Procuraturii Anticorup\u021bie, dar \u0219i a procurorului General, \u00een leg\u0103tur\u0103 cu declara\u021biile Veronic\u0103i Dragalin potrivit c\u0103rora unii reprezentan\u021bi ai PAS ar fi \u00eencercat s\u0103 influen\u021beze anumite anchete.<\/p>\n<p>Totodat\u0103, deputatul, Vadim Fotescu a propus excluderea unor proiecte de pe ordinea de zi care, potrivit lui, nu sunt gata pentru a fi votate pentru c\u0103 nu au fost analizate \u00eendeajuns.<\/p>\n<p>Una c\u00e2te una, ini\u021biativele deputa\u021bilor Blocului Victorie au fost respinse de majoritatea parlamentar\u0103. De exemplu, Reghina Apostolova a propus ca, s\u0103 fie invitat \u00een plenul Parlamentului pentru audieri \u0219efa Procuraturii Anticorup\u021bie, dar \u0219i procurorul General.<\/p>\n<p>REGHINA APOSTOLOVA, deputat Blocul \u201dVictorie\u201d<\/p>\n<p>Propunem s\u0103 ascult\u0103m raportul \u0219efului Procuraturii Anticorup\u021bie, Veronica Drag\u0103lin, \u00eempreun\u0103 cu Procurorul General, Ion Munteanu, \u00een leg\u0103tur\u0103 cu informa\u021biile ap\u0103rute \u00een spa\u021biul public privind ingerin\u021ba ilegal\u0103 a unor politicieni, reprezentan\u021bi ai partidului PAS, \u00een urm\u0103rirea penal\u0103 \u0219i procesele judiciare. Acuza\u021biile de influen\u021bare \u0219i interven\u021bie \u00een actul de justi\u021bie reprezint\u0103 un moment extrem de serios \u0219i constituie o infrac\u021biune ce trebuie pedepsit\u0103 conform legii.<\/p>\n<p>Pre\u0219edintele Parlamentului, Igor Grosu nici nu a dorit s\u0103 supun\u0103 la vot solicitarea, afirm\u00e2nd c\u0103 deja a fost o astfel de propunere din partea Blocului Comuni\u0219tilor \u0219i Sociali\u0219tilor. Asta chiar dac\u0103 au fost dou\u0103 ini\u021biative diferite, iar ceea ce au cerut deputa\u021bii BCS viza activitatea celor doi procurori \u00een contextul noii ini\u021biative legislative privind lichidarea PA \u0219i PCCOCS. Nu a \u00eentrunit num\u0103rul necesar de voturi \u0219i ini\u021biativa deputatului Irina Lozovan.<\/p>\n<p>IRINA LOZOVAN, deputat Blocul \u201dVictorie\u201d<\/p>\n<p>Rug\u0103m s\u0103 fie audiat domnului Ministru al Educa\u021biei, Perciun, \u0219i domnului Cojocari, \u0219eful Agen\u021biei Propriet\u0103\u021bii Publice, \u00een leg\u0103tur\u0103 cu informa\u021biile scandalos ap\u0103rute \u00een pres\u0103 despre numirile \u00eendoielnice \u00een func\u021bii ale so\u021biilor unor oficiali de rang \u00eenalt.<\/p>\n<p>Ministerul Educa\u021biei organizeaz\u0103 concursuri suspecte, f\u0103r\u0103 transparen\u021b\u0103, concediaz\u0103 angaja\u021bi pe nedrept pentru a pune \u00een func\u021bii so\u021biile func\u021bionarilor. Cet\u0103\u021benii au \u00eencredin\u021bat puterea nu pentru a permite promovarea ilegal\u0103 a so\u021biilor demnitarilor, ci pentru a rezolva problemele importante ale societ\u0103\u021bii.<\/p>\n<p>Propunerea a acumulat doar 23 de voturi, insuficiente pentru a fi acceptat\u0103. Iar deputatul, Vasile Bolea a propus includerea pe ordinea de zi a proiectului privind uzurparea puterii \u00een stat de c\u0103tre gruparea politic\u0103 PAS \u0219i pre\u0219edintele Maia Sandu \u0219i a genocidului.<\/p>\n<p>Este vorba de un proiect ini\u021biat \u00eenc\u0103 \u00een luna decembrie 2024 ce prevede demisiile conduc\u0103torilor Serviciului de Informa\u021bii \u0219i Securitate, Procuraturii Generale, Inspectoratului General al Poli\u021biei, Comisiei Electorale Centrale, precum \u0219i televiziunii publice \u0219i Consiliului Coordonator al Audiovizualului, acuzate c\u0103 nu servesc poporul, ci un regim numit de Blocul Victorie \u201dcriminal\u201d. Totu\u0219i, partidul de guvern\u0103m\u00e2nt PAS a refuzat s\u0103 discute aceast\u0103 chestiune.<\/p>\n<p>VASILE BOLEA, pre\u0219edintelui grupului parlamentar \u201eVictorie\u201d<\/p>\n<p>Noi solicit\u0103m includerea pe ordinea de zi a parlamentului proiectul de hot\u0103r\u00e2re nr.379 din 13 decembrie pentru aprobarea declara\u021biei Parlamentului Republicii Moldova privind uzurparea puterii de stat \u0219i genocidul contra propriului popor. Sunt convins c\u0103 a\u021bi citit acest proiect de declara\u021bii, \u00een\u021belege\u021bi la cine se refer\u0103 el \u0219i cu aceast\u0103 ocazie noi insist\u0103m s\u0103 fie supus dezbaterii.<\/p>\n<p>Bolea sus\u021bine c\u0103 refuzul PAS de a discuta acest proiect confirm\u0103 tendin\u021ba autorit\u0103\u021bilor de a adopta metode autoritare de guvernare. \u00cen acela\u0219i timp, Vadim Fotescu a propus excluderea mai multor proiecte de pe ordinea de zi, care potrivit lui, nu au fost examinate \u0219i analizate suficient pentru a fi votate.<\/p>\n<p>VADIM FOTESCU, deputat Blocul \u201dVictorie\u201d<\/p>\n<p>Propunem ast\u0103zi s\u0103 elimin\u0103m de pe ordinea de zi proiectul cu num\u0103rul 36, din 12 februarie, privind modificarea Legii nr. 179 din 2008 privind parteneriatele public-private. Acest proiect a fost \u00eenregistrat \u00een parlament abia ieri, nu exist\u0103 concluzii, analize, expertize, absolut nimic.<\/p>\n<p>Chiar \u0219i ast\u0103zi diminea\u021b\u0103, c\u00e2nd a fost discutat \u00een cadrul \u0219edin\u021bei comisiei, am deschis site-ul parlamentului \u0219i acest proiect nu era nici m\u0103car pe site-ul parlamentului. Atunci ce vom discuta ast\u0103zi? Este o \u00eenc\u0103lcare grav\u0103 \u0219i v\u0103 rug\u0103m s\u0103 exclude\u021bi.<\/p>\n<p>La fel, acesta a cerut s\u0103 fie exclus de pe ordinea de zi proiectul privind mecanismul de examinare a investi\u021biilor relevante pentru securitatea na\u021bional\u0103.<\/p>\n<p>VADIM FOTESCU, deputat Blocul \u201dVictorie\u201d<\/p>\n<p>Un astfel de proiect, care din nou pune \u00een discu\u021bie principiile unui stat democratic, libertatea \u0219i drepturile fundamentale, nu poate fi discutat \u00een regim de urgen\u021b\u0103. To\u021bi am fost martori c\u00e2nd comisia pentru investi\u021bii \u00eenchidea mass-media etc., de aceea acest proiect trebuie s\u0103 fie discutat pe larg de la \u00eenceput, iar deputa\u021bilor \u0219i publicului s\u0103 li se ofere posibilitatea de a lua cuno\u0219tin\u021b\u0103 de prevederile sale.<\/p>\n<p>Iar deputatul, Alexandru Suhodolschi nici nu a fost l\u0103sat de c\u0103tre Igor Grosu s\u0103 dea citire textului ini\u021biativei sale legislative.<\/p>\n<p>IGOR GROSU, pre\u0219edintele Parlamentului<\/p>\n<p>Domnu Suhodolschi, ini\u021biativa dumneavoastr\u0103 a fost vociferat\u0103 data trecut\u0103 \u0219i nu a trecut, nu a fost sus\u021binut\u0103, noi nu putem s\u0103 o mai supunem \u00eenc\u0103 o dat\u0103.<\/p>\n<p>Preciz\u0103m c\u0103, PAS \u00een mod sistematic \u00eencalc\u0103 drepturile legale ale opozi\u021biei, proiectele c\u0103reia nu sunt incluse pe ordinea de zi a Parlamentului, fiind respinse de majoritatea parlamentar\u0103.<\/p>\n<p>Deputa\u021bii Blocul \u201dVictorie\u201d au anun\u021bat anterior c\u0103, actuala guvernare demonstreaz\u0103 indiferen\u021ba fa\u021b\u0103 de cet\u0103\u021beni, iar din cauza iresponsabilit\u0103\u021bii celor de la conducere au de suferit oamenii.<\/p>\n<p>Preciz\u0103m c\u0103, la aceste \u00eenc\u0103lc\u0103ri a reac\u021bionat \u0219i Asocia\u021bia Promo- Lex, care monitorizeaz\u0103 activitatea legislativului. Institu\u021bia a declarat \u00een repetate r\u00e2nduri c\u0103 majoritatea parlamentar\u0103 restr\u00e2nge drepturile colegilor s\u0103i din opozi\u021bie \u0219i \u00eencalc\u0103 regulamentele parlamentare.<\/p>\n<p>\u201e\u00cen timpul sesiunilor parlamentare ar trebui s\u0103 fie organizate dou\u0103-trei \u0219edin\u021be dedicate proiectelor opozi\u021biei, dar, din p\u0103cate, acest lucru nu se \u00eent\u00e2mpl\u0103\u201d, a declarat Promo-LEX \u00eentr-unul din rapoartele sale.<\/p>\n<\/div>\n","protected":false},"excerpt":{"rendered":"<div><img loading=\"lazy\" decoding=\"async\" width=\"696\" height=\"521\" src=\"https:\/\/canal5.md\/wp-content\/uploads\/2023\/12\/pas-1024x767-optimized.webp\" class=\"attachment-large size-large wp-post-image\" alt=\"\" srcset=\"https:\/\/canal5.md\/wp-content\/uploads\/2023\/12\/pas-1024x767-optimized.webp 1024w, https:\/\/canal5.md\/wp-content\/uploads\/2023\/12\/pas-300x225-optimized.webp 300w, https:\/\/canal5.md\/wp-content\/uploads\/2023\/12\/pas-768x576-optimized.webp 768w, https:\/\/canal5.md\/wp-content\/uploads\/2023\/12\/pas-1536x1151-optimized.webp 1536w, https:\/\/canal5.md\/wp-content\/uploads\/2023\/12\/pas-696x522-optimized.webp 696w, https:\/\/canal5.md\/wp-content\/uploads\/2023\/12\/pas-1068x800-optimized.webp 1068w, https:\/\/canal5.md\/wp-content\/uploads\/2023\/12\/pas-jpg-optimized.webp 1920w\">\u00a0Puterea PAS \u00eencalc\u0103 din nou drepturile opozi\u021biei. Majoritatea parlamentar\u0103 a respins mai multe ini\u0163iative legislative ale deputa\u021bilor Blocului \u201dVictorie\u201d, pentru ordinea de zi a \u0219edin\u021bei Parlamentului. Deputatul Reghina Apostolova a cerut audierea \u0219efei Procuraturii Anticorup\u021bie, dar \u0219i a procurorului General, \u00een leg\u0103tur\u0103 cu declara\u021biile Veronic\u0103i Dragalin potrivit c\u0103rora unii reprezentan\u021bi ai PAS ar fi \u00eencercat [\u2026]<\/div>\n","protected":false},"author":1,"featured_media":67074,"comment_status":"closed","ping_status":"closed","sticky":false,"template":"","format":"standard","meta":{"jnews-multi-image_gallery":[],"jnews_single_post":[],"jnews_primary_category":[],"jnews_social_meta":[],"jnews_override_counter":[],"footnotes":""},"categories":[23],"tags":[],"class_list":["post-67073","post","type-post","status-publish","format-standard","has-post-thumbnail","hentry","category-politica_ro"],"_links":{"self":[{"href":"https:\/\/orheifm.live\/index.php\/wp-json\/wp\/v2\/posts\/67073","targetHints":{"allow":["GET"]}}],"collection":[{"href":"https:\/\/orheifm.live\/index.php\/wp-json\/wp\/v2\/posts"}],"about":[{"href":"https:\/\/orheifm.live\/index.php\/wp-json\/wp\/v2\/types\/post"}],"author":[{"embeddable":true,"href":"https:\/\/orheifm.live\/index.php\/wp-json\/wp\/v2\/users\/1"}],"replies":[{"embeddable":true,"href":"https:\/\/orheifm.live\/index.php\/wp-json\/wp\/v2\/comments?post=67073"}],"version-history":[{"count":0,"href":"https:\/\/orheifm.live\/index.php\/wp-json\/wp\/v2\/posts\/67073\/revisions"}],"wp:featuredmedia":[{"embeddable":true,"href":"https:\/\/orheifm.live\/index.php\/wp-json\/wp\/v2\/media\/67074"}],"wp:attachment":[{"href":"https:\/\/orheifm.live\/index.php\/wp-json\/wp\/v2\/media?parent=67073"}],"wp:term":[{"taxonomy":"category","embeddable":true,"href":"https:\/\/orheifm.live\/index.php\/wp-json\/wp\/v2\/categories?post=67073"},{"taxonomy":"post_tag","embeddable":true,"href":"https:\/\/orheifm.live\/index.php\/wp-json\/wp\/v2\/tags?post=67073"}],"curies":[{"name":"wp","href":"https:\/\/api.w.org\/{rel}","templated":true}]}}