{"id":67071,"date":"2025-02-13T21:19:27","date_gmt":"2025-02-13T19:19:27","guid":{"rendered":"https:\/\/orheifm.live\/index.php\/2025\/02\/13\/reactia-procuraturii-generale-la-proiectul-pas-de-lichidare-a-pa-si-pccocs-riscuri-majore-pentru-procedurile-penale-si-eficienta-justitiei-video\/"},"modified":"2025-02-13T21:19:27","modified_gmt":"2025-02-13T19:19:27","slug":"reactia-procuraturii-generale-la-proiectul-pas-de-lichidare-a-pa-si-pccocs-riscuri-majore-pentru-procedurile-penale-si-eficienta-justitiei-video","status":"publish","type":"post","link":"https:\/\/orheifm.live\/index.php\/2025\/02\/13\/reactia-procuraturii-generale-la-proiectul-pas-de-lichidare-a-pa-si-pccocs-riscuri-majore-pentru-procedurile-penale-si-eficienta-justitiei-video\/","title":{"rendered":"Reac\u021bia Procuraturii Generale la proiectul PAS de lichidare a PA \u0219i PCCOCS: Riscuri majore pentru procedurile penale \u0219i eficien\u021ba justi\u021biei |VIDEO"},"content":{"rendered":"<div>\n<p><strong>Procuratura General\u0103 critic\u0103 proiectul de lege al PAS privind lichidarea procuraturilor specializate \u0219i crearea Procuraturii Anticorup\u021bie \u0219i Combatarea Crimei Organizate, subliniind riscurile identificate pe termen scurt, mediu \u0219i lung. <\/strong><br \/>\n<iframe loading=\"lazy\" title=\"YouTube video player\" src=\"https:\/\/www.youtube.com\/embed\/m2pymq-DKlo?si=SIjRnHzceqOKRbli\" width=\"560\" height=\"315\" frameborder=\"0\" allowfullscreen=\"allowfullscreen\"><\/iframe><br \/>\nInstitu\u021biei men\u021bioneaz\u0103 \u00eentr-un comunicat de pres\u0103 c\u0103,\u00a0 reorganizarea ar putea afecta termenii procedurilor penale aflate \u00een desf\u0103\u0219urare \u0219i ar crea incertitudine \u00een func\u021bionarea noii institu\u021bii.<\/p>\n<p>Astfel, Procuratura General\u0103 solicit\u0103 consult\u0103ri publice \u0219i avizare juridic\u0103 a proiectului, consider\u00e2nd esen\u021bial\u0103 implicarea institu\u021biilor europene competente, pentru a respecta standardele europene \u0219i a asigura eficien\u021ba sistemului de justi\u021bie.<\/p>\n<\/div>\n","protected":false},"excerpt":{"rendered":"<div><img loading=\"lazy\" decoding=\"async\" width=\"696\" height=\"464\" src=\"https:\/\/canal5.md\/wp-content\/uploads\/2023\/12\/653665ba9a5ab-1024x683-optimized.webp\" class=\"attachment-large size-large wp-post-image\" alt=\"\" srcset=\"https:\/\/canal5.md\/wp-content\/uploads\/2023\/12\/653665ba9a5ab-1024x683-optimized.webp 1024w, https:\/\/canal5.md\/wp-content\/uploads\/2023\/12\/653665ba9a5ab-300x200-optimized.webp 300w, https:\/\/canal5.md\/wp-content\/uploads\/2023\/12\/653665ba9a5ab-768x512-optimized.webp 768w, https:\/\/canal5.md\/wp-content\/uploads\/2023\/12\/653665ba9a5ab-696x464-optimized.webp 696w, https:\/\/canal5.md\/wp-content\/uploads\/2023\/12\/653665ba9a5ab-1068x712-optimized.webp 1068w, https:\/\/canal5.md\/wp-content\/uploads\/2023\/12\/653665ba9a5ab-jpg-optimized.webp 1200w\">Procuratura General\u0103 critic\u0103 proiectul de lege al PAS privind lichidarea procuraturilor specializate \u0219i crearea Procuraturii Anticorup\u021bie \u0219i Combatarea Crimei Organizate, subliniind riscurile identificate pe termen scurt, mediu \u0219i lung. Institu\u021biei men\u021bioneaz\u0103 \u00eentr-un comunicat de pres\u0103 c\u0103,\u00a0 reorganizarea ar putea afecta termenii procedurilor penale aflate \u00een desf\u0103\u0219urare \u0219i ar crea incertitudine \u00een func\u021bionarea noii institu\u021bii. Astfel, [\u2026]<\/div>\n","protected":false},"author":1,"featured_media":67072,"comment_status":"closed","ping_status":"closed","sticky":false,"template":"","format":"standard","meta":{"jnews-multi-image_gallery":[],"jnews_single_post":[],"jnews_primary_category":[],"jnews_social_meta":[],"jnews_override_counter":[],"footnotes":""},"categories":[30],"tags":[],"class_list":["post-67071","post","type-post","status-publish","format-standard","has-post-thumbnail","hentry","category-social_ro"],"_links":{"self":[{"href":"https:\/\/orheifm.live\/index.php\/wp-json\/wp\/v2\/posts\/67071","targetHints":{"allow":["GET"]}}],"collection":[{"href":"https:\/\/orheifm.live\/index.php\/wp-json\/wp\/v2\/posts"}],"about":[{"href":"https:\/\/orheifm.live\/index.php\/wp-json\/wp\/v2\/types\/post"}],"author":[{"embeddable":true,"href":"https:\/\/orheifm.live\/index.php\/wp-json\/wp\/v2\/users\/1"}],"replies":[{"embeddable":true,"href":"https:\/\/orheifm.live\/index.php\/wp-json\/wp\/v2\/comments?post=67071"}],"version-history":[{"count":0,"href":"https:\/\/orheifm.live\/index.php\/wp-json\/wp\/v2\/posts\/67071\/revisions"}],"wp:featuredmedia":[{"embeddable":true,"href":"https:\/\/orheifm.live\/index.php\/wp-json\/wp\/v2\/media\/67072"}],"wp:attachment":[{"href":"https:\/\/orheifm.live\/index.php\/wp-json\/wp\/v2\/media?parent=67071"}],"wp:term":[{"taxonomy":"category","embeddable":true,"href":"https:\/\/orheifm.live\/index.php\/wp-json\/wp\/v2\/categories?post=67071"},{"taxonomy":"post_tag","embeddable":true,"href":"https:\/\/orheifm.live\/index.php\/wp-json\/wp\/v2\/tags?post=67071"}],"curies":[{"name":"wp","href":"https:\/\/api.w.org\/{rel}","templated":true}]}}