{"id":67069,"date":"2025-02-13T18:50:19","date_gmt":"2025-02-13T16:50:19","guid":{"rendered":"https:\/\/orheifm.live\/index.php\/2025\/02\/13\/pascaru-despre-dronele-cazute-in-moldova-o-diversiune-pentru-a-sustrage-de-la-subiectul-procuraturii\/"},"modified":"2025-02-13T18:50:19","modified_gmt":"2025-02-13T16:50:19","slug":"pascaru-despre-dronele-cazute-in-moldova-o-diversiune-pentru-a-sustrage-de-la-subiectul-procuraturii","status":"publish","type":"post","link":"https:\/\/orheifm.live\/index.php\/2025\/02\/13\/pascaru-despre-dronele-cazute-in-moldova-o-diversiune-pentru-a-sustrage-de-la-subiectul-procuraturii\/","title":{"rendered":"Pascaru despre dronele c\u0103zute \u00een Moldova: \u201eO diversiune pentru a sustrage de la subiectul Procuraturii"},"content":{"rendered":"<div>\n<p><strong>Analistul politic \u0219i fostul deputat Nicolae Pascaru este de p\u0103rere c\u0103 incidentul legat de dronele care au fost g\u0103site pe teritoriul Republicii Moldova, iar ulterior decizia privind \u00eenchiderea Centrului Cultural Rus de c\u0103tre Chi\u0219in\u0103u, au scopul de a sustrage aten\u021bia opiniei publice de la subiectul \u00eenl\u0103tur\u0103rii Veronic\u0103i Dragalin de la conducerea Procuraturii Anticorup\u021bie.<\/strong><\/p>\n<p>Fostul deputat consider\u0103 c\u0103, \u00een momentul \u00een care Veronica Dragalin a anun\u021bat mai multe informa\u021bii care denot\u0103 c\u0103 unii politicieni ar fi implica\u021bi \u00een acte de corup\u021bie, toate structurile interna\u021bionale sunt cu ochii pe Republica Moldova.<\/p>\n<p>\u00cens\u0103, pentru a sustrage cumva aten\u021bia de la Veronica Dragalin \u0219i informa\u021biile lansate de ea \u00een spa\u021biul public, se \u00eencearc\u0103, prin diferite metode, g\u0103sirea unui \u021bap isp\u0103\u0219itor, iar de fiecare dat\u0103, acesta este Federa\u021bia Rus\u0103.<\/p>\n<p>\u201eEste pur \u0219i simplu scandalos cum ast\u0103zi autorit\u0103\u021bile de la Chi\u0219in\u0103u \u00eel convoac\u0103 ast\u0103zi pe ambasadorul rus \u0219i \u00eencearc\u0103 s\u0103-i demonstreze ca unui \u0219colar ceva ce nu este evident \u0219i, cel mai probabil, fie este rezultatul func\u021bion\u0103rii sistemelor ucrainene de r\u0103zboi radio-electronic \u00een timpul respingerii atacului cu drone asupra ora\u0219ului Reni, fie un act de sabotaj \u0219i diversiune din partea altor persoane. Scandalul momentului este Procuratura Anticorup\u021bie, iar toat\u0103 presa interna\u021bional\u0103 este cu ochii pe Moldova.<\/p>\n<p>\u00cen interiorul \u021b\u0103rii este o problem\u0103 foarte mare c\u00eend Veronica Dragalin, la fel ca Stoianoglo, se lupt\u0103 cu corup\u021bia cea mare: cu parlamentari corup\u021bi, cu mini\u0219tri corup\u021bi\u201d, a declarat Pascaru. Fostul deputat mai atrage aten\u021bia c\u0103 cazul Veronic\u0103i Dragalin \u0219i \u00eencercarea de \u00eenl\u0103turare a ei de la conducerea Procuraturii nu difer\u0103 mult de cazul fostului procuror general Alexandr Stoianoglo.<\/p>\n<p>Cel din urm\u0103 a fost \u00eenl\u0103turat din func\u021bie dup\u0103 ce majoritatea parlamentar\u0103 PAS a modificat legisla\u021bia, iar \u00een cazul Veronic\u0103i Dragalin se face acela\u0219i lucru: mandatul acesteia risc\u0103 s\u0103 \u00eenceteze odat\u0103 cu crearea unei noi institu\u021bii \u2013 Procuratura Anticorup\u021bie \u0219i Combaterea Crimei Organizate \u2013 \u0219i lichidarea Procuraturii Anticorup\u021bie \u0219i PCCOCS.<\/p>\n<p>Acest lucru se datoreaz\u0103 faptului c\u0103 ambele structuri au descoperit scheme de corup\u021bie la nivel \u00eenalt \u0219i, \u00een plus, se pare c\u0103 Veronica Dragalin, \u00eencerc\u00e2nd s\u0103 ac\u021bioneze strict conform legii, nu s-a dovedit a fi at\u00e2t de ascult\u0103toare pe c\u00e2t \u0219i-ar fi dorit autorit\u0103\u021bile pentru \u00eendeplinirea unor comenzi speciale privind lupta \u00eempotriva liderilor opozi\u021biei. C\u00eet prive\u0219te subiectul dronelor, Pascaru a sugerat c\u0103 institu\u021biile responsabile ar trebui s\u0103 investigheze originea acestora \u0219i s\u0103 clarifice situa\u021bia.<\/p>\n<p>\u201eAr fi bine s\u0103 fie mai atent la astfel de subiecte Ministrul Ap\u0103r\u0103rii, Anatolie Nosat\u00eei, iar Procuratura \u0219i SIS-ul ar trebui s\u0103 fac\u0103 lumin\u0103 \u0219i s\u0103 afle \u00een ce mod au ajuns aceste drone pe teritoriul Moldovei\u201d, a conchis fostul deputat.<\/p>\n<p>Amintim c\u0103, ast\u0103zi, Poli\u021bia de Frontier\u0103 informeaz\u0103 c\u0103 \u00een aceast\u0103 noapte, \u00een urma unui atac masiv cu drone a portului din Reni, Ucraina, patrulele poli\u021biei de frontier\u0103 au semnalat mai multe aparate de zbor de acest tip care au traversat teritoriul Republici Moldova, noteaz\u0103 Noi.md. \u00cen acest context, Ministerul Afacerilor Externe al Republicii Moldova a anun\u021bat c\u0103 l-a convocat pe ambasadorul Federa\u021biei Ruse la Chi\u0219in\u0103u.<\/p>\n<p>De men\u021bionat c\u0103 dup\u0103 \u00eenc\u0103lcarea spa\u021biului aerian, de c\u0103tre mai multe drone, Chi\u0219in\u0103ul a luat decizia de a \u00eenchide Centrul Rus de Cultur\u0103 \u0219i \u0218tiin\u021b\u0103.<\/p>\n<p>La r\u00eendul s\u0103u, ambasadorul rus, Oleg Ozerov a declarat c\u0103 acuza\u021biile potrivit c\u0103rora dronele c\u0103zute \u00een Moldova apar\u021bin Rusiei s\u00eent nefondate. De asemenea, ambasadorul a subliniat c\u0103 Moscova nu este interesat\u0103 s\u0103 agraveze rela\u021biile cu Moldova.<\/p>\n<p>Partidul Sociali\u0219tilor din Moldova condamn\u0103 cu fermitate decizia f\u0103r\u0103 precedent \u0219i provocatoare a Ministerului Afacerilor Externe al Moldovei de a \u00eenchide Centrul Rus de \u0218tiin\u021b\u0103 \u0219i Cultur\u0103 din Chi\u0219in\u0103u.<\/p>\n<p><a href=\"https:\/\/noi.md\/md\/politica\/pascaru-despre-dronele-cazute-in-moldova-o-diversiune-pentru-a-sustrage-de-la-subiectul-procuraturii\">\u00a0Noi.md<\/a><\/p>\n<\/div>\n","protected":false},"excerpt":{"rendered":"<div><img loading=\"lazy\" decoding=\"async\" width=\"696\" height=\"458\" src=\"https:\/\/canal5.md\/wp-content\/uploads\/2025\/02\/797738-optimized.webp\" class=\"attachment-large size-large wp-post-image\" alt=\"\" srcset=\"https:\/\/canal5.md\/wp-content\/uploads\/2025\/02\/797738-optimized.webp 760w, https:\/\/canal5.md\/wp-content\/uploads\/2025\/02\/797738-300x197-optimized.webp 300w, https:\/\/canal5.md\/wp-content\/uploads\/2025\/02\/797738-696x458-optimized.webp 696w\">Analistul politic \u0219i fostul deputat Nicolae Pascaru este de p\u0103rere c\u0103 incidentul legat de dronele care au fost g\u0103site pe teritoriul Republicii Moldova, iar ulterior decizia privind \u00eenchiderea Centrului Cultural Rus de c\u0103tre Chi\u0219in\u0103u, au scopul de a sustrage aten\u021bia opiniei publice de la subiectul \u00eenl\u0103tur\u0103rii Veronic\u0103i Dragalin de la conducerea Procuraturii Anticorup\u021bie. Fostul deputat [\u2026]<\/div>\n","protected":false},"author":1,"featured_media":67070,"comment_status":"closed","ping_status":"closed","sticky":false,"template":"","format":"standard","meta":{"jnews-multi-image_gallery":[],"jnews_single_post":[],"jnews_primary_category":[],"jnews_social_meta":[],"jnews_override_counter":[],"footnotes":""},"categories":[30],"tags":[],"class_list":["post-67069","post","type-post","status-publish","format-standard","has-post-thumbnail","hentry","category-social_ro"],"_links":{"self":[{"href":"https:\/\/orheifm.live\/index.php\/wp-json\/wp\/v2\/posts\/67069","targetHints":{"allow":["GET"]}}],"collection":[{"href":"https:\/\/orheifm.live\/index.php\/wp-json\/wp\/v2\/posts"}],"about":[{"href":"https:\/\/orheifm.live\/index.php\/wp-json\/wp\/v2\/types\/post"}],"author":[{"embeddable":true,"href":"https:\/\/orheifm.live\/index.php\/wp-json\/wp\/v2\/users\/1"}],"replies":[{"embeddable":true,"href":"https:\/\/orheifm.live\/index.php\/wp-json\/wp\/v2\/comments?post=67069"}],"version-history":[{"count":0,"href":"https:\/\/orheifm.live\/index.php\/wp-json\/wp\/v2\/posts\/67069\/revisions"}],"wp:featuredmedia":[{"embeddable":true,"href":"https:\/\/orheifm.live\/index.php\/wp-json\/wp\/v2\/media\/67070"}],"wp:attachment":[{"href":"https:\/\/orheifm.live\/index.php\/wp-json\/wp\/v2\/media?parent=67069"}],"wp:term":[{"taxonomy":"category","embeddable":true,"href":"https:\/\/orheifm.live\/index.php\/wp-json\/wp\/v2\/categories?post=67069"},{"taxonomy":"post_tag","embeddable":true,"href":"https:\/\/orheifm.live\/index.php\/wp-json\/wp\/v2\/tags?post=67069"}],"curies":[{"name":"wp","href":"https:\/\/api.w.org\/{rel}","templated":true}]}}