{"id":67067,"date":"2025-02-13T18:45:54","date_gmt":"2025-02-13T16:45:54","guid":{"rendered":"https:\/\/orheifm.live\/index.php\/2025\/02\/13\/tanara-ucraineanca-prinsa-chiar-cand-isi-vindea-bebelusul-pentru-20-000-de-dolari-voia-sa-si-cumpere-o-masina\/"},"modified":"2025-02-13T18:45:54","modified_gmt":"2025-02-13T16:45:54","slug":"tanara-ucraineanca-prinsa-chiar-cand-isi-vindea-bebelusul-pentru-20-000-de-dolari-voia-sa-si-cumpere-o-masina","status":"publish","type":"post","link":"https:\/\/orheifm.live\/index.php\/2025\/02\/13\/tanara-ucraineanca-prinsa-chiar-cand-isi-vindea-bebelusul-pentru-20-000-de-dolari-voia-sa-si-cumpere-o-masina\/","title":{"rendered":"T\u00e2n\u0103r\u0103 ucraineanc\u0103, prins\u0103 chiar c\u00e2nd \u00ee\u0219i vindea bebelu\u0219ul pentru 20.000 de dolari. Voia s\u0103-\u0219i cumpere o ma\u0219in\u0103"},"content":{"rendered":"<div>\n<p>Potrivit informa\u021biilor furnizate de Procuratura General\u0103 \u0219i Poli\u021bia Na\u021bional\u0103 a Ucrainei, copila s-a n\u0103scut pe 1 decembrie 2024. \u00cen ianuarie 2025, mama a decis c\u0103 nu mai vrea s\u0103 aib\u0103 grij\u0103 de micu\u021b\u0103 \u0219i a \u00eenceput s\u0103 caute un cump\u0103r\u0103tor. \u00cen final, t\u00e2n\u0103ra a convenit s\u0103-\u0219i cedeze fiica unei prietene, cer\u00e2nd \u00een schimb suma de 20.000 de dolari, potrivit\u00a0<a href=\"https:\/\/life.pravda.com.ua\/society\/u-harkovi-22-richna-zhinka-prodala-vlasnu-donku-shchob-kupiti-avto-detali-306411\/?_gl=1*13i079g*_ga*MzEzNzQwNzY4LjE3MzQzNDA3ODQ.*_ga_6ELQ7YCNBS*MTczOTQ0OTM2MC44OTAuMS4xNzM5NDQ5MzY0LjU2LjAuMA\" target=\"_blank\" rel=\"nofollow noopener\">Pravda<\/a>.<\/p>\n<h2>Planul tinerei, dejucat de\u00a0poli\u021bie<\/h2>\n<p>Autorit\u0103\u021bile au fost alertate de activitatea suspect\u0103 \u0219i au \u00eenceput o investiga\u021bie am\u0103nun\u021bit\u0103. \u00cen urma verific\u0103rilor, s-a confirmat c\u0103 mama avea inten\u021bia clar\u0103 de a-\u0219i vinde propriul copil.<\/p>\n<p><i>\u201eFemeia, care mai are un b\u0103ie\u021bel de un an \u0219i zece luni, nu dorea s\u0103 se ocupe de fiica ei nou-n\u0103scut\u0103 \u0219i a c\u0103utat o modalitate de a sc\u0103pa de ea\u201d<\/i>, au declarat reprezentan\u021bii Poli\u021biei Na\u021bionale.<\/p>\n<p>\u00cen cele din urm\u0103, t\u00e2n\u0103ra a fost re\u021binut\u0103 pe 12 februarie, chiar \u00een momentul \u00een care preda copilul \u0219i primea suma cerut\u0103. Potrivit anchetatorilor, femeia \u0219i concubinul s\u0103u inten\u021bionau s\u0103 foloseasc\u0103 ace\u0219ti bani pentru a cump\u0103ra o ma\u0219in\u0103. \u00centre timp, b\u0103ie\u021belul de un an \u0219i zece luni al femeii a fost luat sub \u00eengrijirea medicilor.<\/p>\n<h2>Pedeaps\u0103 aspr\u0103 pentru o fapt\u0103 inuman\u0103<\/h2>\n<p>T\u00e2n\u0103ra din Harkov a fost pus\u0103 sub acuzare pentru trafic de persoane. Dac\u0103 va fi g\u0103sit\u0103 vinovat\u0103, risc\u0103 p\u00e2n\u0103 la 15 ani de \u00eenchisoare.<\/p>\n<p>\u00centr-un caz similar, \u00een urm\u0103 cu doar c\u00e2teva luni, o fat\u0103 de 19 ani din Dnipro a \u00eencercat s\u0103 \u00ee\u0219i v\u00e2nd\u0103 fiul de doi ani, pl\u0103nuind s\u0103 foloseasc\u0103 banii pentru a-\u0219i deschide o afacere.<\/p>\n<\/div>\n","protected":false},"excerpt":{"rendered":"<div><img loading=\"lazy\" decoding=\"async\" width=\"696\" height=\"445\" src=\"https:\/\/canal5.md\/wp-content\/uploads\/2025\/02\/img-2-1024x655-optimized.webp\" class=\"attachment-large size-large wp-post-image\" alt=\"\" srcset=\"https:\/\/canal5.md\/wp-content\/uploads\/2025\/02\/img-2-1024x655-optimized.webp 1024w, https:\/\/canal5.md\/wp-content\/uploads\/2025\/02\/img-2-300x192-optimized.webp 300w, https:\/\/canal5.md\/wp-content\/uploads\/2025\/02\/img-2-768x491-optimized.webp 768w, https:\/\/canal5.md\/wp-content\/uploads\/2025\/02\/img-2-696x445-optimized.webp 696w, https:\/\/canal5.md\/wp-content\/uploads\/2025\/02\/img-2-1068x683-optimized.webp 1068w, https:\/\/canal5.md\/wp-content\/uploads\/2025\/02\/img-2-optimized.webp 1200w\">Potrivit informa\u021biilor furnizate de Procuratura General\u0103 \u0219i Poli\u021bia Na\u021bional\u0103 a Ucrainei, copila s-a n\u0103scut pe 1 decembrie 2024. \u00cen ianuarie 2025, mama a decis c\u0103 nu mai vrea s\u0103 aib\u0103 grij\u0103 de micu\u021b\u0103 \u0219i a \u00eenceput s\u0103 caute un cump\u0103r\u0103tor. \u00cen final, t\u00e2n\u0103ra a convenit s\u0103-\u0219i cedeze fiica unei prietene, cer\u00e2nd \u00een schimb suma de [\u2026]<\/div>\n","protected":false},"author":1,"featured_media":67068,"comment_status":"closed","ping_status":"closed","sticky":false,"template":"","format":"standard","meta":{"jnews-multi-image_gallery":[],"jnews_single_post":[],"jnews_primary_category":[],"jnews_social_meta":[],"jnews_override_counter":[],"footnotes":""},"categories":[29],"tags":[],"class_list":["post-67067","post","type-post","status-publish","format-standard","has-post-thumbnail","hentry","category-externe_ro"],"_links":{"self":[{"href":"https:\/\/orheifm.live\/index.php\/wp-json\/wp\/v2\/posts\/67067","targetHints":{"allow":["GET"]}}],"collection":[{"href":"https:\/\/orheifm.live\/index.php\/wp-json\/wp\/v2\/posts"}],"about":[{"href":"https:\/\/orheifm.live\/index.php\/wp-json\/wp\/v2\/types\/post"}],"author":[{"embeddable":true,"href":"https:\/\/orheifm.live\/index.php\/wp-json\/wp\/v2\/users\/1"}],"replies":[{"embeddable":true,"href":"https:\/\/orheifm.live\/index.php\/wp-json\/wp\/v2\/comments?post=67067"}],"version-history":[{"count":0,"href":"https:\/\/orheifm.live\/index.php\/wp-json\/wp\/v2\/posts\/67067\/revisions"}],"wp:featuredmedia":[{"embeddable":true,"href":"https:\/\/orheifm.live\/index.php\/wp-json\/wp\/v2\/media\/67068"}],"wp:attachment":[{"href":"https:\/\/orheifm.live\/index.php\/wp-json\/wp\/v2\/media?parent=67067"}],"wp:term":[{"taxonomy":"category","embeddable":true,"href":"https:\/\/orheifm.live\/index.php\/wp-json\/wp\/v2\/categories?post=67067"},{"taxonomy":"post_tag","embeddable":true,"href":"https:\/\/orheifm.live\/index.php\/wp-json\/wp\/v2\/tags?post=67067"}],"curies":[{"name":"wp","href":"https:\/\/api.w.org\/{rel}","templated":true}]}}