{"id":67065,"date":"2025-02-13T18:36:29","date_gmt":"2025-02-13T16:36:29","guid":{"rendered":"https:\/\/orheifm.live\/index.php\/2025\/02\/13\/circulatie-restrictionata-pe-traseul-r-6-politia-republicii-moldova-informeaza\/"},"modified":"2025-02-13T18:36:29","modified_gmt":"2025-02-13T16:36:29","slug":"circulatie-restrictionata-pe-traseul-r-6-politia-republicii-moldova-informeaza","status":"publish","type":"post","link":"https:\/\/orheifm.live\/index.php\/2025\/02\/13\/circulatie-restrictionata-pe-traseul-r-6-politia-republicii-moldova-informeaza\/","title":{"rendered":"Circula\u021bie restric\u021bionat\u0103 pe traseul R-6: Poli\u021bia Republicii Moldova informeaz\u0103"},"content":{"rendered":"<div>\n<p data-start=\"91\" data-end=\"331\"><strong><em>Poli\u021bia Republicii Moldova anun\u021b\u0103 c\u0103, \u00een aceast\u0103 sear\u0103, \u00eencep\u00e2nd cu ora 18:30, circula\u021bia rutier\u0103 pe o por\u021biune a traseului na\u021bional R-6, care traverseaz\u0103 localitatea Ivancea din raionul Orhei, va fi suspendat\u0103 temporar \u00een ambele sensuri.<\/em><\/strong><\/p>\n<p data-start=\"333\" data-end=\"499\">Restric\u021bia va dura aproximativ 30 de minute \u0219i este impus\u0103 \u00een contextul unor ac\u021biuni de urm\u0103rire penal\u0103 \u00eentr-un dosar ce vizeaz\u0103 un accident rutier soldat cu deces.<\/p>\n<p data-start=\"501\" data-end=\"706\" data-is-last-node=\"\">Oamenii legii \u00eendeamn\u0103 \u0219oferii s\u0103 manifeste r\u0103bdare \u0219i s\u0103 respecte indica\u021biile autorit\u0103\u021bilor. Totodat\u0103, ace\u0219tia \u00ee\u0219i cer scuze pentru eventualele inconvenien\u021be \u0219i mizeaz\u0103 pe \u00een\u021belegerea conduc\u0103torilor auto.<\/p>\n<\/div>\n","protected":false},"excerpt":{"rendered":"<div><img loading=\"lazy\" decoding=\"async\" width=\"696\" height=\"583\" src=\"https:\/\/canal5.md\/wp-content\/uploads\/2025\/02\/photo_2025-02-13_18-33-43-optimized.jpg\" class=\"attachment-large size-large wp-post-image\" alt=\"\" srcset=\"https:\/\/canal5.md\/wp-content\/uploads\/2025\/02\/photo_2025-02-13_18-33-43-optimized.jpg 940w, https:\/\/canal5.md\/wp-content\/uploads\/2025\/02\/photo_2025-02-13_18-33-43-300x251-optimized.jpg 300w, https:\/\/canal5.md\/wp-content\/uploads\/2025\/02\/photo_2025-02-13_18-33-43-768x644-optimized.jpg 768w, https:\/\/canal5.md\/wp-content\/uploads\/2025\/02\/photo_2025-02-13_18-33-43-696x583-optimized.jpg 696w\">Poli\u021bia Republicii Moldova anun\u021b\u0103 c\u0103, \u00een aceast\u0103 sear\u0103, \u00eencep\u00e2nd cu ora 18:30, circula\u021bia rutier\u0103 pe o por\u021biune a traseului na\u021bional R-6, care traverseaz\u0103 localitatea Ivancea din raionul Orhei, va fi suspendat\u0103 temporar \u00een ambele sensuri. Restric\u021bia va dura aproximativ 30 de minute \u0219i este impus\u0103 \u00een contextul unor ac\u021biuni de urm\u0103rire penal\u0103 \u00eentr-un dosar ce [\u2026]<\/div>\n","protected":false},"author":1,"featured_media":67066,"comment_status":"closed","ping_status":"closed","sticky":false,"template":"","format":"standard","meta":{"jnews-multi-image_gallery":[],"jnews_single_post":[],"jnews_primary_category":[],"jnews_social_meta":[],"jnews_override_counter":[],"footnotes":""},"categories":[30],"tags":[],"class_list":["post-67065","post","type-post","status-publish","format-standard","has-post-thumbnail","hentry","category-social_ro"],"_links":{"self":[{"href":"https:\/\/orheifm.live\/index.php\/wp-json\/wp\/v2\/posts\/67065","targetHints":{"allow":["GET"]}}],"collection":[{"href":"https:\/\/orheifm.live\/index.php\/wp-json\/wp\/v2\/posts"}],"about":[{"href":"https:\/\/orheifm.live\/index.php\/wp-json\/wp\/v2\/types\/post"}],"author":[{"embeddable":true,"href":"https:\/\/orheifm.live\/index.php\/wp-json\/wp\/v2\/users\/1"}],"replies":[{"embeddable":true,"href":"https:\/\/orheifm.live\/index.php\/wp-json\/wp\/v2\/comments?post=67065"}],"version-history":[{"count":0,"href":"https:\/\/orheifm.live\/index.php\/wp-json\/wp\/v2\/posts\/67065\/revisions"}],"wp:featuredmedia":[{"embeddable":true,"href":"https:\/\/orheifm.live\/index.php\/wp-json\/wp\/v2\/media\/67066"}],"wp:attachment":[{"href":"https:\/\/orheifm.live\/index.php\/wp-json\/wp\/v2\/media?parent=67065"}],"wp:term":[{"taxonomy":"category","embeddable":true,"href":"https:\/\/orheifm.live\/index.php\/wp-json\/wp\/v2\/categories?post=67065"},{"taxonomy":"post_tag","embeddable":true,"href":"https:\/\/orheifm.live\/index.php\/wp-json\/wp\/v2\/tags?post=67065"}],"curies":[{"name":"wp","href":"https:\/\/api.w.org\/{rel}","templated":true}]}}