{"id":67033,"date":"2025-02-13T11:00:41","date_gmt":"2025-02-13T09:00:41","guid":{"rendered":"https:\/\/orheifm.live\/index.php\/2025\/02\/13\/sfs-monitorizeaza-comerciantii-de-flori-in-perioada-zilei-indragostitilor\/"},"modified":"2025-02-13T11:00:41","modified_gmt":"2025-02-13T09:00:41","slug":"sfs-monitorizeaza-comerciantii-de-flori-in-perioada-zilei-indragostitilor","status":"publish","type":"post","link":"https:\/\/orheifm.live\/index.php\/2025\/02\/13\/sfs-monitorizeaza-comerciantii-de-flori-in-perioada-zilei-indragostitilor\/","title":{"rendered":"SFS monitorizeaz\u0103 comercian\u021bii de flori \u00een perioada Zilei \u00cendr\u0103gosti\u021bilor"},"content":{"rendered":"<div>\n<p><strong>Serviciul Fiscal de Stat (SFS) desf\u0103\u0219oar\u0103, \u00een perioada 13-14 februarie 2025, ac\u021biuni de monitorizare a contribuabililor care v\u00e2nd flori, inclusiv prin controale fiscale opera\u021bionale. Aceste m\u0103suri sunt luate \u00een contextul cre\u0219terii cererii de flori \u0219i aranjamente florale pentru Ziua \u00cendr\u0103gosti\u021bilor, pe 14 februarie<\/strong><\/p>\n<p>SFS recomand\u0103 tuturor contribuabililor s\u0103 respecte legea, utiliz\u00e2nd echipamentele de cas\u0103 \u0219i control pentru tranzac\u021biile \u00een numerar cu clien\u021bii \u0219i s\u0103 declare corect veniturile, achit\u00e2nd la timp obliga\u021biile fiscale. De asemenea, cet\u0103\u021benii sunt \u00eencuraja\u021bi s\u0103 solicite bonul fiscal, contribuind astfel la cre\u0219terea conform\u0103rii fiscale \u0219i la protejarea drepturilor lor de consumatori.<\/p>\n<p>SFS subliniaz\u0103 c\u0103 monitorizeaz\u0103 constant sectoarele economice cu risc de neconformare fiscal\u0103.<\/p>\n<\/div>\n","protected":false},"excerpt":{"rendered":"<div><img loading=\"lazy\" decoding=\"async\" width=\"472\" height=\"266\" src=\"https:\/\/canal5.md\/wp-content\/uploads\/2025\/02\/ca792666499ea544ebc19f82bbf396a3-optimized.jpg\" class=\"attachment-large size-large wp-post-image\" alt=\"\" srcset=\"https:\/\/canal5.md\/wp-content\/uploads\/2025\/02\/ca792666499ea544ebc19f82bbf396a3-optimized.jpg 472w, https:\/\/canal5.md\/wp-content\/uploads\/2025\/02\/ca792666499ea544ebc19f82bbf396a3-300x169-optimized.jpg 300w\">Serviciul Fiscal de Stat (SFS) desf\u0103\u0219oar\u0103, \u00een perioada 13-14 februarie 2025, ac\u021biuni de monitorizare a contribuabililor care v\u00e2nd flori, inclusiv prin controale fiscale opera\u021bionale. Aceste m\u0103suri sunt luate \u00een contextul cre\u0219terii cererii de flori \u0219i aranjamente florale pentru Ziua \u00cendr\u0103gosti\u021bilor, pe 14 februarie SFS recomand\u0103 tuturor contribuabililor s\u0103 respecte legea, utiliz\u00e2nd echipamentele de cas\u0103 \u0219i [\u2026]<\/div>\n","protected":false},"author":1,"featured_media":67034,"comment_status":"closed","ping_status":"closed","sticky":false,"template":"","format":"standard","meta":{"jnews-multi-image_gallery":[],"jnews_single_post":[],"jnews_primary_category":[],"jnews_social_meta":[],"jnews_override_counter":[],"footnotes":""},"categories":[30],"tags":[],"class_list":["post-67033","post","type-post","status-publish","format-standard","has-post-thumbnail","hentry","category-social_ro"],"_links":{"self":[{"href":"https:\/\/orheifm.live\/index.php\/wp-json\/wp\/v2\/posts\/67033","targetHints":{"allow":["GET"]}}],"collection":[{"href":"https:\/\/orheifm.live\/index.php\/wp-json\/wp\/v2\/posts"}],"about":[{"href":"https:\/\/orheifm.live\/index.php\/wp-json\/wp\/v2\/types\/post"}],"author":[{"embeddable":true,"href":"https:\/\/orheifm.live\/index.php\/wp-json\/wp\/v2\/users\/1"}],"replies":[{"embeddable":true,"href":"https:\/\/orheifm.live\/index.php\/wp-json\/wp\/v2\/comments?post=67033"}],"version-history":[{"count":0,"href":"https:\/\/orheifm.live\/index.php\/wp-json\/wp\/v2\/posts\/67033\/revisions"}],"wp:featuredmedia":[{"embeddable":true,"href":"https:\/\/orheifm.live\/index.php\/wp-json\/wp\/v2\/media\/67034"}],"wp:attachment":[{"href":"https:\/\/orheifm.live\/index.php\/wp-json\/wp\/v2\/media?parent=67033"}],"wp:term":[{"taxonomy":"category","embeddable":true,"href":"https:\/\/orheifm.live\/index.php\/wp-json\/wp\/v2\/categories?post=67033"},{"taxonomy":"post_tag","embeddable":true,"href":"https:\/\/orheifm.live\/index.php\/wp-json\/wp\/v2\/tags?post=67033"}],"curies":[{"name":"wp","href":"https:\/\/api.w.org\/{rel}","templated":true}]}}