{"id":67027,"date":"2025-02-13T09:40:33","date_gmt":"2025-02-13T07:40:33","guid":{"rendered":"https:\/\/orheifm.live\/index.php\/2025\/02\/13\/barbat-din-leova-condamnat-la-8-ani-de-inchisoare-pentru-violul-unei-minore\/"},"modified":"2025-02-13T09:40:33","modified_gmt":"2025-02-13T07:40:33","slug":"barbat-din-leova-condamnat-la-8-ani-de-inchisoare-pentru-violul-unei-minore","status":"publish","type":"post","link":"https:\/\/orheifm.live\/index.php\/2025\/02\/13\/barbat-din-leova-condamnat-la-8-ani-de-inchisoare-pentru-violul-unei-minore\/","title":{"rendered":"B\u0103rbat din Leova, condamnat la 8 ani de \u00eenchisoare pentru violul unei minore"},"content":{"rendered":"<div>\n<div id=\"model-response-message-contentr_aef5446749a3f71e\" class=\"markdown markdown-main-panel\" dir=\"ltr\">\n<p data-sourcepos=\"1:1-1:163\"><strong>Un b\u0103rbat de 44 de ani din Leova a fost condamnat la opt ani de \u00eenchisoare pentru violul unei minore de 15 ani. Sentin\u021ba a fost pronun\u021bat\u0103 de Judec\u0103toria H\u00e2nce\u0219ti.<\/strong><\/p>\n<p data-sourcepos=\"3:1-3:263\">Fapta a avut loc \u00een 2021, c\u00e2nd minora se afla \u00een vizit\u0103 la sora sa. Profit\u00e2nd de faptul c\u0103 minora a r\u0103mas singur\u0103, individul a dus-o \u00eentr-o alt\u0103 camer\u0103, unde a b\u0103tut-o, dezbr\u0103cat-o \u0219i violat-o. Ulterior, victima a aflat c\u0103 este \u00eens\u0103rcinat\u0103 \u0219i a \u00eentrerupt sarcina.<\/p>\n<p data-sourcepos=\"5:1-5:159\">De\u0219i ini\u021bial nu \u0219i-a recunoscut vina, b\u0103rbatul a fugit \u00een timpul urm\u0103ririi penale \u0219i a fost dat \u00een c\u0103utare. Sentin\u021ba poate fi atacat\u0103 la Curtea de Apel Centru.<\/p>\n<\/div>\n<\/div>\n","protected":false},"excerpt":{"rendered":"<div><img loading=\"lazy\" decoding=\"async\" width=\"696\" height=\"392\" src=\"https:\/\/canal5.md\/wp-content\/uploads\/2025\/02\/987b8581c60d93ec7e0ebafd5696c20a-optimized.jpg\" class=\"attachment-large size-large wp-post-image\" alt=\"\" srcset=\"https:\/\/canal5.md\/wp-content\/uploads\/2025\/02\/987b8581c60d93ec7e0ebafd5696c20a-optimized.jpg 809w, https:\/\/canal5.md\/wp-content\/uploads\/2025\/02\/987b8581c60d93ec7e0ebafd5696c20a-300x169-optimized.jpg 300w, https:\/\/canal5.md\/wp-content\/uploads\/2025\/02\/987b8581c60d93ec7e0ebafd5696c20a-768x433-optimized.jpg 768w, https:\/\/canal5.md\/wp-content\/uploads\/2025\/02\/987b8581c60d93ec7e0ebafd5696c20a-696x392-optimized.jpg 696w\">Un b\u0103rbat de 44 de ani din Leova a fost condamnat la opt ani de \u00eenchisoare pentru violul unei minore de 15 ani. Sentin\u021ba a fost pronun\u021bat\u0103 de Judec\u0103toria H\u00e2nce\u0219ti. Fapta a avut loc \u00een 2021, c\u00e2nd minora se afla \u00een vizit\u0103 la sora sa. Profit\u00e2nd de faptul c\u0103 minora a r\u0103mas singur\u0103, individul a [\u2026]<\/div>\n","protected":false},"author":1,"featured_media":67028,"comment_status":"closed","ping_status":"closed","sticky":false,"template":"","format":"standard","meta":{"jnews-multi-image_gallery":[],"jnews_single_post":[],"jnews_primary_category":[],"jnews_social_meta":[],"jnews_override_counter":[],"footnotes":""},"categories":[30],"tags":[],"class_list":["post-67027","post","type-post","status-publish","format-standard","has-post-thumbnail","hentry","category-social_ro"],"_links":{"self":[{"href":"https:\/\/orheifm.live\/index.php\/wp-json\/wp\/v2\/posts\/67027","targetHints":{"allow":["GET"]}}],"collection":[{"href":"https:\/\/orheifm.live\/index.php\/wp-json\/wp\/v2\/posts"}],"about":[{"href":"https:\/\/orheifm.live\/index.php\/wp-json\/wp\/v2\/types\/post"}],"author":[{"embeddable":true,"href":"https:\/\/orheifm.live\/index.php\/wp-json\/wp\/v2\/users\/1"}],"replies":[{"embeddable":true,"href":"https:\/\/orheifm.live\/index.php\/wp-json\/wp\/v2\/comments?post=67027"}],"version-history":[{"count":0,"href":"https:\/\/orheifm.live\/index.php\/wp-json\/wp\/v2\/posts\/67027\/revisions"}],"wp:featuredmedia":[{"embeddable":true,"href":"https:\/\/orheifm.live\/index.php\/wp-json\/wp\/v2\/media\/67028"}],"wp:attachment":[{"href":"https:\/\/orheifm.live\/index.php\/wp-json\/wp\/v2\/media?parent=67027"}],"wp:term":[{"taxonomy":"category","embeddable":true,"href":"https:\/\/orheifm.live\/index.php\/wp-json\/wp\/v2\/categories?post=67027"},{"taxonomy":"post_tag","embeddable":true,"href":"https:\/\/orheifm.live\/index.php\/wp-json\/wp\/v2\/tags?post=67027"}],"curies":[{"name":"wp","href":"https:\/\/api.w.org\/{rel}","templated":true}]}}